{"id":43543,"date":"2026-02-25T12:50:29","date_gmt":"2026-02-25T11:50:29","guid":{"rendered":"https:\/\/mailcommsgroup.com\/blog\/quem-se-preocupa-com-a-protecao-dos-nossos-dados-entidades-autonomas-nacionais-e-supranacionais\/"},"modified":"2026-02-25T12:55:29","modified_gmt":"2026-02-25T11:55:29","slug":"quem-se-preocupa-com-a-protecao-dos-nossos-dados-entidades-autonomas-nacionais-e-supranacionais","status":"publish","type":"post","link":"https:\/\/mailcommsgroup.com\/pt\/blog\/quem-se-preocupa-com-a-protecao-dos-nossos-dados-entidades-autonomas-nacionais-e-supranacionais\/","title":{"rendered":"Quem garante a prote\u00e7\u00e3o dos nossos dados? Autoridades regionais, nacionais e supranacionais"},"content":{"rendered":"<div class=\"wpb-content-wrapper\"><p>[vc_row type=&#8221;grid&#8221; css=&#8221;.vc_custom_1547557263471{margin-bottom: 0px !important;padding-bottom: 0px !important;}&#8221;][vc_column dp_animation=&#8221;&#8221; el_class=&#8221;El nuevo reglamento europeo obliga a recabar el consentimiento expl\u00edcito para el tratamiento de los datos de car\u00e1cter personal&#8221; font_color=&#8221;#81d742&#8243;][vc_single_image image=&#8221;41925&#8243; img_size=&#8221;full&#8221; css=&#8221;&#8221;][\/vc_column][\/vc_row][vc_row type=&#8221;grid&#8221; css=&#8221;.vc_custom_1679050935288{margin-top: 0px !important;padding-top: 0px !important;}&#8221;][vc_column dp_animation=&#8221;&#8221; css=&#8221;.vc_custom_1547557427896{padding-top: 0px !important;}&#8221;][vc_empty_space height=&#8221;80px&#8221; css=&#8221;.vc_custom_1742553516084{margin-top: -70px !important;}&#8221;][vc_column_text css=&#8221;.vc_custom_1765977526948{padding-top: 50px !important;padding-right: 50px !important;padding-bottom: 50px !important;padding-left: 50px !important;background-color: #F2F2F2 !important;}&#8221; dp_animation=&#8221;&#8221;]<span style=\"font-size: 20px;\"><strong>\u00cdndice  <\/strong><\/span><\/p>\n<ol>\n<li><a href=\"#uno\">A n\u00edvel nacional<\/a><\/li>\n<li><a href=\"#dos\">A n\u00edvel regional<\/a><\/li>\n<li><a href=\"#tres\">A n\u00edvel europeu<\/a><\/li>\n<li><a href=\"#cuatro\">Conclus\u00e3o<\/a><\/li>\n<\/ol>\n<p>[\/vc_column_text][vc_empty_space height=&#8221;110px&#8221; css=&#8221;.vc_custom_1761136903957{margin-top: -100px !important;}&#8221;][vc_column_text css=&#8221;&#8221; dp_animation=&#8221;&#8221;]<strong>Introdu\u00e7\u00e3o:<\/strong><\/p>\n<p><span style=\"font-weight: 400;\">A prote\u00e7\u00e3o <\/span><b>A prote\u00e7\u00e3o dos dados pessoais tornou-se uma prioridade para os cidad\u00e3os e um dos desafios para a<\/b><span style=\"font-weight: 400;\"> e um dos mais importantes <\/span><b>desafios de conformidade para as organiza\u00e7\u00f5es.<\/b><span style=\"font-weight: 400;\">. E, para garantir o cumprimento das disposi\u00e7\u00f5es das diferentes legisla\u00e7\u00f5es sobre o assunto, existem v\u00e1rias institui\u00e7\u00f5es que supervisionam, regulam e sancionam o tratamento indevido de informa\u00e7\u00f5es pessoais.<\/span><\/p>\n<p><span style=\"font-weight: 400;\">Estes organismos asseguram o cumprimento de regulamentos como o <\/span><b>Regulamento Geral sobre a Prote\u00e7\u00e3o de Dados (RGPD) na Europa ou o<\/b><span style=\"font-weight: 400;\"> na Europa ou a <\/span><b>Lei Org\u00e2nica de Prote\u00e7\u00e3o de Dados e Garantia dos Direitos Digitais (LOPDGDD) em Espanha, al\u00e9m de oferecerem orienta\u00e7\u00e3o, resolverem queixas e promoverem uma cultura de respeito pela privacidade.<\/b><span style=\"font-weight: 400;\"> em Espanha, al\u00e9m de oferecer orienta\u00e7\u00e3o, resolver queixas e promover uma cultura de respeito pela privacidade.<\/span><\/p>\n<p><span style=\"font-weight: 400;\">Neste artigo, ficar\u00e1s a conhecer os principais organismos respons\u00e1veis por estas tarefas a n\u00edvel regional, nacional e europeu. Tamb\u00e9m ler\u00e1s sobre as suas principais fun\u00e7\u00f5es, as suas \u00e1reas de a\u00e7\u00e3o e a sua contribui\u00e7\u00e3o para a prote\u00e7\u00e3o dos nossos direitos digitais.   <\/span>[\/vc_column_text][vc_empty_space height=&#8221;120px&#8221; css=&#8221;.vc_custom_1761136906628{margin-top: -100px !important;}&#8221; el_id=&#8221;uno&#8221;][vc_column_text css=&#8221;.vc_custom_1765977423604{padding-top: 15px !important;padding-right: 15px !important;padding-bottom: 15px !important;padding-left: 15px !important;background-color: #47d7ac !important;}&#8221; dp_animation=&#8221;&#8221;]<\/p>\n<h2 style=\"margin-top: 0;\">A n\u00edvel nacional<\/h2>\n<p>[\/vc_column_text][vc_column_text css=&#8221;&#8221; dp_animation=&#8221;&#8221;]<\/p>\n<h3>Ag\u00eancia Espanhola de Prote\u00e7\u00e3o de Dados (AEPD)<\/h3>\n<p>\u00c9 a autoridade nacional independente respons\u00e1vel por garantir o cumprimento das regras de prote\u00e7\u00e3o de dados. As suas fun\u00e7\u00f5es mais relevantes s\u00e3o: <\/p>\n<h3><img loading=\"lazy\" decoding=\"async\" class=\"alignright wp-image-41930 \" src=\"https:\/\/mailcommsgroup.com\/wp-content\/uploads\/2025\/12\/agencia-espanola-proteccion-datos.jpg\" alt=\"Ag\u00eancia Espanhola de Prote\u00e7\u00e3o de Dados\" width=\"372\" height=\"156\" srcset=\"https:\/\/mailcommsgroup.com\/wp-content\/uploads\/2025\/12\/agencia-espanola-proteccion-datos.jpg 405w, https:\/\/mailcommsgroup.com\/wp-content\/uploads\/2025\/12\/agencia-espanola-proteccion-datos-300x126.jpg 300w\" sizes=\"auto, (max-width: 372px) 100vw, 372px\" \/><\/h3>\n<ol>\n<li><strong>Supervisiona a aplica\u00e7\u00e3o do RGPD e da LOPDGDD.<\/strong> Protege <strong>os direitos dos cidad\u00e3os de<\/strong> acesso, retifica\u00e7\u00e3o, limita\u00e7\u00e3o, oposi\u00e7\u00e3o, apagamento (&#8220;direito a ser esquecido&#8221;), portabilidade e oposi\u00e7\u00e3o ao tratamento de decis\u00f5es automatizadas. Prev\u00ea modelos espec\u00edficos para que os indiv\u00edduos possam facilmente exercer os seus direitos perante o respons\u00e1vel pelo tratamento de dados. <\/li>\n<li><strong>Resolu\u00e7\u00e3o das queixas dos cidad\u00e3os.<\/strong> As queixas \u00e0 AEPD ser\u00e3o apresentadas nos casos em que o cidad\u00e3o se tenha dirigido \u00e0 <strong>entidade respons\u00e1vel pelo tratamento e esta n\u00e3o tenha respondido dentro do prazo estabelecido.<\/strong> Tamb\u00e9m nos casos em que tenha havido uma resposta, mas o cidad\u00e3o considere que esta n\u00e3o \u00e9 adequada.<\/li>\n<li><strong>Imposi\u00e7\u00e3o de san\u00e7\u00f5es em caso de infra\u00e7\u00e3o.<\/strong> A AEPD tem poderes para <strong>investigar e sancionar as entidades p\u00fablicas e privadas que n\u00e3o cumpram as regras de prote\u00e7\u00e3o de dados.<\/strong> Estas san\u00e7\u00f5es v\u00e3o desde advert\u00eancias formais a san\u00e7\u00f5es financeiras significativas, que nos casos mais graves podem atingir 20 milh\u00f5es de euros ou 4% do volume de neg\u00f3cios anual global da empresa infrator.<strong> A ag\u00eancia pode atuar oficiosamente ou com base nas queixas<\/strong> que trata, e as suas decis\u00f5es ser\u00e3o tornadas p\u00fablicas para promover a transpar\u00eancia e a exemplaridade.<\/li>\n<li><strong>Promover a sensibiliza\u00e7\u00e3o para a privacidade e a forma\u00e7\u00e3o.<\/strong> A ag\u00eancia desenvolve <strong>campanhas de sensibiliza\u00e7\u00e3o, organiza confer\u00eancias, colabora com centros educativos e publica materiais did\u00e1cticos.<\/strong> E todos os anos, no seu relat\u00f3rio anual, oferece um resumo das ac\u00e7\u00f5es de forma\u00e7\u00e3o realizadas, que inclui guias pr\u00e1ticos, v\u00eddeos explicativos e recursos para menores, professores e profissionais. Tamb\u00e9m promoveu iniciativas como o canal priorit\u00e1rio para denunciar a difus\u00e3o n\u00e3o consentida de conte\u00fados sens\u00edveis na Internet. <\/li>\n<li><strong>Publica\u00e7\u00e3o de guias, recomenda\u00e7\u00f5es, c\u00f3digos de conduta, relat\u00f3rios jur\u00eddicos e recomenda\u00e7\u00f5es.<\/strong> Desta forma, procura <strong>facilitar o cumprimento por parte dos respons\u00e1veis pelo tratamento de dados.<\/strong> Os c\u00f3digos de conduta s\u00e3o mecanismos de autorregula\u00e7\u00e3o setorial que permitem a adapta\u00e7\u00e3o da regulamenta\u00e7\u00e3o a contextos espec\u00edficos (como a sa\u00fade, a educa\u00e7\u00e3o, o marketing, etc.). T\u00eam de ser aprovados pela AEPD e podem ser de \u00e2mbito nacional ou transnacional, podendo o seu cumprimento ser controlado por organismos acreditados. Estes mecanismos ajudam a refor\u00e7ar o princ\u00edpio da responsabilidade pr\u00f3-ativa e a criar confian\u00e7a nos utilizadores.  <\/li>\n<\/ol>\n<p>[\/vc_column_text][vc_empty_space height=&#8221;120px&#8221; css=&#8221;.vc_custom_1765974787920{margin-top: -100px !important;}&#8221; el_id=&#8221;dos&#8221;][vc_column_text css=&#8221;.vc_custom_1765977438045{padding-top: 15px !important;padding-right: 15px !important;padding-bottom: 15px !important;padding-left: 15px !important;background-color: #47D7AC !important;}&#8221; dp_animation=&#8221;&#8221;]<\/p>\n<h2 style=\"margin-top: 0px;\">A n\u00edvel regional<\/h2>\n<p>[\/vc_column_text][vc_column_text css=&#8221;&#8221; dp_animation=&#8221;&#8221;]Existem <strong>tr\u00eas autoridades aut\u00f3nomas de prote\u00e7\u00e3o de dados<\/strong> em Espanha: a Autoridade Basca de Prote\u00e7\u00e3o de Dados, a Autoridade Catal\u00e3 de Prote\u00e7\u00e3o de Dados e o Conselho para a Transpar\u00eancia e Prote\u00e7\u00e3o de Dados da Andaluzia.<\/p>\n<p>No caso de uma queixa ser da compet\u00eancia destas entidades, a AEPD transferi-la-\u00e1 para elas para gest\u00e3o e resolu\u00e7\u00e3o.<\/p>\n<p><img loading=\"lazy\" decoding=\"async\" class=\"alignnone wp-image-41935\" src=\"https:\/\/mailcommsgroup.com\/wp-content\/uploads\/2025\/12\/proteccion-datos-autonomica.jpg\" alt=\"Prote\u00e7\u00e3o de dados Autonomias\" width=\"721\" height=\"95\" srcset=\"https:\/\/mailcommsgroup.com\/wp-content\/uploads\/2025\/12\/proteccion-datos-autonomica.jpg 1205w, https:\/\/mailcommsgroup.com\/wp-content\/uploads\/2025\/12\/proteccion-datos-autonomica-300x40.jpg 300w, https:\/\/mailcommsgroup.com\/wp-content\/uploads\/2025\/12\/proteccion-datos-autonomica-1024x135.jpg 1024w, https:\/\/mailcommsgroup.com\/wp-content\/uploads\/2025\/12\/proteccion-datos-autonomica-768x101.jpg 768w\" sizes=\"auto, (max-width: 721px) 100vw, 721px\" \/>[\/vc_column_text][vc_empty_space height=&#8221;120px&#8221; css=&#8221;.vc_custom_1765974793599{margin-top: -100px !important;}&#8221; el_id=&#8221;tres&#8221;][vc_column_text css=&#8221;.vc_custom_1765977451068{padding-top: 15px !important;padding-right: 15px !important;padding-bottom: 15px !important;padding-left: 15px !important;background-color: #47D7AC !important;}&#8221; dp_animation=&#8221;&#8221;]<\/p>\n<h2 style=\"margin-top: 0px;\">A n\u00edvel europeu<\/h2>\n<p>[\/vc_column_text][vc_column_text css=&#8221;&#8221; dp_animation=&#8221;&#8221;]<strong>Na Europa, existem duas autoridades de prote\u00e7\u00e3o de dados<\/strong>, o Comit\u00e9 Europeu para a Prote\u00e7\u00e3o de Dados e a Autoridade Europeia para a Prote\u00e7\u00e3o de Dados.<\/p>\n<h3>Comit\u00e9 Europeu para a Prote\u00e7\u00e3o de Dados (CEPD)  <img loading=\"lazy\" decoding=\"async\" class=\" wp-image-41939 alignright\" src=\"https:\/\/mailcommsgroup.com\/wp-content\/uploads\/2025\/12\/european-data-protection-board.jpg\" alt=\"Comit\u00e9 Europeu para a Prote\u00e7\u00e3o de Dados\" width=\"303\" height=\"154\" srcset=\"https:\/\/mailcommsgroup.com\/wp-content\/uploads\/2025\/12\/european-data-protection-board.jpg 522w, https:\/\/mailcommsgroup.com\/wp-content\/uploads\/2025\/12\/european-data-protection-board-300x152.jpg 300w\" sizes=\"auto, (max-width: 303px) 100vw, 303px\" \/><\/h3>\n<p>\u00c9 um organismo independente que assegura a aplica\u00e7\u00e3o coerente do RGPD em toda a Uni\u00e3o Europeia, criado em 2018. \u00c9 composto por todas as autoridades nacionais de prote\u00e7\u00e3o de dados dos Estados-Membros e pela <strong>Autoridade Europeia para a Prote\u00e7\u00e3o de Dados (AEPD).<\/strong> <\/p>\n<p>As suas principais fun\u00e7\u00f5es s\u00e3o:<\/p>\n<ol>\n<li><strong>Assegura a coer\u00eancia das pol\u00edticas.<\/strong>  Assegura que o RGPD \u00e9 interpretado e aplicado uniformemente em toda a Uni\u00e3o Europeia. Emite tamb\u00e9m <strong>decis\u00f5es vinculativas<\/strong> em caso de lit\u00edgio entre autoridades nacionais (por exemplo, no \u00e2mbito do tratamento transfronteiri\u00e7o). <\/li>\n<li><strong>Emite orienta\u00e7\u00f5es e recomenda\u00e7\u00f5es<\/strong> para ajudar a interpretar conceitos-chave do RGPD, como o consentimento, o interesse leg\u00edtimo, etc.<\/li>\n<li><strong>Resolve conflitos entre autoridades nacionais<\/strong> sobre decis\u00f5es que afectam v\u00e1rios pa\u00edses (mecanismo de coer\u00eancia e balc\u00e3o \u00fanico).<\/li>\n<li>Aconselha <strong>a Comiss\u00e3o Europeia<\/strong>, emitindo pareceres sobre propostas legislativas, reformas do RGPD e decis\u00f5es de adequa\u00e7\u00e3o. Por exemplo, sobre se um pa\u00eds terceiro oferece um n\u00edvel adequado de prote\u00e7\u00e3o de dados. <\/li>\n<li><strong>Promove a coopera\u00e7\u00e3o<\/strong> e o interc\u00e2mbio de informa\u00e7\u00f5es, experi\u00eancias e melhores pr\u00e1ticas entre as autoridades nacionais.<\/li>\n<\/ol>\n<h3>Autoridade Europeia para a Prote\u00e7\u00e3o de Dados (AEPD)<\/h3>\n<p>A AEPD \u00e9 uma autoridade de controlo independente da Uni\u00e3o Europeia, que iniciou a sua atividade em 2004. O organismo foi criado para <strong>garantir que as institui\u00e7\u00f5es e organismos da UE respeitem o direito fundamental \u00e0 prote\u00e7\u00e3o dos dados pessoais<\/strong> no desempenho das suas fun\u00e7\u00f5es. <\/p>\n<p>Entre outras coisas, participa em:<\/p>\n<h3><img loading=\"lazy\" decoding=\"async\" class=\"wp-image-41942 alignleft\" src=\"https:\/\/mailcommsgroup.com\/wp-content\/uploads\/2025\/12\/european-data-protection-supervisor.jpg\" alt=\"Autoridade Europeia para a Prote\u00e7\u00e3o de Dados\" width=\"340\" height=\"280\" srcset=\"https:\/\/mailcommsgroup.com\/wp-content\/uploads\/2025\/12\/european-data-protection-supervisor.jpg 411w, https:\/\/mailcommsgroup.com\/wp-content\/uploads\/2025\/12\/european-data-protection-supervisor-300x247.jpg 300w\" sizes=\"auto, (max-width: 340px) 100vw, 340px\" \/><\/h3>\n<ol>\n<li>Acompanha <strong>o tratamento de dados pelas institui\u00e7\u00f5es europeias<\/strong> e participa ativamente no desenvolvimento da legisla\u00e7\u00e3o europeia relativa \u00e0 prote\u00e7\u00e3o de dados.<\/li>\n<li><strong>Coopera com outras autoridades de prote\u00e7\u00e3o de dados<\/strong>, nomeadamente no \u00e2mbito do Comit\u00e9 Europeu para a Prote\u00e7\u00e3o de Dados (CEPD), para garantir a coer\u00eancia regulamentar em toda a UE.<\/li>\n<li><strong>Observa a tecnologia.<\/strong>  Avalia o impacto das novas tecnologias (como a intelig\u00eancia artificial, a biometria ou a vigil\u00e2ncia digital) nos direitos fundamentais relacionados com a privacidade dos dados.<\/li>\n<\/ol>\n<p>[\/vc_column_text][vc_empty_space height=&#8221;120px&#8221; css=&#8221;.vc_custom_1765977475827{margin-top: -100px !important;}&#8221; el_id=&#8221;cuatro&#8221;][vc_column_text css=&#8221;.vc_custom_1765977469588{padding-top: 15px !important;padding-right: 15px !important;padding-bottom: 15px !important;padding-left: 15px !important;background-color: #47D7AC !important;}&#8221; dp_animation=&#8221;&#8221;]<\/p>\n<h2 style=\"margin-top: 0px;\">Conclus\u00e3o<\/h2>\n<p>[\/vc_column_text][vc_column_text css=&#8221;&#8221; dp_animation=&#8221;&#8221;]Quer sejam nacionais ou supranacionais, as institui\u00e7\u00f5es de prote\u00e7\u00e3o de dados, como a AEPD, o CEPD e a AEPD, s\u00e3o <strong>fundamentais para garantir que os direitos de privacidade dos cidad\u00e3os sejam respeitados num ambiente digital.<\/strong><\/p>\n<p>O seu trabalho conjunto garante <strong>uma aplica\u00e7\u00e3o coerente<\/strong>, promove a responsabiliza\u00e7\u00e3o na utiliza\u00e7\u00e3o dos dados e protege os cidad\u00e3os contra abusos.<\/p>\n<p>Em \u00faltima an\u00e1lise, s\u00e3o <strong>fundamentais para uma sociedade digital mais segura e transparente<\/strong>.[\/vc_column_text][\/vc_column][\/vc_row]<\/p>\n<\/div>","protected":false},"excerpt":{"rendered":"<p>[vc_row type=&#8221;grid&#8221; css=&#8221;.vc_custom_1547557263471{margin-bottom: 0px !important;padding-bottom: 0px !important;}&#8221;][vc_column dp_animation=&#8221;&#8221; el_class=&#8221;El nuevo reglamento europeo obliga a recabar el consentimiento expl\u00edcito para el tratamiento de los datos de car\u00e1cter personal&#8221; font_color=&#8221;#81d742&#8243;][vc_single_image image=&#8221;41925&#8243; img_size=&#8221;full&#8221; css=&#8221;&#8221;][\/vc_column][\/vc_row][vc_row type=&#8221;grid&#8221; css=&#8221;.vc_custom_1679050935288{margin-top: 0px !important;padding-top: 0px !important;}&#8221;][vc_column dp_animation=&#8221;&#8221; css=&#8221;.vc_custom_1547557427896{padding-top: 0px !important;}&#8221;][vc_empty_space height=&#8221;80px&#8221; css=&#8221;.vc_custom_1742553516084{margin-top: -70px !important;}&#8221;][vc_column_text css=&#8221;.vc_custom_1765977526948{padding-top: 50px !important;padding-right: 50px !important;padding-bottom: 50px !important;padding-left: 50px !important;background-color: #F2F2F2 [&hellip;]<\/p>\n","protected":false},"author":1,"featured_media":41925,"comment_status":"closed","ping_status":"open","sticky":false,"template":"","format":"standard","meta":{"_acf_changed":false,"footnotes":""},"categories":[635],"class_list":["post-43543","post","type-post","status-publish","format-standard","has-post-thumbnail","hentry","category-comunicacoes-fiaveis"],"acf":[],"yoast_head":"<!-- This site is optimized with the Yoast SEO plugin v27.2 - https:\/\/yoast.com\/product\/yoast-seo-wordpress\/ -->\n<title>Quem garante a prote\u00e7\u00e3o dos nossos dados? Autoridades regionais, nacionais e supranacionais - Mailcomms Group<\/title>\n<meta name=\"robots\" content=\"index, follow, max-snippet:-1, max-image-preview:large, max-video-preview:-1\" \/>\n<link rel=\"canonical\" href=\"https:\/\/mailcommsgroup.com\/pt\/blog\/quem-se-preocupa-com-a-protecao-dos-nossos-dados-entidades-autonomas-nacionais-e-supranacionais\/\" \/>\n<meta property=\"og:locale\" content=\"pt_PT\" \/>\n<meta property=\"og:type\" content=\"article\" \/>\n<meta property=\"og:title\" content=\"Quem garante a prote\u00e7\u00e3o dos nossos dados? Autoridades regionais, nacionais e supranacionais - Mailcomms Group\" \/>\n<meta property=\"og:description\" content=\"[vc_row type=&#8221;grid&#8221; css=&#8221;.vc_custom_1547557263471{margin-bottom: 0px !important;padding-bottom: 0px !important;}&#8221;][vc_column dp_animation=&#8221;&#8221; el_class=&#8221;El nuevo reglamento europeo obliga a recabar el consentimiento expl\u00edcito para el tratamiento de los datos de car\u00e1cter personal&#8221; font_color=&#8221;#81d742&#8243;][vc_single_image image=&#8221;41925&#8243; img_size=&#8221;full&#8221; css=&#8221;&#8221;][\/vc_column][\/vc_row][vc_row type=&#8221;grid&#8221; css=&#8221;.vc_custom_1679050935288{margin-top: 0px !important;padding-top: 0px !important;}&#8221;][vc_column dp_animation=&#8221;&#8221; css=&#8221;.vc_custom_1547557427896{padding-top: 0px !important;}&#8221;][vc_empty_space height=&#8221;80px&#8221; css=&#8221;.vc_custom_1742553516084{margin-top: -70px !important;}&#8221;][vc_column_text css=&#8221;.vc_custom_1765977526948{padding-top: 50px !important;padding-right: 50px !important;padding-bottom: 50px !important;padding-left: 50px !important;background-color: #F2F2F2 [&hellip;]\" \/>\n<meta property=\"og:url\" content=\"https:\/\/mailcommsgroup.com\/pt\/blog\/quem-se-preocupa-com-a-protecao-dos-nossos-dados-entidades-autonomas-nacionais-e-supranacionais\/\" \/>\n<meta property=\"og:site_name\" content=\"Mailcomms Group\" \/>\n<meta property=\"article:published_time\" content=\"2026-02-25T11:50:29+00:00\" \/>\n<meta property=\"article:modified_time\" content=\"2026-02-25T11:55:29+00:00\" \/>\n<meta property=\"og:image\" content=\"https:\/\/mailcommsgroup.com\/wp-content\/uploads\/2025\/12\/Quien-vela-por-la-proteccion-de-nuestros-datos.jpg\" \/>\n\t<meta property=\"og:image:width\" content=\"1000\" \/>\n\t<meta property=\"og:image:height\" content=\"667\" \/>\n\t<meta property=\"og:image:type\" content=\"image\/jpeg\" \/>\n<meta name=\"author\" content=\"Mailcomms Group\" \/>\n<meta name=\"twitter:card\" content=\"summary_large_image\" \/>\n<meta name=\"twitter:creator\" content=\"@CommsCustomer\" \/>\n<meta name=\"twitter:site\" content=\"@CommsCustomer\" \/>\n<meta name=\"twitter:label1\" content=\"Escrito por\" \/>\n\t<meta name=\"twitter:data1\" content=\"Mailcomms Group\" \/>\n\t<meta name=\"twitter:label2\" content=\"Tempo estimado de leitura\" \/>\n\t<meta name=\"twitter:data2\" content=\"8 minutos\" \/>\n<script type=\"application\/ld+json\" class=\"yoast-schema-graph\">{\"@context\":\"https:\/\/schema.org\",\"@graph\":[{\"@type\":\"Article\",\"@id\":\"https:\/\/mailcommsgroup.com\/pt\/blog\/quem-se-preocupa-com-a-protecao-dos-nossos-dados-entidades-autonomas-nacionais-e-supranacionais\/#article\",\"isPartOf\":{\"@id\":\"https:\/\/mailcommsgroup.com\/pt\/blog\/quem-se-preocupa-com-a-protecao-dos-nossos-dados-entidades-autonomas-nacionais-e-supranacionais\/\"},\"author\":{\"name\":\"Mailcomms Group\",\"@id\":\"https:\/\/mailcommsgroup.com\/pt\/#\/schema\/person\/c3a3ecfc795ade78319e6b1af9d65684\"},\"headline\":\"Quem garante a prote\u00e7\u00e3o dos nossos dados? Autoridades regionais, nacionais e supranacionais\",\"datePublished\":\"2026-02-25T11:50:29+00:00\",\"dateModified\":\"2026-02-25T11:55:29+00:00\",\"mainEntityOfPage\":{\"@id\":\"https:\/\/mailcommsgroup.com\/pt\/blog\/quem-se-preocupa-com-a-protecao-dos-nossos-dados-entidades-autonomas-nacionais-e-supranacionais\/\"},\"wordCount\":1558,\"publisher\":{\"@id\":\"https:\/\/mailcommsgroup.com\/pt\/#organization\"},\"image\":{\"@id\":\"https:\/\/mailcommsgroup.com\/pt\/blog\/quem-se-preocupa-com-a-protecao-dos-nossos-dados-entidades-autonomas-nacionais-e-supranacionais\/#primaryimage\"},\"thumbnailUrl\":\"https:\/\/mailcommsgroup.com\/wp-content\/uploads\/2025\/12\/Quien-vela-por-la-proteccion-de-nuestros-datos.jpg\",\"articleSection\":[\"Comunica\u00e7\u00f5es fi\u00e1veis\"],\"inLanguage\":\"pt-PT\"},{\"@type\":\"WebPage\",\"@id\":\"https:\/\/mailcommsgroup.com\/pt\/blog\/quem-se-preocupa-com-a-protecao-dos-nossos-dados-entidades-autonomas-nacionais-e-supranacionais\/\",\"url\":\"https:\/\/mailcommsgroup.com\/pt\/blog\/quem-se-preocupa-com-a-protecao-dos-nossos-dados-entidades-autonomas-nacionais-e-supranacionais\/\",\"name\":\"Quem garante a prote\u00e7\u00e3o dos nossos dados? Autoridades regionais, nacionais e supranacionais - Mailcomms Group\",\"isPartOf\":{\"@id\":\"https:\/\/mailcommsgroup.com\/pt\/#website\"},\"primaryImageOfPage\":{\"@id\":\"https:\/\/mailcommsgroup.com\/pt\/blog\/quem-se-preocupa-com-a-protecao-dos-nossos-dados-entidades-autonomas-nacionais-e-supranacionais\/#primaryimage\"},\"image\":{\"@id\":\"https:\/\/mailcommsgroup.com\/pt\/blog\/quem-se-preocupa-com-a-protecao-dos-nossos-dados-entidades-autonomas-nacionais-e-supranacionais\/#primaryimage\"},\"thumbnailUrl\":\"https:\/\/mailcommsgroup.com\/wp-content\/uploads\/2025\/12\/Quien-vela-por-la-proteccion-de-nuestros-datos.jpg\",\"datePublished\":\"2026-02-25T11:50:29+00:00\",\"dateModified\":\"2026-02-25T11:55:29+00:00\",\"breadcrumb\":{\"@id\":\"https:\/\/mailcommsgroup.com\/pt\/blog\/quem-se-preocupa-com-a-protecao-dos-nossos-dados-entidades-autonomas-nacionais-e-supranacionais\/#breadcrumb\"},\"inLanguage\":\"pt-PT\",\"potentialAction\":[{\"@type\":\"ReadAction\",\"target\":[\"https:\/\/mailcommsgroup.com\/pt\/blog\/quem-se-preocupa-com-a-protecao-dos-nossos-dados-entidades-autonomas-nacionais-e-supranacionais\/\"]}]},{\"@type\":\"ImageObject\",\"inLanguage\":\"pt-PT\",\"@id\":\"https:\/\/mailcommsgroup.com\/pt\/blog\/quem-se-preocupa-com-a-protecao-dos-nossos-dados-entidades-autonomas-nacionais-e-supranacionais\/#primaryimage\",\"url\":\"https:\/\/mailcommsgroup.com\/wp-content\/uploads\/2025\/12\/Quien-vela-por-la-proteccion-de-nuestros-datos.jpg\",\"contentUrl\":\"https:\/\/mailcommsgroup.com\/wp-content\/uploads\/2025\/12\/Quien-vela-por-la-proteccion-de-nuestros-datos.jpg\",\"width\":1000,\"height\":667,\"caption\":\"\u00bfQui\u00e9n vela por la protecci\u00f3n de nuestros datos? Entidades auton\u00f3micas, nacionales y supranacionales\"},{\"@type\":\"BreadcrumbList\",\"@id\":\"https:\/\/mailcommsgroup.com\/pt\/blog\/quem-se-preocupa-com-a-protecao-dos-nossos-dados-entidades-autonomas-nacionais-e-supranacionais\/#breadcrumb\",\"itemListElement\":[{\"@type\":\"ListItem\",\"position\":1,\"name\":\"Mailcomms Group\",\"item\":\"https:\/\/mailcommsgroup.com\/pt\/\"},{\"@type\":\"ListItem\",\"position\":2,\"name\":\"Blogue\",\"item\":\"https:\/\/mailcommsgroup.com\/pt\/blog\/\"},{\"@type\":\"ListItem\",\"position\":3,\"name\":\"Quem garante a prote\u00e7\u00e3o dos nossos dados? Autoridades regionais, nacionais e supranacionais\"}]},{\"@type\":\"WebSite\",\"@id\":\"https:\/\/mailcommsgroup.com\/pt\/#website\",\"url\":\"https:\/\/mailcommsgroup.com\/pt\/\",\"name\":\"MailComms Group\",\"description\":\"La transformaci\u00f3n digital a trav\u00e9s de la comunicaci\u00f3n omnicanal, con plena validez legal.\",\"publisher\":{\"@id\":\"https:\/\/mailcommsgroup.com\/pt\/#organization\"},\"alternateName\":\"MailComms Group\",\"potentialAction\":[{\"@type\":\"SearchAction\",\"target\":{\"@type\":\"EntryPoint\",\"urlTemplate\":\"https:\/\/mailcommsgroup.com\/pt\/?s={search_term_string}\"},\"query-input\":{\"@type\":\"PropertyValueSpecification\",\"valueRequired\":true,\"valueName\":\"search_term_string\"}}],\"inLanguage\":\"pt-PT\"},{\"@type\":\"Organization\",\"@id\":\"https:\/\/mailcommsgroup.com\/pt\/#organization\",\"name\":\"MailComms Group - Soluciones de comunicaci\u00f3n omnicanal con validez legal.\",\"alternateName\":\"MailComms Group\",\"url\":\"https:\/\/mailcommsgroup.com\/pt\/\",\"logo\":{\"@type\":\"ImageObject\",\"inLanguage\":\"pt-PT\",\"@id\":\"https:\/\/mailcommsgroup.com\/pt\/#\/schema\/logo\/image\/\",\"url\":\"https:\/\/mailcommsgroup.com\/wp-content\/uploads\/2023\/05\/icon_mini_mailcommsgroup.png\",\"contentUrl\":\"https:\/\/mailcommsgroup.com\/wp-content\/uploads\/2023\/05\/icon_mini_mailcommsgroup.png\",\"width\":512,\"height\":512,\"caption\":\"MailComms Group - Soluciones de comunicaci\u00f3n omnicanal con validez legal.\"},\"image\":{\"@id\":\"https:\/\/mailcommsgroup.com\/pt\/#\/schema\/logo\/image\/\"},\"sameAs\":[\"https:\/\/x.com\/CommsCustomer\",\"https:\/\/www.linkedin.com\/company\/customercomms\/\",\"https:\/\/www.youtube.com\/channel\/UCtvYLee1QHy89JS2-gMgnTQ\"]},{\"@type\":\"Person\",\"@id\":\"https:\/\/mailcommsgroup.com\/pt\/#\/schema\/person\/c3a3ecfc795ade78319e6b1af9d65684\",\"name\":\"Mailcomms Group\",\"image\":{\"@type\":\"ImageObject\",\"inLanguage\":\"pt-PT\",\"@id\":\"https:\/\/secure.gravatar.com\/avatar\/f4012bdfd3c1190166ba510602a508ab2a504cafc93cf37f0c8cbdc54e85846a?s=96&d=mm&r=g\",\"url\":\"https:\/\/secure.gravatar.com\/avatar\/f4012bdfd3c1190166ba510602a508ab2a504cafc93cf37f0c8cbdc54e85846a?s=96&d=mm&r=g\",\"contentUrl\":\"https:\/\/secure.gravatar.com\/avatar\/f4012bdfd3c1190166ba510602a508ab2a504cafc93cf37f0c8cbdc54e85846a?s=96&d=mm&r=g\",\"caption\":\"Mailcomms Group\"},\"sameAs\":[\"https:\/\/mailcommsgroup.com\"],\"url\":\"https:\/\/mailcommsgroup.com\/pt\/blog\/author\/ntrwrks_ccmms\/\"}]}<\/script>\n<!-- \/ Yoast SEO plugin. -->","yoast_head_json":{"title":"Quem garante a prote\u00e7\u00e3o dos nossos dados? Autoridades regionais, nacionais e supranacionais - Mailcomms Group","robots":{"index":"index","follow":"follow","max-snippet":"max-snippet:-1","max-image-preview":"max-image-preview:large","max-video-preview":"max-video-preview:-1"},"canonical":"https:\/\/mailcommsgroup.com\/pt\/blog\/quem-se-preocupa-com-a-protecao-dos-nossos-dados-entidades-autonomas-nacionais-e-supranacionais\/","og_locale":"pt_PT","og_type":"article","og_title":"Quem garante a prote\u00e7\u00e3o dos nossos dados? Autoridades regionais, nacionais e supranacionais - Mailcomms Group","og_description":"[vc_row type=&#8221;grid&#8221; css=&#8221;.vc_custom_1547557263471{margin-bottom: 0px !important;padding-bottom: 0px !important;}&#8221;][vc_column dp_animation=&#8221;&#8221; el_class=&#8221;El nuevo reglamento europeo obliga a recabar el consentimiento expl\u00edcito para el tratamiento de los datos de car\u00e1cter personal&#8221; font_color=&#8221;#81d742&#8243;][vc_single_image image=&#8221;41925&#8243; img_size=&#8221;full&#8221; css=&#8221;&#8221;][\/vc_column][\/vc_row][vc_row type=&#8221;grid&#8221; css=&#8221;.vc_custom_1679050935288{margin-top: 0px !important;padding-top: 0px !important;}&#8221;][vc_column dp_animation=&#8221;&#8221; css=&#8221;.vc_custom_1547557427896{padding-top: 0px !important;}&#8221;][vc_empty_space height=&#8221;80px&#8221; css=&#8221;.vc_custom_1742553516084{margin-top: -70px !important;}&#8221;][vc_column_text css=&#8221;.vc_custom_1765977526948{padding-top: 50px !important;padding-right: 50px !important;padding-bottom: 50px !important;padding-left: 50px !important;background-color: #F2F2F2 [&hellip;]","og_url":"https:\/\/mailcommsgroup.com\/pt\/blog\/quem-se-preocupa-com-a-protecao-dos-nossos-dados-entidades-autonomas-nacionais-e-supranacionais\/","og_site_name":"Mailcomms Group","article_published_time":"2026-02-25T11:50:29+00:00","article_modified_time":"2026-02-25T11:55:29+00:00","og_image":[{"width":1000,"height":667,"url":"https:\/\/mailcommsgroup.com\/wp-content\/uploads\/2025\/12\/Quien-vela-por-la-proteccion-de-nuestros-datos.jpg","type":"image\/jpeg"}],"author":"Mailcomms Group","twitter_card":"summary_large_image","twitter_creator":"@CommsCustomer","twitter_site":"@CommsCustomer","twitter_misc":{"Escrito por":"Mailcomms Group","Tempo estimado de leitura":"8 minutos"},"schema":{"@context":"https:\/\/schema.org","@graph":[{"@type":"Article","@id":"https:\/\/mailcommsgroup.com\/pt\/blog\/quem-se-preocupa-com-a-protecao-dos-nossos-dados-entidades-autonomas-nacionais-e-supranacionais\/#article","isPartOf":{"@id":"https:\/\/mailcommsgroup.com\/pt\/blog\/quem-se-preocupa-com-a-protecao-dos-nossos-dados-entidades-autonomas-nacionais-e-supranacionais\/"},"author":{"name":"Mailcomms Group","@id":"https:\/\/mailcommsgroup.com\/pt\/#\/schema\/person\/c3a3ecfc795ade78319e6b1af9d65684"},"headline":"Quem garante a prote\u00e7\u00e3o dos nossos dados? Autoridades regionais, nacionais e supranacionais","datePublished":"2026-02-25T11:50:29+00:00","dateModified":"2026-02-25T11:55:29+00:00","mainEntityOfPage":{"@id":"https:\/\/mailcommsgroup.com\/pt\/blog\/quem-se-preocupa-com-a-protecao-dos-nossos-dados-entidades-autonomas-nacionais-e-supranacionais\/"},"wordCount":1558,"publisher":{"@id":"https:\/\/mailcommsgroup.com\/pt\/#organization"},"image":{"@id":"https:\/\/mailcommsgroup.com\/pt\/blog\/quem-se-preocupa-com-a-protecao-dos-nossos-dados-entidades-autonomas-nacionais-e-supranacionais\/#primaryimage"},"thumbnailUrl":"https:\/\/mailcommsgroup.com\/wp-content\/uploads\/2025\/12\/Quien-vela-por-la-proteccion-de-nuestros-datos.jpg","articleSection":["Comunica\u00e7\u00f5es fi\u00e1veis"],"inLanguage":"pt-PT"},{"@type":"WebPage","@id":"https:\/\/mailcommsgroup.com\/pt\/blog\/quem-se-preocupa-com-a-protecao-dos-nossos-dados-entidades-autonomas-nacionais-e-supranacionais\/","url":"https:\/\/mailcommsgroup.com\/pt\/blog\/quem-se-preocupa-com-a-protecao-dos-nossos-dados-entidades-autonomas-nacionais-e-supranacionais\/","name":"Quem garante a prote\u00e7\u00e3o dos nossos dados? Autoridades regionais, nacionais e supranacionais - Mailcomms Group","isPartOf":{"@id":"https:\/\/mailcommsgroup.com\/pt\/#website"},"primaryImageOfPage":{"@id":"https:\/\/mailcommsgroup.com\/pt\/blog\/quem-se-preocupa-com-a-protecao-dos-nossos-dados-entidades-autonomas-nacionais-e-supranacionais\/#primaryimage"},"image":{"@id":"https:\/\/mailcommsgroup.com\/pt\/blog\/quem-se-preocupa-com-a-protecao-dos-nossos-dados-entidades-autonomas-nacionais-e-supranacionais\/#primaryimage"},"thumbnailUrl":"https:\/\/mailcommsgroup.com\/wp-content\/uploads\/2025\/12\/Quien-vela-por-la-proteccion-de-nuestros-datos.jpg","datePublished":"2026-02-25T11:50:29+00:00","dateModified":"2026-02-25T11:55:29+00:00","breadcrumb":{"@id":"https:\/\/mailcommsgroup.com\/pt\/blog\/quem-se-preocupa-com-a-protecao-dos-nossos-dados-entidades-autonomas-nacionais-e-supranacionais\/#breadcrumb"},"inLanguage":"pt-PT","potentialAction":[{"@type":"ReadAction","target":["https:\/\/mailcommsgroup.com\/pt\/blog\/quem-se-preocupa-com-a-protecao-dos-nossos-dados-entidades-autonomas-nacionais-e-supranacionais\/"]}]},{"@type":"ImageObject","inLanguage":"pt-PT","@id":"https:\/\/mailcommsgroup.com\/pt\/blog\/quem-se-preocupa-com-a-protecao-dos-nossos-dados-entidades-autonomas-nacionais-e-supranacionais\/#primaryimage","url":"https:\/\/mailcommsgroup.com\/wp-content\/uploads\/2025\/12\/Quien-vela-por-la-proteccion-de-nuestros-datos.jpg","contentUrl":"https:\/\/mailcommsgroup.com\/wp-content\/uploads\/2025\/12\/Quien-vela-por-la-proteccion-de-nuestros-datos.jpg","width":1000,"height":667,"caption":"\u00bfQui\u00e9n vela por la protecci\u00f3n de nuestros datos? Entidades auton\u00f3micas, nacionales y supranacionales"},{"@type":"BreadcrumbList","@id":"https:\/\/mailcommsgroup.com\/pt\/blog\/quem-se-preocupa-com-a-protecao-dos-nossos-dados-entidades-autonomas-nacionais-e-supranacionais\/#breadcrumb","itemListElement":[{"@type":"ListItem","position":1,"name":"Mailcomms Group","item":"https:\/\/mailcommsgroup.com\/pt\/"},{"@type":"ListItem","position":2,"name":"Blogue","item":"https:\/\/mailcommsgroup.com\/pt\/blog\/"},{"@type":"ListItem","position":3,"name":"Quem garante a prote\u00e7\u00e3o dos nossos dados? Autoridades regionais, nacionais e supranacionais"}]},{"@type":"WebSite","@id":"https:\/\/mailcommsgroup.com\/pt\/#website","url":"https:\/\/mailcommsgroup.com\/pt\/","name":"MailComms Group","description":"La transformaci\u00f3n digital a trav\u00e9s de la comunicaci\u00f3n omnicanal, con plena validez legal.","publisher":{"@id":"https:\/\/mailcommsgroup.com\/pt\/#organization"},"alternateName":"MailComms Group","potentialAction":[{"@type":"SearchAction","target":{"@type":"EntryPoint","urlTemplate":"https:\/\/mailcommsgroup.com\/pt\/?s={search_term_string}"},"query-input":{"@type":"PropertyValueSpecification","valueRequired":true,"valueName":"search_term_string"}}],"inLanguage":"pt-PT"},{"@type":"Organization","@id":"https:\/\/mailcommsgroup.com\/pt\/#organization","name":"MailComms Group - Soluciones de comunicaci\u00f3n omnicanal con validez legal.","alternateName":"MailComms Group","url":"https:\/\/mailcommsgroup.com\/pt\/","logo":{"@type":"ImageObject","inLanguage":"pt-PT","@id":"https:\/\/mailcommsgroup.com\/pt\/#\/schema\/logo\/image\/","url":"https:\/\/mailcommsgroup.com\/wp-content\/uploads\/2023\/05\/icon_mini_mailcommsgroup.png","contentUrl":"https:\/\/mailcommsgroup.com\/wp-content\/uploads\/2023\/05\/icon_mini_mailcommsgroup.png","width":512,"height":512,"caption":"MailComms Group - Soluciones de comunicaci\u00f3n omnicanal con validez legal."},"image":{"@id":"https:\/\/mailcommsgroup.com\/pt\/#\/schema\/logo\/image\/"},"sameAs":["https:\/\/x.com\/CommsCustomer","https:\/\/www.linkedin.com\/company\/customercomms\/","https:\/\/www.youtube.com\/channel\/UCtvYLee1QHy89JS2-gMgnTQ"]},{"@type":"Person","@id":"https:\/\/mailcommsgroup.com\/pt\/#\/schema\/person\/c3a3ecfc795ade78319e6b1af9d65684","name":"Mailcomms Group","image":{"@type":"ImageObject","inLanguage":"pt-PT","@id":"https:\/\/secure.gravatar.com\/avatar\/f4012bdfd3c1190166ba510602a508ab2a504cafc93cf37f0c8cbdc54e85846a?s=96&d=mm&r=g","url":"https:\/\/secure.gravatar.com\/avatar\/f4012bdfd3c1190166ba510602a508ab2a504cafc93cf37f0c8cbdc54e85846a?s=96&d=mm&r=g","contentUrl":"https:\/\/secure.gravatar.com\/avatar\/f4012bdfd3c1190166ba510602a508ab2a504cafc93cf37f0c8cbdc54e85846a?s=96&d=mm&r=g","caption":"Mailcomms Group"},"sameAs":["https:\/\/mailcommsgroup.com"],"url":"https:\/\/mailcommsgroup.com\/pt\/blog\/author\/ntrwrks_ccmms\/"}]}},"_links":{"self":[{"href":"https:\/\/mailcommsgroup.com\/pt\/wp-json\/wp\/v2\/posts\/43543","targetHints":{"allow":["GET"]}}],"collection":[{"href":"https:\/\/mailcommsgroup.com\/pt\/wp-json\/wp\/v2\/posts"}],"about":[{"href":"https:\/\/mailcommsgroup.com\/pt\/wp-json\/wp\/v2\/types\/post"}],"author":[{"embeddable":true,"href":"https:\/\/mailcommsgroup.com\/pt\/wp-json\/wp\/v2\/users\/1"}],"replies":[{"embeddable":true,"href":"https:\/\/mailcommsgroup.com\/pt\/wp-json\/wp\/v2\/comments?post=43543"}],"version-history":[{"count":3,"href":"https:\/\/mailcommsgroup.com\/pt\/wp-json\/wp\/v2\/posts\/43543\/revisions"}],"predecessor-version":[{"id":43546,"href":"https:\/\/mailcommsgroup.com\/pt\/wp-json\/wp\/v2\/posts\/43543\/revisions\/43546"}],"wp:featuredmedia":[{"embeddable":true,"href":"https:\/\/mailcommsgroup.com\/pt\/wp-json\/wp\/v2\/media\/41925"}],"wp:attachment":[{"href":"https:\/\/mailcommsgroup.com\/pt\/wp-json\/wp\/v2\/media?parent=43543"}],"wp:term":[{"taxonomy":"category","embeddable":true,"href":"https:\/\/mailcommsgroup.com\/pt\/wp-json\/wp\/v2\/categories?post=43543"}],"curies":[{"name":"wp","href":"https:\/\/api.w.org\/{rel}","templated":true}]}}