{"id":42609,"date":"2026-01-20T11:05:26","date_gmt":"2026-01-20T10:05:26","guid":{"rendered":"https:\/\/mailcommsgroup.com\/?p=42609"},"modified":"2026-02-03T13:22:18","modified_gmt":"2026-02-03T12:22:18","slug":"reforcamos-o-nosso-compromisso-com-a-confianca-digital-gracas-a-corporacao-de-andres-angel-posada","status":"publish","type":"post","link":"https:\/\/mailcommsgroup.com\/pt\/blog\/reforcamos-o-nosso-compromisso-com-a-confianca-digital-gracas-a-corporacao-de-andres-angel-posada\/","title":{"rendered":"Refor\u00e7amos o nosso compromisso com a confian\u00e7a digital atrav\u00e9s da contrata\u00e7\u00e3o de Andr\u00e9s \u00c1ngel Posada"},"content":{"rendered":"<div class=\"wpb-content-wrapper\"><p>[vc_row type=&#8221;grid&#8221;][vc_column dp_animation=&#8221;&#8221;][vc_single_image image=&#8221;42620&#8243; img_size=&#8221;full&#8221; alignment=&#8221;right&#8221; css=&#8221;&#8221; dp_animation=&#8221;&#8221; alt=&#8221;Marian Garc\u00eda Benito &#8211; Marketing Product Manager&#8221;][vc_empty_space height=&#8221;80px&#8221; css=&#8221;.vc_custom_1770121220297{margin-top: -70px !important;}&#8221;][vc_column_text css=&#8221;.vc_custom_1770121196379{padding-top: 50px !important;padding-right: 50px !important;padding-bottom: 50px !important;padding-left: 50px !important;background-color: #F2F2F2 !important;}&#8221; dp_animation=&#8221;&#8221;]<span style=\"font-size: 20px;\"><strong>\u00cdndice  <\/strong><\/span><\/p>\n<ol>\n<li><a href=\"#uno\">Carreira profissional<\/a><\/li>\n<li><a href=\"#dos\">Forma\u00e7\u00e3o<\/a><\/li>\n<\/ol>\n<p>[\/vc_column_text][vc_empty_space height=&#8221;110px&#8221; css=&#8221;.vc_custom_1770121240169{margin-top: -100px !important;}&#8221;][vc_column_text css=&#8221;&#8221; dp_animation=&#8221;&#8221;]A equipa da MailComms est\u00e1 a crescer! Hoje apresentamos no nosso blog <strong>Andr\u00e9s \u00c1ngel Posada,<\/strong> que se junta \u00e0 nossa empresa para desempenhar o papel de <strong>Consultor S\u00e9nior de Tecnologia Legal e Regulamentar.<\/strong> <\/p>\n<p>No seu cargo, Andr\u00e9s dar\u00e1 <strong>apoio transversal \u00e0s \u00e1reas de Opera\u00e7\u00f5es, Comercial, DPO e CISO<\/strong> para contribuir para a correta integra\u00e7\u00e3o dos requisitos regulamentares e de seguran\u00e7a nos servi\u00e7os da empresa. Tamb\u00e9m promover\u00e1 o alinhamento das solu\u00e7\u00f5es do grupo com os marcos regulat\u00f3rios relevantes, como <strong>eIDAS2, RGPD, DORA, RIA e NIS2<\/strong>, a fim de refor\u00e7ar o seu valor legal e probat\u00f3rio. <\/p>\n<p>Com a sua incorpora\u00e7\u00e3o, o grupo <strong>refor\u00e7a o seu compromisso com a confian\u00e7a digital<\/strong> assente em pilares como o rigor regulamentar, a excel\u00eancia operacional e a colabora\u00e7\u00e3o efectiva entre \u00e1reas. Todos eles, em conjunto, proporcionam vantagens competitivas valiosas e sustent\u00e1veis no mercado.[\/vc_column_text][vc_empty_space height=&#8221;110px&#8221; css=&#8221;.vc_custom_1770121270936{margin-top: -100px !important;}&#8221; el_id=&#8221;uno&#8221;][vc_column_text css=&#8221;.vc_custom_1768814849099{padding-top: 15px !important;padding-right: 15px !important;padding-bottom: 15px !important;padding-left: 15px !important;background-color: #47D7AC !important;}&#8221; dp_animation=&#8221;&#8221;]<\/p>\n<h2 style=\"margin-top: 0;\"><span style=\"color: #000000;\">Carreira profissional<\/span><\/h2>\n<p>[\/vc_column_text][vc_column_text css=&#8221;&#8221; dp_animation=&#8221;&#8221;]Andr\u00e9s desenvolveu a sua carreira profissional em cargos relacionados com a regulamenta\u00e7\u00e3o tecnol\u00f3gica, a prote\u00e7\u00e3o de dados e a ciberseguran\u00e7a em organiza\u00e7\u00f5es europeias e latino-americanas.<\/p>\n<p>Antes desta nova etapa, fez parte da equipa <strong>da ECIX Tech<\/strong> como consultor s\u00e9nior em privacidade, ciberseguran\u00e7a e intelig\u00eancia artificial. Neste contexto, colaborou com grandes grupos empresariais do IBEX 35 na conce\u00e7\u00e3o e implementa\u00e7\u00e3o de modelos de conformidade regulamentar, avalia\u00e7\u00f5es de impacto, quadros de governa\u00e7\u00e3o e alinhamento com regulamentos europeus como o RGPD, o Regulamento de Intelig\u00eancia Artificial (RIA), o NIS2 e normas de seguran\u00e7a internacionais. <\/p>\n<p>Trabalhou tamb\u00e9m com empresas de diferentes dimens\u00f5es e em sectores altamente regulamentados, como os <strong><em>servi\u00e7os p\u00fablicos<\/em>, as infra-estruturas cr\u00edticas e os servi\u00e7os financeiros,<\/strong> entre outros, para prestar aconselhamento especializado em mat\u00e9ria de conformidade, gest\u00e3o de riscos, governa\u00e7\u00e3o da informa\u00e7\u00e3o e transforma\u00e7\u00e3o digital.<\/p>\n<p>Andr\u00e9s \u00e9 tamb\u00e9m <strong>copresidente da sec\u00e7\u00e3o de Madrid da Associa\u00e7\u00e3o Internacional de Profissionais de Privacidade (IAPP),<\/strong> onde participa ativamente em iniciativas de divulga\u00e7\u00e3o, debate regulamentar e melhores pr\u00e1ticas em mat\u00e9ria de privacidade, ciberseguran\u00e7a e governa\u00e7\u00e3o digital.[\/vc_column_text][vc_empty_space height=&#8221;110px&#8221; css=&#8221;.vc_custom_1770121274480{margin-top: -100px !important;}&#8221; el_id=&#8221;dos&#8221;][vc_column_text css=&#8221;.vc_custom_1768814949004{padding-top: 15px !important;padding-right: 15px !important;padding-bottom: 15px !important;padding-left: 15px !important;background-color: #47D7AC !important;}&#8221; dp_animation=&#8221;&#8221;]<\/p>\n<h2 style=\"margin-top: 0;\"><span style=\"color: #000000;\">Forma\u00e7\u00e3o<\/span><\/h2>\n<p>[\/vc_column_text][vc_column_text css=&#8221;&#8221; dp_animation=&#8221;&#8221;]Andr\u00e9s \u00c1ngel Posada tem uma experi\u00eancia altamente especializada em regula\u00e7\u00e3o, tecnologia e ciberseguran\u00e7a. <strong>\u00c9 licenciado em Direito e concluiu dois mestrados em Espanha: Direito das Telecomunica\u00e7\u00f5es e Tecnologias da Informa\u00e7\u00e3o <\/strong>na Universidade Carlos III de Madrid e <strong>Ciberseguran\u00e7a<\/strong> na Universidade Pontif\u00edcia Comillas (Madrid). Nos \u00faltimos anos, tamb\u00e9m complementou a sua forma\u00e7\u00e3o com certifica\u00e7\u00f5es internacionais do IAPP (FIP, CIPP\/E, CIPM e CIPT) e da ISACA (CSX\/F), e com forma\u00e7\u00e3o avan\u00e7ada em normas ISO relacionadas com a seguran\u00e7a da informa\u00e7\u00e3o. <\/p>\n<p>Damos-te as boas-vindas, Andr\u00e9s, e desejamos-te o maior sucesso na etapa profissional que agora inicias connosco.[\/vc_column_text][\/vc_column][\/vc_row]<\/p>\n<\/div>","protected":false},"excerpt":{"rendered":"<p>Como novo Consultor S\u00e9nior de Tecnologia Jur\u00eddica e Regulamentar, Andr\u00e9s ser\u00e1 fundamental na integra\u00e7\u00e3o dos requisitos regulamentares e de seguran\u00e7a nos servi\u00e7os e solu\u00e7\u00f5es da empresa.<\/p>\n","protected":false},"author":1,"featured_media":42620,"comment_status":"closed","ping_status":"closed","sticky":false,"template":"","format":"standard","meta":{"_acf_changed":false,"footnotes":""},"categories":[499],"class_list":["post-42609","post","type-post","status-publish","format-standard","has-post-thumbnail","hentry","category-noticias-da-empresa"],"acf":[],"yoast_head":"<!-- This site is optimized with the Yoast SEO plugin v27.2 - https:\/\/yoast.com\/product\/yoast-seo-wordpress\/ -->\n<title>Andr\u00e9s \u00c1ngel Posada junta-se \u00e0 nossa equipa<\/title>\n<meta name=\"description\" content=\"O Grupo MailComms refor\u00e7a a sua aposta na confian\u00e7a digital com a contrata\u00e7\u00e3o de Andr\u00e9s \u00c1ngel Posada.\" \/>\n<meta name=\"robots\" content=\"index, follow, max-snippet:-1, max-image-preview:large, max-video-preview:-1\" \/>\n<link rel=\"canonical\" href=\"https:\/\/mailcommsgroup.com\/pt\/blog\/reforcamos-o-nosso-compromisso-com-a-confianca-digital-gracas-a-corporacao-de-andres-angel-posada\/\" \/>\n<meta property=\"og:locale\" content=\"pt_PT\" \/>\n<meta property=\"og:type\" content=\"article\" \/>\n<meta property=\"og:title\" content=\"Andr\u00e9s \u00c1ngel Posada junta-se \u00e0 nossa equipa\" \/>\n<meta property=\"og:description\" content=\"O Grupo MailComms refor\u00e7a a sua aposta na confian\u00e7a digital com a contrata\u00e7\u00e3o de Andr\u00e9s \u00c1ngel Posada.\" \/>\n<meta property=\"og:url\" content=\"https:\/\/mailcommsgroup.com\/pt\/blog\/reforcamos-o-nosso-compromisso-com-a-confianca-digital-gracas-a-corporacao-de-andres-angel-posada\/\" \/>\n<meta property=\"og:site_name\" content=\"Mailcomms Group\" \/>\n<meta property=\"article:published_time\" content=\"2026-01-20T10:05:26+00:00\" \/>\n<meta property=\"article:modified_time\" content=\"2026-02-03T12:22:18+00:00\" \/>\n<meta property=\"og:image\" content=\"https:\/\/mailcommsgroup.com\/wp-content\/uploads\/2025\/02\/incorporacion-duarte-conceicao-1.webp\" \/>\n\t<meta property=\"og:image:width\" content=\"900\" \/>\n\t<meta property=\"og:image:height\" content=\"628\" \/>\n\t<meta property=\"og:image:type\" content=\"image\/webp\" \/>\n<meta name=\"author\" content=\"Mailcomms Group\" \/>\n<meta name=\"twitter:card\" content=\"summary_large_image\" \/>\n<meta name=\"twitter:title\" content=\"11\" \/>\n<meta name=\"twitter:image\" content=\"https:\/\/mailcommsgroup.com\/wp-content\/uploads\/2025\/02\/incorporacion-duarte-conceicao-1.webp\" \/>\n<meta name=\"twitter:creator\" content=\"@CommsCustomer\" \/>\n<meta name=\"twitter:site\" content=\"@CommsCustomer\" \/>\n<meta name=\"twitter:label1\" content=\"Escrito por\" \/>\n\t<meta name=\"twitter:data1\" content=\"Mailcomms Group\" \/>\n\t<meta name=\"twitter:label2\" content=\"Tempo estimado de leitura\" \/>\n\t<meta name=\"twitter:data2\" content=\"3 minutos\" \/>\n<script type=\"application\/ld+json\" class=\"yoast-schema-graph\">{\"@context\":\"https:\/\/schema.org\",\"@graph\":[{\"@type\":\"Article\",\"@id\":\"https:\/\/mailcommsgroup.com\/pt\/blog\/reforcamos-o-nosso-compromisso-com-a-confianca-digital-gracas-a-corporacao-de-andres-angel-posada\/#article\",\"isPartOf\":{\"@id\":\"https:\/\/mailcommsgroup.com\/pt\/blog\/reforcamos-o-nosso-compromisso-com-a-confianca-digital-gracas-a-corporacao-de-andres-angel-posada\/\"},\"author\":{\"name\":\"Mailcomms Group\",\"@id\":\"https:\/\/mailcommsgroup.com\/pt\/#\/schema\/person\/c3a3ecfc795ade78319e6b1af9d65684\"},\"headline\":\"Refor\u00e7amos o nosso compromisso com a confian\u00e7a digital atrav\u00e9s da contrata\u00e7\u00e3o de Andr\u00e9s \u00c1ngel Posada\",\"datePublished\":\"2026-01-20T10:05:26+00:00\",\"dateModified\":\"2026-02-03T12:22:18+00:00\",\"mainEntityOfPage\":{\"@id\":\"https:\/\/mailcommsgroup.com\/pt\/blog\/reforcamos-o-nosso-compromisso-com-a-confianca-digital-gracas-a-corporacao-de-andres-angel-posada\/\"},\"wordCount\":691,\"publisher\":{\"@id\":\"https:\/\/mailcommsgroup.com\/pt\/#organization\"},\"image\":{\"@id\":\"https:\/\/mailcommsgroup.com\/pt\/blog\/reforcamos-o-nosso-compromisso-com-a-confianca-digital-gracas-a-corporacao-de-andres-angel-posada\/#primaryimage\"},\"thumbnailUrl\":\"https:\/\/mailcommsgroup.com\/wp-content\/uploads\/2026\/01\/incorporacion-andres.jpg\",\"articleSection\":[\"Not\u00edcias da empresa\"],\"inLanguage\":\"pt-PT\"},{\"@type\":\"WebPage\",\"@id\":\"https:\/\/mailcommsgroup.com\/pt\/blog\/reforcamos-o-nosso-compromisso-com-a-confianca-digital-gracas-a-corporacao-de-andres-angel-posada\/\",\"url\":\"https:\/\/mailcommsgroup.com\/pt\/blog\/reforcamos-o-nosso-compromisso-com-a-confianca-digital-gracas-a-corporacao-de-andres-angel-posada\/\",\"name\":\"Andr\u00e9s \u00c1ngel Posada junta-se \u00e0 nossa equipa\",\"isPartOf\":{\"@id\":\"https:\/\/mailcommsgroup.com\/pt\/#website\"},\"primaryImageOfPage\":{\"@id\":\"https:\/\/mailcommsgroup.com\/pt\/blog\/reforcamos-o-nosso-compromisso-com-a-confianca-digital-gracas-a-corporacao-de-andres-angel-posada\/#primaryimage\"},\"image\":{\"@id\":\"https:\/\/mailcommsgroup.com\/pt\/blog\/reforcamos-o-nosso-compromisso-com-a-confianca-digital-gracas-a-corporacao-de-andres-angel-posada\/#primaryimage\"},\"thumbnailUrl\":\"https:\/\/mailcommsgroup.com\/wp-content\/uploads\/2026\/01\/incorporacion-andres.jpg\",\"datePublished\":\"2026-01-20T10:05:26+00:00\",\"dateModified\":\"2026-02-03T12:22:18+00:00\",\"description\":\"O Grupo MailComms refor\u00e7a a sua aposta na confian\u00e7a digital com a contrata\u00e7\u00e3o de Andr\u00e9s \u00c1ngel Posada.\",\"breadcrumb\":{\"@id\":\"https:\/\/mailcommsgroup.com\/pt\/blog\/reforcamos-o-nosso-compromisso-com-a-confianca-digital-gracas-a-corporacao-de-andres-angel-posada\/#breadcrumb\"},\"inLanguage\":\"pt-PT\",\"potentialAction\":[{\"@type\":\"ReadAction\",\"target\":[\"https:\/\/mailcommsgroup.com\/pt\/blog\/reforcamos-o-nosso-compromisso-com-a-confianca-digital-gracas-a-corporacao-de-andres-angel-posada\/\"]}]},{\"@type\":\"ImageObject\",\"inLanguage\":\"pt-PT\",\"@id\":\"https:\/\/mailcommsgroup.com\/pt\/blog\/reforcamos-o-nosso-compromisso-com-a-confianca-digital-gracas-a-corporacao-de-andres-angel-posada\/#primaryimage\",\"url\":\"https:\/\/mailcommsgroup.com\/wp-content\/uploads\/2026\/01\/incorporacion-andres.jpg\",\"contentUrl\":\"https:\/\/mailcommsgroup.com\/wp-content\/uploads\/2026\/01\/incorporacion-andres.jpg\",\"width\":900,\"height\":628,\"caption\":\"Andr\u00e9s \u00c1ngel Posada\"},{\"@type\":\"BreadcrumbList\",\"@id\":\"https:\/\/mailcommsgroup.com\/pt\/blog\/reforcamos-o-nosso-compromisso-com-a-confianca-digital-gracas-a-corporacao-de-andres-angel-posada\/#breadcrumb\",\"itemListElement\":[{\"@type\":\"ListItem\",\"position\":1,\"name\":\"Mailcomms Group\",\"item\":\"https:\/\/mailcommsgroup.com\/pt\/\"},{\"@type\":\"ListItem\",\"position\":2,\"name\":\"Blogue\",\"item\":\"https:\/\/mailcommsgroup.com\/pt\/blog\/\"},{\"@type\":\"ListItem\",\"position\":3,\"name\":\"Refor\u00e7amos o nosso compromisso com a confian\u00e7a digital atrav\u00e9s da contrata\u00e7\u00e3o de Andr\u00e9s \u00c1ngel Posada\"}]},{\"@type\":\"WebSite\",\"@id\":\"https:\/\/mailcommsgroup.com\/pt\/#website\",\"url\":\"https:\/\/mailcommsgroup.com\/pt\/\",\"name\":\"MailComms Group\",\"description\":\"La transformaci\u00f3n digital a trav\u00e9s de la comunicaci\u00f3n omnicanal, con plena validez legal.\",\"publisher\":{\"@id\":\"https:\/\/mailcommsgroup.com\/pt\/#organization\"},\"alternateName\":\"MailComms Group\",\"potentialAction\":[{\"@type\":\"SearchAction\",\"target\":{\"@type\":\"EntryPoint\",\"urlTemplate\":\"https:\/\/mailcommsgroup.com\/pt\/?s={search_term_string}\"},\"query-input\":{\"@type\":\"PropertyValueSpecification\",\"valueRequired\":true,\"valueName\":\"search_term_string\"}}],\"inLanguage\":\"pt-PT\"},{\"@type\":\"Organization\",\"@id\":\"https:\/\/mailcommsgroup.com\/pt\/#organization\",\"name\":\"MailComms Group - Soluciones de comunicaci\u00f3n omnicanal con validez legal.\",\"alternateName\":\"MailComms Group\",\"url\":\"https:\/\/mailcommsgroup.com\/pt\/\",\"logo\":{\"@type\":\"ImageObject\",\"inLanguage\":\"pt-PT\",\"@id\":\"https:\/\/mailcommsgroup.com\/pt\/#\/schema\/logo\/image\/\",\"url\":\"https:\/\/mailcommsgroup.com\/wp-content\/uploads\/2023\/05\/icon_mini_mailcommsgroup.png\",\"contentUrl\":\"https:\/\/mailcommsgroup.com\/wp-content\/uploads\/2023\/05\/icon_mini_mailcommsgroup.png\",\"width\":512,\"height\":512,\"caption\":\"MailComms Group - Soluciones de comunicaci\u00f3n omnicanal con validez legal.\"},\"image\":{\"@id\":\"https:\/\/mailcommsgroup.com\/pt\/#\/schema\/logo\/image\/\"},\"sameAs\":[\"https:\/\/x.com\/CommsCustomer\",\"https:\/\/www.linkedin.com\/company\/customercomms\/\",\"https:\/\/www.youtube.com\/channel\/UCtvYLee1QHy89JS2-gMgnTQ\"]},{\"@type\":\"Person\",\"@id\":\"https:\/\/mailcommsgroup.com\/pt\/#\/schema\/person\/c3a3ecfc795ade78319e6b1af9d65684\",\"name\":\"Mailcomms Group\",\"image\":{\"@type\":\"ImageObject\",\"inLanguage\":\"pt-PT\",\"@id\":\"https:\/\/secure.gravatar.com\/avatar\/f4012bdfd3c1190166ba510602a508ab2a504cafc93cf37f0c8cbdc54e85846a?s=96&d=mm&r=g\",\"url\":\"https:\/\/secure.gravatar.com\/avatar\/f4012bdfd3c1190166ba510602a508ab2a504cafc93cf37f0c8cbdc54e85846a?s=96&d=mm&r=g\",\"contentUrl\":\"https:\/\/secure.gravatar.com\/avatar\/f4012bdfd3c1190166ba510602a508ab2a504cafc93cf37f0c8cbdc54e85846a?s=96&d=mm&r=g\",\"caption\":\"Mailcomms Group\"},\"sameAs\":[\"https:\/\/mailcommsgroup.com\"],\"url\":\"https:\/\/mailcommsgroup.com\/pt\/blog\/author\/ntrwrks_ccmms\/\"}]}<\/script>\n<!-- \/ Yoast SEO plugin. -->","yoast_head_json":{"title":"Andr\u00e9s \u00c1ngel Posada junta-se \u00e0 nossa equipa","description":"O Grupo MailComms refor\u00e7a a sua aposta na confian\u00e7a digital com a contrata\u00e7\u00e3o de Andr\u00e9s \u00c1ngel Posada.","robots":{"index":"index","follow":"follow","max-snippet":"max-snippet:-1","max-image-preview":"max-image-preview:large","max-video-preview":"max-video-preview:-1"},"canonical":"https:\/\/mailcommsgroup.com\/pt\/blog\/reforcamos-o-nosso-compromisso-com-a-confianca-digital-gracas-a-corporacao-de-andres-angel-posada\/","og_locale":"pt_PT","og_type":"article","og_title":"Andr\u00e9s \u00c1ngel Posada junta-se \u00e0 nossa equipa","og_description":"O Grupo MailComms refor\u00e7a a sua aposta na confian\u00e7a digital com a contrata\u00e7\u00e3o de Andr\u00e9s \u00c1ngel Posada.","og_url":"https:\/\/mailcommsgroup.com\/pt\/blog\/reforcamos-o-nosso-compromisso-com-a-confianca-digital-gracas-a-corporacao-de-andres-angel-posada\/","og_site_name":"Mailcomms Group","article_published_time":"2026-01-20T10:05:26+00:00","article_modified_time":"2026-02-03T12:22:18+00:00","og_image":[{"width":900,"height":628,"url":"https:\/\/mailcommsgroup.com\/wp-content\/uploads\/2025\/02\/incorporacion-duarte-conceicao-1.webp","type":"image\/webp"}],"author":"Mailcomms Group","twitter_card":"summary_large_image","twitter_title":"11","twitter_image":"https:\/\/mailcommsgroup.com\/wp-content\/uploads\/2025\/02\/incorporacion-duarte-conceicao-1.webp","twitter_creator":"@CommsCustomer","twitter_site":"@CommsCustomer","twitter_misc":{"Escrito por":"Mailcomms Group","Tempo estimado de leitura":"3 minutos"},"schema":{"@context":"https:\/\/schema.org","@graph":[{"@type":"Article","@id":"https:\/\/mailcommsgroup.com\/pt\/blog\/reforcamos-o-nosso-compromisso-com-a-confianca-digital-gracas-a-corporacao-de-andres-angel-posada\/#article","isPartOf":{"@id":"https:\/\/mailcommsgroup.com\/pt\/blog\/reforcamos-o-nosso-compromisso-com-a-confianca-digital-gracas-a-corporacao-de-andres-angel-posada\/"},"author":{"name":"Mailcomms Group","@id":"https:\/\/mailcommsgroup.com\/pt\/#\/schema\/person\/c3a3ecfc795ade78319e6b1af9d65684"},"headline":"Refor\u00e7amos o nosso compromisso com a confian\u00e7a digital atrav\u00e9s da contrata\u00e7\u00e3o de Andr\u00e9s \u00c1ngel Posada","datePublished":"2026-01-20T10:05:26+00:00","dateModified":"2026-02-03T12:22:18+00:00","mainEntityOfPage":{"@id":"https:\/\/mailcommsgroup.com\/pt\/blog\/reforcamos-o-nosso-compromisso-com-a-confianca-digital-gracas-a-corporacao-de-andres-angel-posada\/"},"wordCount":691,"publisher":{"@id":"https:\/\/mailcommsgroup.com\/pt\/#organization"},"image":{"@id":"https:\/\/mailcommsgroup.com\/pt\/blog\/reforcamos-o-nosso-compromisso-com-a-confianca-digital-gracas-a-corporacao-de-andres-angel-posada\/#primaryimage"},"thumbnailUrl":"https:\/\/mailcommsgroup.com\/wp-content\/uploads\/2026\/01\/incorporacion-andres.jpg","articleSection":["Not\u00edcias da empresa"],"inLanguage":"pt-PT"},{"@type":"WebPage","@id":"https:\/\/mailcommsgroup.com\/pt\/blog\/reforcamos-o-nosso-compromisso-com-a-confianca-digital-gracas-a-corporacao-de-andres-angel-posada\/","url":"https:\/\/mailcommsgroup.com\/pt\/blog\/reforcamos-o-nosso-compromisso-com-a-confianca-digital-gracas-a-corporacao-de-andres-angel-posada\/","name":"Andr\u00e9s \u00c1ngel Posada junta-se \u00e0 nossa equipa","isPartOf":{"@id":"https:\/\/mailcommsgroup.com\/pt\/#website"},"primaryImageOfPage":{"@id":"https:\/\/mailcommsgroup.com\/pt\/blog\/reforcamos-o-nosso-compromisso-com-a-confianca-digital-gracas-a-corporacao-de-andres-angel-posada\/#primaryimage"},"image":{"@id":"https:\/\/mailcommsgroup.com\/pt\/blog\/reforcamos-o-nosso-compromisso-com-a-confianca-digital-gracas-a-corporacao-de-andres-angel-posada\/#primaryimage"},"thumbnailUrl":"https:\/\/mailcommsgroup.com\/wp-content\/uploads\/2026\/01\/incorporacion-andres.jpg","datePublished":"2026-01-20T10:05:26+00:00","dateModified":"2026-02-03T12:22:18+00:00","description":"O Grupo MailComms refor\u00e7a a sua aposta na confian\u00e7a digital com a contrata\u00e7\u00e3o de Andr\u00e9s \u00c1ngel Posada.","breadcrumb":{"@id":"https:\/\/mailcommsgroup.com\/pt\/blog\/reforcamos-o-nosso-compromisso-com-a-confianca-digital-gracas-a-corporacao-de-andres-angel-posada\/#breadcrumb"},"inLanguage":"pt-PT","potentialAction":[{"@type":"ReadAction","target":["https:\/\/mailcommsgroup.com\/pt\/blog\/reforcamos-o-nosso-compromisso-com-a-confianca-digital-gracas-a-corporacao-de-andres-angel-posada\/"]}]},{"@type":"ImageObject","inLanguage":"pt-PT","@id":"https:\/\/mailcommsgroup.com\/pt\/blog\/reforcamos-o-nosso-compromisso-com-a-confianca-digital-gracas-a-corporacao-de-andres-angel-posada\/#primaryimage","url":"https:\/\/mailcommsgroup.com\/wp-content\/uploads\/2026\/01\/incorporacion-andres.jpg","contentUrl":"https:\/\/mailcommsgroup.com\/wp-content\/uploads\/2026\/01\/incorporacion-andres.jpg","width":900,"height":628,"caption":"Andr\u00e9s \u00c1ngel Posada"},{"@type":"BreadcrumbList","@id":"https:\/\/mailcommsgroup.com\/pt\/blog\/reforcamos-o-nosso-compromisso-com-a-confianca-digital-gracas-a-corporacao-de-andres-angel-posada\/#breadcrumb","itemListElement":[{"@type":"ListItem","position":1,"name":"Mailcomms Group","item":"https:\/\/mailcommsgroup.com\/pt\/"},{"@type":"ListItem","position":2,"name":"Blogue","item":"https:\/\/mailcommsgroup.com\/pt\/blog\/"},{"@type":"ListItem","position":3,"name":"Refor\u00e7amos o nosso compromisso com a confian\u00e7a digital atrav\u00e9s da contrata\u00e7\u00e3o de Andr\u00e9s \u00c1ngel Posada"}]},{"@type":"WebSite","@id":"https:\/\/mailcommsgroup.com\/pt\/#website","url":"https:\/\/mailcommsgroup.com\/pt\/","name":"MailComms Group","description":"La transformaci\u00f3n digital a trav\u00e9s de la comunicaci\u00f3n omnicanal, con plena validez legal.","publisher":{"@id":"https:\/\/mailcommsgroup.com\/pt\/#organization"},"alternateName":"MailComms Group","potentialAction":[{"@type":"SearchAction","target":{"@type":"EntryPoint","urlTemplate":"https:\/\/mailcommsgroup.com\/pt\/?s={search_term_string}"},"query-input":{"@type":"PropertyValueSpecification","valueRequired":true,"valueName":"search_term_string"}}],"inLanguage":"pt-PT"},{"@type":"Organization","@id":"https:\/\/mailcommsgroup.com\/pt\/#organization","name":"MailComms Group - Soluciones de comunicaci\u00f3n omnicanal con validez legal.","alternateName":"MailComms Group","url":"https:\/\/mailcommsgroup.com\/pt\/","logo":{"@type":"ImageObject","inLanguage":"pt-PT","@id":"https:\/\/mailcommsgroup.com\/pt\/#\/schema\/logo\/image\/","url":"https:\/\/mailcommsgroup.com\/wp-content\/uploads\/2023\/05\/icon_mini_mailcommsgroup.png","contentUrl":"https:\/\/mailcommsgroup.com\/wp-content\/uploads\/2023\/05\/icon_mini_mailcommsgroup.png","width":512,"height":512,"caption":"MailComms Group - Soluciones de comunicaci\u00f3n omnicanal con validez legal."},"image":{"@id":"https:\/\/mailcommsgroup.com\/pt\/#\/schema\/logo\/image\/"},"sameAs":["https:\/\/x.com\/CommsCustomer","https:\/\/www.linkedin.com\/company\/customercomms\/","https:\/\/www.youtube.com\/channel\/UCtvYLee1QHy89JS2-gMgnTQ"]},{"@type":"Person","@id":"https:\/\/mailcommsgroup.com\/pt\/#\/schema\/person\/c3a3ecfc795ade78319e6b1af9d65684","name":"Mailcomms Group","image":{"@type":"ImageObject","inLanguage":"pt-PT","@id":"https:\/\/secure.gravatar.com\/avatar\/f4012bdfd3c1190166ba510602a508ab2a504cafc93cf37f0c8cbdc54e85846a?s=96&d=mm&r=g","url":"https:\/\/secure.gravatar.com\/avatar\/f4012bdfd3c1190166ba510602a508ab2a504cafc93cf37f0c8cbdc54e85846a?s=96&d=mm&r=g","contentUrl":"https:\/\/secure.gravatar.com\/avatar\/f4012bdfd3c1190166ba510602a508ab2a504cafc93cf37f0c8cbdc54e85846a?s=96&d=mm&r=g","caption":"Mailcomms Group"},"sameAs":["https:\/\/mailcommsgroup.com"],"url":"https:\/\/mailcommsgroup.com\/pt\/blog\/author\/ntrwrks_ccmms\/"}]}},"_links":{"self":[{"href":"https:\/\/mailcommsgroup.com\/pt\/wp-json\/wp\/v2\/posts\/42609","targetHints":{"allow":["GET"]}}],"collection":[{"href":"https:\/\/mailcommsgroup.com\/pt\/wp-json\/wp\/v2\/posts"}],"about":[{"href":"https:\/\/mailcommsgroup.com\/pt\/wp-json\/wp\/v2\/types\/post"}],"author":[{"embeddable":true,"href":"https:\/\/mailcommsgroup.com\/pt\/wp-json\/wp\/v2\/users\/1"}],"replies":[{"embeddable":true,"href":"https:\/\/mailcommsgroup.com\/pt\/wp-json\/wp\/v2\/comments?post=42609"}],"version-history":[{"count":11,"href":"https:\/\/mailcommsgroup.com\/pt\/wp-json\/wp\/v2\/posts\/42609\/revisions"}],"predecessor-version":[{"id":43009,"href":"https:\/\/mailcommsgroup.com\/pt\/wp-json\/wp\/v2\/posts\/42609\/revisions\/43009"}],"wp:featuredmedia":[{"embeddable":true,"href":"https:\/\/mailcommsgroup.com\/pt\/wp-json\/wp\/v2\/media\/42620"}],"wp:attachment":[{"href":"https:\/\/mailcommsgroup.com\/pt\/wp-json\/wp\/v2\/media?parent=42609"}],"wp:term":[{"taxonomy":"category","embeddable":true,"href":"https:\/\/mailcommsgroup.com\/pt\/wp-json\/wp\/v2\/categories?post=42609"}],"curies":[{"name":"wp","href":"https:\/\/api.w.org\/{rel}","templated":true}]}}