{"id":38554,"date":"2025-10-21T09:53:23","date_gmt":"2025-10-21T07:53:23","guid":{"rendered":"https:\/\/mailcommsgroup.com\/?p=38554"},"modified":"2025-10-24T12:51:15","modified_gmt":"2025-10-24T10:51:15","slug":"empenhada-numa-cadeia-de-abastecimento-sustentavel-e-transparente","status":"publish","type":"post","link":"https:\/\/mailcommsgroup.com\/pt\/blog\/empenhada-numa-cadeia-de-abastecimento-sustentavel-e-transparente\/","title":{"rendered":"Comprometido com uma cadeia de fornecimento \u00e9tica, sustent\u00e1vel e transparente"},"content":{"rendered":"<div class=\"wpb-content-wrapper\"><p>[vc_row type=&#8221;grid&#8221; css=&#8221;.vc_custom_1547557263471{margin-bottom: 0px !important;padding-bottom: 0px !important;}&#8221;][vc_column dp_animation=&#8221;&#8221; el_class=&#8221;El nuevo reglamento europeo obliga a recabar el consentimiento expl\u00edcito para el tratamiento de los datos de car\u00e1cter personal&#8221; font_color=&#8221;#81d742&#8243;][vc_single_image image=&#8221;38562&#8243; img_size=&#8221;full&#8221; css=&#8221;&#8221;][vc_raw_html css=&#8221;&#8221;][\/vc_raw_html][\/vc_column][\/vc_row][vc_row type=&#8221;grid&#8221; css=&#8221;.vc_custom_1679050935288{margin-top: 0px !important;padding-top: 0px !important;}&#8221;][vc_column dp_animation=&#8221;&#8221; css=&#8221;.vc_custom_1547557427896{padding-top: 0px !important;}&#8221;][vc_empty_space height=&#8221;80px&#8221; css=&#8221;.vc_custom_1740562626171{margin-top: -70px !important;}&#8221;][vc_column_text css=&#8221;&#8221; dp_animation=&#8221;&#8221;]No MailComms Group, entendemos que a sustentabilidade \u00e9 muito mais do que uma declara\u00e7\u00e3o de inten\u00e7\u00f5es. \u00c9 por isso que public\u00e1mos o nosso C\u00f3digo de Conduta da Cadeia de Fornecimento, um documento que estabelece os <strong>princ\u00edpios \u00e9ticos, sociais e ambientais que devem reger as nossas rela\u00e7\u00f5es com fornecedores, funcion\u00e1rios e parceiros estrat\u00e9gicos.<\/strong> <\/p>\n<p>Este c\u00f3digo n\u00e3o s\u00f3 reflecte os nossos valores empresariais, como tamb\u00e9m responde a uma necessidade crescente no mercado: <strong>combater o greenwashing<\/strong>. Num ambiente em que muitas organiza\u00e7\u00f5es comunicam compromissos ambientais desarticulados sem um verdadeiro apoio, estamos empenhados na transpar\u00eancia, rastreabilidade e conformidade verific\u00e1vel, promovendo regras comuns em toda a cadeia de valor.[\/vc_column_text][vc_empty_space height=&#8221;110px&#8221; css=&#8221;.vc_custom_1748418874713{margin-top: -100px !important;}&#8221; el_id=&#8221;uno&#8221;][vc_column_text css=&#8221;.vc_custom_1760962631985{padding-top: 15px !important;padding-right: 15px !important;padding-bottom: 15px !important;padding-left: 15px !important;background-color: #47d7ac !important;}&#8221; dp_animation=&#8221;&#8221;]<\/p>\n<h2 style=\"margin-top: 0;\"><span style=\"color: #000000;\"><strong>Porque \u00e9 que este c\u00f3digo \u00e9 importante?<\/strong><\/span><\/h2>\n<p>[\/vc_column_text][vc_column_text css=&#8221;&#8221; dp_animation=&#8221;&#8221;]<\/p>\n<ul>\n<li><strong>Refor\u00e7a a confian\u00e7a<\/strong> entre o Grupo MailComms e os seus intervenientes.<\/li>\n<li><strong>Promove pr\u00e1ticas sustent\u00e1veis reais<\/strong>, alinhadas com os Objectivos de Desenvolvimento Sustent\u00e1vel (ODS) das Na\u00e7\u00f5es Unidas.<\/li>\n<li>Evita <strong>o greenwashing<\/strong> estabelecendo crit\u00e9rios claros, mensur\u00e1veis e audit\u00e1veis para avaliar o desempenho ambiental e social dos nossos fornecedores.<\/li>\n<li><strong>Garante a rastreabilidade dos materiais<\/strong>, especialmente na ind\u00fastria do papel, com as certifica\u00e7\u00f5es FSC\u00ae e PEFC.<\/li>\n<li><strong>Protege a reputa\u00e7\u00e3o da empresa<\/strong>, um ativo intang\u00edvel fundamental num ambiente cada vez mais exigente.<\/li>\n<\/ul>\n<p>Este documento \u00e9 obrigat\u00f3rio para todos os nossos parceiros comerciais e a sua aplica\u00e7\u00e3o ser\u00e1 revista regularmente. Al\u00e9m disso, disponibilizamos a todas as partes interessadas um canal \u00e9tico para comunicar qualquer incumprimento ou pr\u00e1tica que contrarie os princ\u00edpios estabelecidos. <\/p>\n<p>\ud83d\udcc4 Podes consultar o C\u00f3digo completo <strong><a href=\"https:\/\/mailcommsgroup.com\/documentos\/Codigo-de-conducta-de-la-cadena-de-suministro-MailComms-Group.pdf\">aqui<\/a><\/strong> ou escreve-nos para <strong><a href=\"mailto:calidad@mailteck.com\">calidad@mailteck.com<\/a><\/strong> para mais informa\u00e7\u00f5es.[\/vc_column_text][vc_empty_space height=&#8221;110px&#8221; css=&#8221;.vc_custom_1744642446557{margin-top: -100px !important;}&#8221;][\/vc_column][\/vc_row]<\/p>\n<\/div>","protected":false},"excerpt":{"rendered":"<p>[vc_row type=&#8221;grid&#8221; css=&#8221;.vc_custom_1547557263471{margin-bottom: 0px !important;padding-bottom: 0px !important;}&#8221;][vc_column dp_animation=&#8221;&#8221; el_class=&#8221;El nuevo reglamento europeo obliga a recabar el consentimiento expl\u00edcito para el tratamiento de los datos de car\u00e1cter personal&#8221; font_color=&#8221;#81d742&#8243;][vc_single_image image=&#8221;38562&#8243; img_size=&#8221;full&#8221; css=&#8221;&#8221;][vc_raw_html css=&#8221;&#8221;][\/vc_raw_html][\/vc_column][\/vc_row][vc_row type=&#8221;grid&#8221; css=&#8221;.vc_custom_1679050935288{margin-top: 0px !important;padding-top: 0px !important;}&#8221;][vc_column dp_animation=&#8221;&#8221; css=&#8221;.vc_custom_1547557427896{padding-top: 0px !important;}&#8221;][vc_empty_space height=&#8221;80px&#8221; css=&#8221;.vc_custom_1740562626171{margin-top: -70px !important;}&#8221;][vc_column_text css=&#8221;&#8221; dp_animation=&#8221;&#8221;]No MailComms Group, entendemos que a sustentabilidade \u00e9 [&hellip;]<\/p>\n","protected":false},"author":17,"featured_media":38562,"comment_status":"closed","ping_status":"closed","sticky":false,"template":"","format":"standard","meta":{"_acf_changed":false,"footnotes":""},"categories":[499],"class_list":["post-38554","post","type-post","status-publish","format-standard","has-post-thumbnail","hentry","category-noticias-da-empresa"],"acf":[],"yoast_head":"<!-- This site is optimized with the Yoast SEO plugin v27.2 - https:\/\/yoast.com\/product\/yoast-seo-wordpress\/ -->\n<title>O nosso C\u00f3digo de Conduta da Cadeia de Fornecimento<\/title>\n<meta name=\"description\" content=\"Este documento estabelece os princ\u00edpios \u00e9ticos, sociais e ambientais que devem reger as nossas rela\u00e7\u00f5es com fornecedores, funcion\u00e1rios e parceiros estrat\u00e9gicos.\" \/>\n<meta name=\"robots\" content=\"index, follow, max-snippet:-1, max-image-preview:large, max-video-preview:-1\" \/>\n<link rel=\"canonical\" href=\"https:\/\/mailcommsgroup.com\/pt\/blog\/empenhada-numa-cadeia-de-abastecimento-sustentavel-e-transparente\/\" \/>\n<meta property=\"og:locale\" content=\"pt_PT\" \/>\n<meta property=\"og:type\" content=\"article\" \/>\n<meta property=\"og:title\" content=\"O nosso C\u00f3digo de Conduta da Cadeia de Fornecimento\" \/>\n<meta property=\"og:description\" content=\"Este documento estabelece os princ\u00edpios \u00e9ticos, sociais e ambientais que devem reger as nossas rela\u00e7\u00f5es com fornecedores, funcion\u00e1rios e parceiros estrat\u00e9gicos.\" \/>\n<meta property=\"og:url\" content=\"https:\/\/mailcommsgroup.com\/pt\/blog\/empenhada-numa-cadeia-de-abastecimento-sustentavel-e-transparente\/\" \/>\n<meta property=\"og:site_name\" content=\"Mailcomms Group\" \/>\n<meta property=\"article:published_time\" content=\"2025-10-21T07:53:23+00:00\" \/>\n<meta property=\"article:modified_time\" content=\"2025-10-24T10:51:15+00:00\" \/>\n<meta property=\"og:image\" content=\"https:\/\/mailcommsgroup.com\/wp-content\/uploads\/2025\/10\/codigo-etico-cadena-suministro.webp\" \/>\n\t<meta property=\"og:image:width\" content=\"892\" \/>\n\t<meta property=\"og:image:height\" content=\"623\" \/>\n\t<meta property=\"og:image:type\" content=\"image\/webp\" \/>\n<meta name=\"author\" content=\"Antonio Jes\u00fas D\u00edaz Mora\" \/>\n<meta name=\"twitter:card\" content=\"summary_large_image\" \/>\n<meta name=\"twitter:creator\" content=\"@CommsCustomer\" \/>\n<meta name=\"twitter:site\" content=\"@CommsCustomer\" \/>\n<meta name=\"twitter:label1\" content=\"Escrito por\" \/>\n\t<meta name=\"twitter:data1\" content=\"Antonio Jes\u00fas D\u00edaz Mora\" \/>\n\t<meta name=\"twitter:label2\" content=\"Tempo estimado de leitura\" \/>\n\t<meta name=\"twitter:data2\" content=\"2 minutos\" \/>\n<script type=\"application\/ld+json\" class=\"yoast-schema-graph\">{\"@context\":\"https:\/\/schema.org\",\"@graph\":[{\"@type\":\"Article\",\"@id\":\"https:\/\/mailcommsgroup.com\/pt\/blog\/empenhada-numa-cadeia-de-abastecimento-sustentavel-e-transparente\/#article\",\"isPartOf\":{\"@id\":\"https:\/\/mailcommsgroup.com\/pt\/blog\/empenhada-numa-cadeia-de-abastecimento-sustentavel-e-transparente\/\"},\"author\":{\"name\":\"Antonio Jes\u00fas D\u00edaz Mora\",\"@id\":\"https:\/\/mailcommsgroup.com\/pt\/#\/schema\/person\/94931a7c5efb8bfb21f6cb35cb3c8499\"},\"headline\":\"Comprometido com uma cadeia de fornecimento \u00e9tica, sustent\u00e1vel e transparente\",\"datePublished\":\"2025-10-21T07:53:23+00:00\",\"dateModified\":\"2025-10-24T10:51:15+00:00\",\"mainEntityOfPage\":{\"@id\":\"https:\/\/mailcommsgroup.com\/pt\/blog\/empenhada-numa-cadeia-de-abastecimento-sustentavel-e-transparente\/\"},\"wordCount\":455,\"publisher\":{\"@id\":\"https:\/\/mailcommsgroup.com\/pt\/#organization\"},\"image\":{\"@id\":\"https:\/\/mailcommsgroup.com\/pt\/blog\/empenhada-numa-cadeia-de-abastecimento-sustentavel-e-transparente\/#primaryimage\"},\"thumbnailUrl\":\"https:\/\/mailcommsgroup.com\/wp-content\/uploads\/2025\/10\/codigo-etico-cadena-suministro.webp\",\"articleSection\":[\"Not\u00edcias da empresa\"],\"inLanguage\":\"pt-PT\"},{\"@type\":\"WebPage\",\"@id\":\"https:\/\/mailcommsgroup.com\/pt\/blog\/empenhada-numa-cadeia-de-abastecimento-sustentavel-e-transparente\/\",\"url\":\"https:\/\/mailcommsgroup.com\/pt\/blog\/empenhada-numa-cadeia-de-abastecimento-sustentavel-e-transparente\/\",\"name\":\"O nosso C\u00f3digo de Conduta da Cadeia de Fornecimento\",\"isPartOf\":{\"@id\":\"https:\/\/mailcommsgroup.com\/pt\/#website\"},\"primaryImageOfPage\":{\"@id\":\"https:\/\/mailcommsgroup.com\/pt\/blog\/empenhada-numa-cadeia-de-abastecimento-sustentavel-e-transparente\/#primaryimage\"},\"image\":{\"@id\":\"https:\/\/mailcommsgroup.com\/pt\/blog\/empenhada-numa-cadeia-de-abastecimento-sustentavel-e-transparente\/#primaryimage\"},\"thumbnailUrl\":\"https:\/\/mailcommsgroup.com\/wp-content\/uploads\/2025\/10\/codigo-etico-cadena-suministro.webp\",\"datePublished\":\"2025-10-21T07:53:23+00:00\",\"dateModified\":\"2025-10-24T10:51:15+00:00\",\"description\":\"Este documento estabelece os princ\u00edpios \u00e9ticos, sociais e ambientais que devem reger as nossas rela\u00e7\u00f5es com fornecedores, funcion\u00e1rios e parceiros estrat\u00e9gicos.\",\"breadcrumb\":{\"@id\":\"https:\/\/mailcommsgroup.com\/pt\/blog\/empenhada-numa-cadeia-de-abastecimento-sustentavel-e-transparente\/#breadcrumb\"},\"inLanguage\":\"pt-PT\",\"potentialAction\":[{\"@type\":\"ReadAction\",\"target\":[\"https:\/\/mailcommsgroup.com\/pt\/blog\/empenhada-numa-cadeia-de-abastecimento-sustentavel-e-transparente\/\"]}]},{\"@type\":\"ImageObject\",\"inLanguage\":\"pt-PT\",\"@id\":\"https:\/\/mailcommsgroup.com\/pt\/blog\/empenhada-numa-cadeia-de-abastecimento-sustentavel-e-transparente\/#primaryimage\",\"url\":\"https:\/\/mailcommsgroup.com\/wp-content\/uploads\/2025\/10\/codigo-etico-cadena-suministro.webp\",\"contentUrl\":\"https:\/\/mailcommsgroup.com\/wp-content\/uploads\/2025\/10\/codigo-etico-cadena-suministro.webp\",\"width\":892,\"height\":623,\"caption\":\"C\u00f3digo de Conducta de la Cadena de Suministro\"},{\"@type\":\"BreadcrumbList\",\"@id\":\"https:\/\/mailcommsgroup.com\/pt\/blog\/empenhada-numa-cadeia-de-abastecimento-sustentavel-e-transparente\/#breadcrumb\",\"itemListElement\":[{\"@type\":\"ListItem\",\"position\":1,\"name\":\"Mailcomms Group\",\"item\":\"https:\/\/mailcommsgroup.com\/pt\/\"},{\"@type\":\"ListItem\",\"position\":2,\"name\":\"Blogue\",\"item\":\"https:\/\/mailcommsgroup.com\/pt\/blog\/\"},{\"@type\":\"ListItem\",\"position\":3,\"name\":\"Comprometido com uma cadeia de fornecimento \u00e9tica, sustent\u00e1vel e transparente\"}]},{\"@type\":\"WebSite\",\"@id\":\"https:\/\/mailcommsgroup.com\/pt\/#website\",\"url\":\"https:\/\/mailcommsgroup.com\/pt\/\",\"name\":\"MailComms Group\",\"description\":\"La transformaci\u00f3n digital a trav\u00e9s de la comunicaci\u00f3n omnicanal, con plena validez legal.\",\"publisher\":{\"@id\":\"https:\/\/mailcommsgroup.com\/pt\/#organization\"},\"alternateName\":\"MailComms Group\",\"potentialAction\":[{\"@type\":\"SearchAction\",\"target\":{\"@type\":\"EntryPoint\",\"urlTemplate\":\"https:\/\/mailcommsgroup.com\/pt\/?s={search_term_string}\"},\"query-input\":{\"@type\":\"PropertyValueSpecification\",\"valueRequired\":true,\"valueName\":\"search_term_string\"}}],\"inLanguage\":\"pt-PT\"},{\"@type\":\"Organization\",\"@id\":\"https:\/\/mailcommsgroup.com\/pt\/#organization\",\"name\":\"MailComms Group - Soluciones de comunicaci\u00f3n omnicanal con validez legal.\",\"alternateName\":\"MailComms Group\",\"url\":\"https:\/\/mailcommsgroup.com\/pt\/\",\"logo\":{\"@type\":\"ImageObject\",\"inLanguage\":\"pt-PT\",\"@id\":\"https:\/\/mailcommsgroup.com\/pt\/#\/schema\/logo\/image\/\",\"url\":\"https:\/\/mailcommsgroup.com\/wp-content\/uploads\/2023\/05\/icon_mini_mailcommsgroup.png\",\"contentUrl\":\"https:\/\/mailcommsgroup.com\/wp-content\/uploads\/2023\/05\/icon_mini_mailcommsgroup.png\",\"width\":512,\"height\":512,\"caption\":\"MailComms Group - Soluciones de comunicaci\u00f3n omnicanal con validez legal.\"},\"image\":{\"@id\":\"https:\/\/mailcommsgroup.com\/pt\/#\/schema\/logo\/image\/\"},\"sameAs\":[\"https:\/\/x.com\/CommsCustomer\",\"https:\/\/www.linkedin.com\/company\/customercomms\/\",\"https:\/\/www.youtube.com\/channel\/UCtvYLee1QHy89JS2-gMgnTQ\"]},{\"@type\":\"Person\",\"@id\":\"https:\/\/mailcommsgroup.com\/pt\/#\/schema\/person\/94931a7c5efb8bfb21f6cb35cb3c8499\",\"name\":\"Antonio Jes\u00fas D\u00edaz Mora\",\"image\":{\"@type\":\"ImageObject\",\"inLanguage\":\"pt-PT\",\"@id\":\"https:\/\/secure.gravatar.com\/avatar\/cf3c1639314319604fdc9ecacef7be467eebd20522f28dd0032592cee6c10758?s=96&d=mm&r=g\",\"url\":\"https:\/\/secure.gravatar.com\/avatar\/cf3c1639314319604fdc9ecacef7be467eebd20522f28dd0032592cee6c10758?s=96&d=mm&r=g\",\"contentUrl\":\"https:\/\/secure.gravatar.com\/avatar\/cf3c1639314319604fdc9ecacef7be467eebd20522f28dd0032592cee6c10758?s=96&d=mm&r=g\",\"caption\":\"Antonio Jes\u00fas D\u00edaz Mora\"},\"url\":\"https:\/\/mailcommsgroup.com\/pt\/blog\/author\/antonio-jesus\/\"}]}<\/script>\n<!-- \/ Yoast SEO plugin. -->","yoast_head_json":{"title":"O nosso C\u00f3digo de Conduta da Cadeia de Fornecimento","description":"Este documento estabelece os princ\u00edpios \u00e9ticos, sociais e ambientais que devem reger as nossas rela\u00e7\u00f5es com fornecedores, funcion\u00e1rios e parceiros estrat\u00e9gicos.","robots":{"index":"index","follow":"follow","max-snippet":"max-snippet:-1","max-image-preview":"max-image-preview:large","max-video-preview":"max-video-preview:-1"},"canonical":"https:\/\/mailcommsgroup.com\/pt\/blog\/empenhada-numa-cadeia-de-abastecimento-sustentavel-e-transparente\/","og_locale":"pt_PT","og_type":"article","og_title":"O nosso C\u00f3digo de Conduta da Cadeia de Fornecimento","og_description":"Este documento estabelece os princ\u00edpios \u00e9ticos, sociais e ambientais que devem reger as nossas rela\u00e7\u00f5es com fornecedores, funcion\u00e1rios e parceiros estrat\u00e9gicos.","og_url":"https:\/\/mailcommsgroup.com\/pt\/blog\/empenhada-numa-cadeia-de-abastecimento-sustentavel-e-transparente\/","og_site_name":"Mailcomms Group","article_published_time":"2025-10-21T07:53:23+00:00","article_modified_time":"2025-10-24T10:51:15+00:00","og_image":[{"width":892,"height":623,"url":"https:\/\/mailcommsgroup.com\/wp-content\/uploads\/2025\/10\/codigo-etico-cadena-suministro.webp","type":"image\/webp"}],"author":"Antonio Jes\u00fas D\u00edaz Mora","twitter_card":"summary_large_image","twitter_creator":"@CommsCustomer","twitter_site":"@CommsCustomer","twitter_misc":{"Escrito por":"Antonio Jes\u00fas D\u00edaz Mora","Tempo estimado de leitura":"2 minutos"},"schema":{"@context":"https:\/\/schema.org","@graph":[{"@type":"Article","@id":"https:\/\/mailcommsgroup.com\/pt\/blog\/empenhada-numa-cadeia-de-abastecimento-sustentavel-e-transparente\/#article","isPartOf":{"@id":"https:\/\/mailcommsgroup.com\/pt\/blog\/empenhada-numa-cadeia-de-abastecimento-sustentavel-e-transparente\/"},"author":{"name":"Antonio Jes\u00fas D\u00edaz Mora","@id":"https:\/\/mailcommsgroup.com\/pt\/#\/schema\/person\/94931a7c5efb8bfb21f6cb35cb3c8499"},"headline":"Comprometido com uma cadeia de fornecimento \u00e9tica, sustent\u00e1vel e transparente","datePublished":"2025-10-21T07:53:23+00:00","dateModified":"2025-10-24T10:51:15+00:00","mainEntityOfPage":{"@id":"https:\/\/mailcommsgroup.com\/pt\/blog\/empenhada-numa-cadeia-de-abastecimento-sustentavel-e-transparente\/"},"wordCount":455,"publisher":{"@id":"https:\/\/mailcommsgroup.com\/pt\/#organization"},"image":{"@id":"https:\/\/mailcommsgroup.com\/pt\/blog\/empenhada-numa-cadeia-de-abastecimento-sustentavel-e-transparente\/#primaryimage"},"thumbnailUrl":"https:\/\/mailcommsgroup.com\/wp-content\/uploads\/2025\/10\/codigo-etico-cadena-suministro.webp","articleSection":["Not\u00edcias da empresa"],"inLanguage":"pt-PT"},{"@type":"WebPage","@id":"https:\/\/mailcommsgroup.com\/pt\/blog\/empenhada-numa-cadeia-de-abastecimento-sustentavel-e-transparente\/","url":"https:\/\/mailcommsgroup.com\/pt\/blog\/empenhada-numa-cadeia-de-abastecimento-sustentavel-e-transparente\/","name":"O nosso C\u00f3digo de Conduta da Cadeia de Fornecimento","isPartOf":{"@id":"https:\/\/mailcommsgroup.com\/pt\/#website"},"primaryImageOfPage":{"@id":"https:\/\/mailcommsgroup.com\/pt\/blog\/empenhada-numa-cadeia-de-abastecimento-sustentavel-e-transparente\/#primaryimage"},"image":{"@id":"https:\/\/mailcommsgroup.com\/pt\/blog\/empenhada-numa-cadeia-de-abastecimento-sustentavel-e-transparente\/#primaryimage"},"thumbnailUrl":"https:\/\/mailcommsgroup.com\/wp-content\/uploads\/2025\/10\/codigo-etico-cadena-suministro.webp","datePublished":"2025-10-21T07:53:23+00:00","dateModified":"2025-10-24T10:51:15+00:00","description":"Este documento estabelece os princ\u00edpios \u00e9ticos, sociais e ambientais que devem reger as nossas rela\u00e7\u00f5es com fornecedores, funcion\u00e1rios e parceiros estrat\u00e9gicos.","breadcrumb":{"@id":"https:\/\/mailcommsgroup.com\/pt\/blog\/empenhada-numa-cadeia-de-abastecimento-sustentavel-e-transparente\/#breadcrumb"},"inLanguage":"pt-PT","potentialAction":[{"@type":"ReadAction","target":["https:\/\/mailcommsgroup.com\/pt\/blog\/empenhada-numa-cadeia-de-abastecimento-sustentavel-e-transparente\/"]}]},{"@type":"ImageObject","inLanguage":"pt-PT","@id":"https:\/\/mailcommsgroup.com\/pt\/blog\/empenhada-numa-cadeia-de-abastecimento-sustentavel-e-transparente\/#primaryimage","url":"https:\/\/mailcommsgroup.com\/wp-content\/uploads\/2025\/10\/codigo-etico-cadena-suministro.webp","contentUrl":"https:\/\/mailcommsgroup.com\/wp-content\/uploads\/2025\/10\/codigo-etico-cadena-suministro.webp","width":892,"height":623,"caption":"C\u00f3digo de Conducta de la Cadena de Suministro"},{"@type":"BreadcrumbList","@id":"https:\/\/mailcommsgroup.com\/pt\/blog\/empenhada-numa-cadeia-de-abastecimento-sustentavel-e-transparente\/#breadcrumb","itemListElement":[{"@type":"ListItem","position":1,"name":"Mailcomms Group","item":"https:\/\/mailcommsgroup.com\/pt\/"},{"@type":"ListItem","position":2,"name":"Blogue","item":"https:\/\/mailcommsgroup.com\/pt\/blog\/"},{"@type":"ListItem","position":3,"name":"Comprometido com uma cadeia de fornecimento \u00e9tica, sustent\u00e1vel e transparente"}]},{"@type":"WebSite","@id":"https:\/\/mailcommsgroup.com\/pt\/#website","url":"https:\/\/mailcommsgroup.com\/pt\/","name":"MailComms Group","description":"La transformaci\u00f3n digital a trav\u00e9s de la comunicaci\u00f3n omnicanal, con plena validez legal.","publisher":{"@id":"https:\/\/mailcommsgroup.com\/pt\/#organization"},"alternateName":"MailComms Group","potentialAction":[{"@type":"SearchAction","target":{"@type":"EntryPoint","urlTemplate":"https:\/\/mailcommsgroup.com\/pt\/?s={search_term_string}"},"query-input":{"@type":"PropertyValueSpecification","valueRequired":true,"valueName":"search_term_string"}}],"inLanguage":"pt-PT"},{"@type":"Organization","@id":"https:\/\/mailcommsgroup.com\/pt\/#organization","name":"MailComms Group - Soluciones de comunicaci\u00f3n omnicanal con validez legal.","alternateName":"MailComms Group","url":"https:\/\/mailcommsgroup.com\/pt\/","logo":{"@type":"ImageObject","inLanguage":"pt-PT","@id":"https:\/\/mailcommsgroup.com\/pt\/#\/schema\/logo\/image\/","url":"https:\/\/mailcommsgroup.com\/wp-content\/uploads\/2023\/05\/icon_mini_mailcommsgroup.png","contentUrl":"https:\/\/mailcommsgroup.com\/wp-content\/uploads\/2023\/05\/icon_mini_mailcommsgroup.png","width":512,"height":512,"caption":"MailComms Group - Soluciones de comunicaci\u00f3n omnicanal con validez legal."},"image":{"@id":"https:\/\/mailcommsgroup.com\/pt\/#\/schema\/logo\/image\/"},"sameAs":["https:\/\/x.com\/CommsCustomer","https:\/\/www.linkedin.com\/company\/customercomms\/","https:\/\/www.youtube.com\/channel\/UCtvYLee1QHy89JS2-gMgnTQ"]},{"@type":"Person","@id":"https:\/\/mailcommsgroup.com\/pt\/#\/schema\/person\/94931a7c5efb8bfb21f6cb35cb3c8499","name":"Antonio Jes\u00fas D\u00edaz Mora","image":{"@type":"ImageObject","inLanguage":"pt-PT","@id":"https:\/\/secure.gravatar.com\/avatar\/cf3c1639314319604fdc9ecacef7be467eebd20522f28dd0032592cee6c10758?s=96&d=mm&r=g","url":"https:\/\/secure.gravatar.com\/avatar\/cf3c1639314319604fdc9ecacef7be467eebd20522f28dd0032592cee6c10758?s=96&d=mm&r=g","contentUrl":"https:\/\/secure.gravatar.com\/avatar\/cf3c1639314319604fdc9ecacef7be467eebd20522f28dd0032592cee6c10758?s=96&d=mm&r=g","caption":"Antonio Jes\u00fas D\u00edaz Mora"},"url":"https:\/\/mailcommsgroup.com\/pt\/blog\/author\/antonio-jesus\/"}]}},"_links":{"self":[{"href":"https:\/\/mailcommsgroup.com\/pt\/wp-json\/wp\/v2\/posts\/38554","targetHints":{"allow":["GET"]}}],"collection":[{"href":"https:\/\/mailcommsgroup.com\/pt\/wp-json\/wp\/v2\/posts"}],"about":[{"href":"https:\/\/mailcommsgroup.com\/pt\/wp-json\/wp\/v2\/types\/post"}],"author":[{"embeddable":true,"href":"https:\/\/mailcommsgroup.com\/pt\/wp-json\/wp\/v2\/users\/17"}],"replies":[{"embeddable":true,"href":"https:\/\/mailcommsgroup.com\/pt\/wp-json\/wp\/v2\/comments?post=38554"}],"version-history":[{"count":12,"href":"https:\/\/mailcommsgroup.com\/pt\/wp-json\/wp\/v2\/posts\/38554\/revisions"}],"predecessor-version":[{"id":38835,"href":"https:\/\/mailcommsgroup.com\/pt\/wp-json\/wp\/v2\/posts\/38554\/revisions\/38835"}],"wp:featuredmedia":[{"embeddable":true,"href":"https:\/\/mailcommsgroup.com\/pt\/wp-json\/wp\/v2\/media\/38562"}],"wp:attachment":[{"href":"https:\/\/mailcommsgroup.com\/pt\/wp-json\/wp\/v2\/media?parent=38554"}],"wp:term":[{"taxonomy":"category","embeddable":true,"href":"https:\/\/mailcommsgroup.com\/pt\/wp-json\/wp\/v2\/categories?post=38554"}],"curies":[{"name":"wp","href":"https:\/\/api.w.org\/{rel}","templated":true}]}}