{"id":36209,"date":"2025-06-25T14:12:12","date_gmt":"2025-06-25T12:12:12","guid":{"rendered":"https:\/\/mailcommsgroup.com\/?p=36209"},"modified":"2025-06-30T12:58:27","modified_gmt":"2025-06-30T10:58:27","slug":"nos-obtemos-o-certificado-da-empresa-familiar-responsavel-efr","status":"publish","type":"post","link":"https:\/\/mailcommsgroup.com\/pt\/blog\/nos-obtemos-o-certificado-da-empresa-familiar-responsavel-efr\/","title":{"rendered":"Obtemos o certificado de Empresa Familiarmente Respons\u00e1vel (efr)."},"content":{"rendered":"<div class=\"wpb-content-wrapper\"><p>[vc_row type=&#8221;grid&#8221;][vc_column dp_animation=&#8221;&#8221;][vc_single_image image=&#8221;36342&#8243; img_size=&#8221;full&#8221; alignment=&#8221;right&#8221; css=&#8221;&#8221; dp_animation=&#8221;&#8221; alt=&#8221;Marian Garc\u00eda Benito &#8211; Marketing Product Manager&#8221;][vc_raw_html]PHN0eWxlPiAuZW50cnktY29udGVudCBhIHsgY29sb3I6ICMwZjY0NWY7fSAKCgoKPC9zdHlsZT4=[\/vc_raw_html][vc_empty_space height=&#8221;20px&#8221;][vc_column_text css=&#8221;&#8221; dp_animation=&#8221;&#8221;]Na <strong>MailTecK<\/strong>, acabamos de obter o <strong>certificado Empresa Familiarmente Respons\u00e1vel (efr)<\/strong>, <strong>concedido pela Funda\u00e7\u00e3o M\u00e1sfamilia, apoiado pelas Na\u00e7\u00f5es Unidas e o \u00fanico aprovado pelo Minist\u00e9rio dos Direitos Sociais, Consumo e Agenda 2030 do Governo de Espanha.<\/strong> Os pr\u00e9mios foram entregues por <strong>Rosa Mart\u00ednez, Secret\u00e1ria de Estado dos Direitos Sociais<\/strong>, \u00e0s entidades que os obtiveram em 2025.<\/p>\n<p>De todas as nossas certifica\u00e7\u00f5es, esta \u00e9 uma das mais especiais para n\u00f3s, uma vez que analisa as medidas implementadas para garantir o bem-estar dos nossos colaboradores, especialmente em termos de <strong>concilia\u00e7\u00e3o familiar<\/strong>.[\/vc_column_text][\/vc_column][\/vc_row][vc_row type=&#8221;grid&#8221;][vc_column dp_animation=&#8221;&#8221;][vc_column_text css=&#8221;.vc_custom_1750755464843{padding-top: 10px !important;padding-bottom: 10px !important;}&#8221; dp_animation=&#8221;&#8221;]<\/p>\n<blockquote><p>&#8220;O equil\u00edbrio entre a vida profissional e pessoal e a produtividade andam de m\u00e3os dadas. Nas empresas onde existe um equil\u00edbrio entre a vida profissional e pessoal, os trabalhadores s\u00e3o mais felizes e isso acaba por ter um impacto na produtividade da empresa<strong>&#8220;.<\/strong><br \/>\n<strong>David Ramos, Diretor de Recursos Humanos, que recebeu o certificado.<\/strong><\/p><\/blockquote>\n<p>[\/vc_column_text][\/vc_column][\/vc_row][vc_row type=&#8221;grid&#8221;][vc_column dp_animation=&#8221;&#8221;][vc_column_text css=&#8221;&#8221; dp_animation=&#8221;&#8221;]<img loading=\"lazy\" decoding=\"async\" class=\"alignnone size-full wp-image-36345\" src=\"https:\/\/mailcommsgroup.com\/wp-content\/uploads\/2025\/06\/certificado-empresa-familiarmente-responsable-2.webp\" alt=\"\" width=\"892\" height=\"623\" srcset=\"https:\/\/mailcommsgroup.com\/wp-content\/uploads\/2025\/06\/certificado-empresa-familiarmente-responsable-2.webp 892w, https:\/\/mailcommsgroup.com\/wp-content\/uploads\/2025\/06\/certificado-empresa-familiarmente-responsable-2-300x210.webp 300w, https:\/\/mailcommsgroup.com\/wp-content\/uploads\/2025\/06\/certificado-empresa-familiarmente-responsable-2-768x536.webp 768w\" sizes=\"auto, (max-width: 892px) 100vw, 892px\" \/><\/p>\n<p>Durante a auditoria efectuada pela Funda\u00e7\u00e3o M\u00e1sfamilia, <strong>as melhorias na \u00e1rea do emprego foram tidas em conta em tr\u00eas grupos principais<\/strong>: qualidade do emprego, flexibilidade espacial e temporal e apoio \u00e0 fam\u00edlia. No primeiro grupo, destacam-se aspectos como o nosso compromisso com a <strong>estabilidade do emprego<\/strong> atrav\u00e9s de contratos por tempo indeterminado, bem como as op\u00e7\u00f5es salariais (n\u00famero de pagamentos a escolher pelo trabalhador) e a oferta de duas plataformas de lazer vantajosas para as pessoas que comp\u00f5em o nosso pessoal. <\/p>\n<p>A \u00e1rea da <strong>flexibilidade espacial e temporal<\/strong> integra medidas destinadas a conceber os hor\u00e1rios de trabalho de acordo com as necessidades de concilia\u00e7\u00e3o de cada trabalhador, incluindo hor\u00e1rios de trabalho flex\u00edveis, op\u00e7\u00f5es de trabalho \u00e0 dist\u00e2ncia e hor\u00e1rios de trabalho intensivos.<\/p>\n<p>Por \u00faltimo, a categoria de <strong>apoio \u00e0 fam\u00edlia<\/strong> inclui a previs\u00e3o do teletrabalho no ver\u00e3o, durante as f\u00e9rias dos filhos a cargo ou em caso de doen\u00e7a dos ascendentes e descendentes. As necessidades de dispensa para frequ\u00eancia de explica\u00e7\u00f5es escolares dos filhos tamb\u00e9m est\u00e3o previstas nesta sec\u00e7\u00e3o.[\/vc_column_text][\/vc_column][\/vc_row][vc_row type=&#8221;grid&#8221;][vc_column dp_animation=&#8221;&#8221;][vc_column_text css=&#8221;&#8221; dp_animation=&#8221;&#8221;]<img loading=\"lazy\" decoding=\"async\" class=\"alignnone size-full wp-image-36348\" src=\"https:\/\/mailcommsgroup.com\/wp-content\/uploads\/2025\/06\/certificado-empresa-familiarmente-responsable-3.webp\" alt=\"\" width=\"892\" height=\"623\" srcset=\"https:\/\/mailcommsgroup.com\/wp-content\/uploads\/2025\/06\/certificado-empresa-familiarmente-responsable-3.webp 892w, https:\/\/mailcommsgroup.com\/wp-content\/uploads\/2025\/06\/certificado-empresa-familiarmente-responsable-3-300x210.webp 300w, https:\/\/mailcommsgroup.com\/wp-content\/uploads\/2025\/06\/certificado-empresa-familiarmente-responsable-3-768x536.webp 768w\" sizes=\"auto, (max-width: 892px) 100vw, 892px\" \/>[\/vc_column_text][\/vc_column][\/vc_row][vc_row type=&#8221;grid&#8221;][vc_column dp_animation=&#8221;&#8221;][vc_column_text css=&#8221;.vc_custom_1750870910420{padding-top: 10px !important;padding-bottom: 10px !important;}&#8221; dp_animation=&#8221;&#8221;]<\/p>\n<blockquote><p>&#8220;Esta \u00e9 uma distin\u00e7\u00e3o muito importante para n\u00f3s, pois certifica a import\u00e2ncia que damos ao bem-estar das pessoas e tamb\u00e9m nos incentiva a continuar a melhorar nesta \u00e1rea<strong>&#8220;<\/strong><br \/>\n<strong>Javier Echebarr\u00eda, CEO e fundador da empresa.<\/strong><\/p><\/blockquote>\n<p>[\/vc_column_text][\/vc_column][\/vc_row][vc_row type=&#8221;grid&#8221;][vc_column dp_animation=&#8221;&#8221;][vc_column_text css=&#8221;&#8221; dp_animation=&#8221;&#8221;]A Funda\u00e7\u00e3o M\u00e1sfamilia, que realiza as auditorias e atribui os selos, \u00e9 uma organiza\u00e7\u00e3o privada sem fins lucrativos com mais de 20 anos de experi\u00eancia na an\u00e1lise da concilia\u00e7\u00e3o entre a vida profissional e familiar e mais de 1000 empresas certificadas. Atrav\u00e9s da iniciativa efr, a funda\u00e7\u00e3o procura a <strong>mudan\u00e7a social e a transforma\u00e7\u00e3o cultural nas empresas.<\/strong>[\/vc_column_text][\/vc_column][\/vc_row]<\/p>\n<\/div>","protected":false},"excerpt":{"rendered":"<p>Acab\u00e1mos de obter a distin\u00e7\u00e3o efr, atribu\u00edda pela Funda\u00e7\u00e3o M\u00e1sfamilia \u00e0s organiza\u00e7\u00f5es que facilitam o equil\u00edbrio entre a vida profissional e a vida privada do seu pessoal atrav\u00e9s de medidas destinadas ao bem-estar social e \u00e0 transforma\u00e7\u00e3o cultural. Contamos-te mais sobre este certificado. <\/p>\n","protected":false},"author":1,"featured_media":36344,"comment_status":"closed","ping_status":"closed","sticky":false,"template":"","format":"standard","meta":{"_acf_changed":false,"footnotes":""},"categories":[499],"class_list":["post-36209","post","type-post","status-publish","format-standard","has-post-thumbnail","hentry","category-noticias-da-empresa"],"acf":[],"yoast_head":"<!-- This site is optimized with the Yoast SEO plugin v27.2 - https:\/\/yoast.com\/product\/yoast-seo-wordpress\/ -->\n<title>Obtemos o certificado de Empresa Familiarmente Respons\u00e1vel<\/title>\n<meta name=\"description\" content=\"Acab\u00e1mos de obter a distin\u00e7\u00e3o efr, atribu\u00edda pela Funda\u00e7\u00e3o M\u00e1sfamilia \u00e0s organiza\u00e7\u00f5es que facilitam o equil\u00edbrio entre a vida profissional e a vida privada dos seus colaboradores atrav\u00e9s de medidas destinadas ao bem-estar social e \u00e0 transforma\u00e7\u00e3o cultural.\" \/>\n<meta name=\"robots\" content=\"index, follow, max-snippet:-1, max-image-preview:large, max-video-preview:-1\" \/>\n<link rel=\"canonical\" href=\"https:\/\/mailcommsgroup.com\/pt\/blog\/nos-obtemos-o-certificado-da-empresa-familiar-responsavel-efr\/\" \/>\n<meta property=\"og:locale\" content=\"pt_PT\" \/>\n<meta property=\"og:type\" content=\"article\" \/>\n<meta property=\"og:title\" content=\"Obtemos o certificado de Empresa Familiarmente Respons\u00e1vel\" \/>\n<meta property=\"og:description\" content=\"Acab\u00e1mos de obter a distin\u00e7\u00e3o efr, atribu\u00edda pela Funda\u00e7\u00e3o M\u00e1sfamilia \u00e0s organiza\u00e7\u00f5es que facilitam o equil\u00edbrio entre a vida profissional e a vida privada dos seus colaboradores atrav\u00e9s de medidas destinadas ao bem-estar social e \u00e0 transforma\u00e7\u00e3o cultural.\" \/>\n<meta property=\"og:url\" content=\"https:\/\/mailcommsgroup.com\/pt\/blog\/nos-obtemos-o-certificado-da-empresa-familiar-responsavel-efr\/\" \/>\n<meta property=\"og:site_name\" content=\"Mailcomms Group\" \/>\n<meta property=\"article:published_time\" content=\"2025-06-25T12:12:12+00:00\" \/>\n<meta property=\"article:modified_time\" content=\"2025-06-30T10:58:27+00:00\" \/>\n<meta property=\"og:image\" content=\"https:\/\/mailcommsgroup.com\/wp-content\/uploads\/2025\/02\/incorporacion-duarte-conceicao-1.webp\" \/>\n\t<meta property=\"og:image:width\" content=\"900\" \/>\n\t<meta property=\"og:image:height\" content=\"628\" \/>\n\t<meta property=\"og:image:type\" content=\"image\/webp\" \/>\n<meta name=\"author\" content=\"Mailcomms Group\" \/>\n<meta name=\"twitter:card\" content=\"summary_large_image\" \/>\n<meta name=\"twitter:title\" content=\"11\" \/>\n<meta name=\"twitter:image\" content=\"https:\/\/mailcommsgroup.com\/wp-content\/uploads\/2025\/02\/incorporacion-duarte-conceicao-1.webp\" \/>\n<meta name=\"twitter:creator\" content=\"@CommsCustomer\" \/>\n<meta name=\"twitter:site\" content=\"@CommsCustomer\" \/>\n<meta name=\"twitter:label1\" content=\"Escrito por\" \/>\n\t<meta name=\"twitter:data1\" content=\"Mailcomms Group\" \/>\n\t<meta name=\"twitter:label2\" content=\"Tempo estimado de leitura\" \/>\n\t<meta name=\"twitter:data2\" content=\"3 minutos\" \/>\n<script type=\"application\/ld+json\" class=\"yoast-schema-graph\">{\"@context\":\"https:\/\/schema.org\",\"@graph\":[{\"@type\":\"Article\",\"@id\":\"https:\/\/mailcommsgroup.com\/pt\/blog\/nos-obtemos-o-certificado-da-empresa-familiar-responsavel-efr\/#article\",\"isPartOf\":{\"@id\":\"https:\/\/mailcommsgroup.com\/pt\/blog\/nos-obtemos-o-certificado-da-empresa-familiar-responsavel-efr\/\"},\"author\":{\"name\":\"Mailcomms Group\",\"@id\":\"https:\/\/mailcommsgroup.com\/pt\/#\/schema\/person\/c3a3ecfc795ade78319e6b1af9d65684\"},\"headline\":\"Obtemos o certificado de Empresa Familiarmente Respons\u00e1vel (efr).\",\"datePublished\":\"2025-06-25T12:12:12+00:00\",\"dateModified\":\"2025-06-30T10:58:27+00:00\",\"mainEntityOfPage\":{\"@id\":\"https:\/\/mailcommsgroup.com\/pt\/blog\/nos-obtemos-o-certificado-da-empresa-familiar-responsavel-efr\/\"},\"wordCount\":641,\"publisher\":{\"@id\":\"https:\/\/mailcommsgroup.com\/pt\/#organization\"},\"image\":{\"@id\":\"https:\/\/mailcommsgroup.com\/pt\/blog\/nos-obtemos-o-certificado-da-empresa-familiar-responsavel-efr\/#primaryimage\"},\"thumbnailUrl\":\"https:\/\/mailcommsgroup.com\/wp-content\/uploads\/2025\/06\/certificado-empresa-familiarmente-responsable-1.webp\",\"articleSection\":[\"Not\u00edcias da empresa\"],\"inLanguage\":\"pt-PT\"},{\"@type\":\"WebPage\",\"@id\":\"https:\/\/mailcommsgroup.com\/pt\/blog\/nos-obtemos-o-certificado-da-empresa-familiar-responsavel-efr\/\",\"url\":\"https:\/\/mailcommsgroup.com\/pt\/blog\/nos-obtemos-o-certificado-da-empresa-familiar-responsavel-efr\/\",\"name\":\"Obtemos o certificado de Empresa Familiarmente Respons\u00e1vel\",\"isPartOf\":{\"@id\":\"https:\/\/mailcommsgroup.com\/pt\/#website\"},\"primaryImageOfPage\":{\"@id\":\"https:\/\/mailcommsgroup.com\/pt\/blog\/nos-obtemos-o-certificado-da-empresa-familiar-responsavel-efr\/#primaryimage\"},\"image\":{\"@id\":\"https:\/\/mailcommsgroup.com\/pt\/blog\/nos-obtemos-o-certificado-da-empresa-familiar-responsavel-efr\/#primaryimage\"},\"thumbnailUrl\":\"https:\/\/mailcommsgroup.com\/wp-content\/uploads\/2025\/06\/certificado-empresa-familiarmente-responsable-1.webp\",\"datePublished\":\"2025-06-25T12:12:12+00:00\",\"dateModified\":\"2025-06-30T10:58:27+00:00\",\"description\":\"Acab\u00e1mos de obter a distin\u00e7\u00e3o efr, atribu\u00edda pela Funda\u00e7\u00e3o M\u00e1sfamilia \u00e0s organiza\u00e7\u00f5es que facilitam o equil\u00edbrio entre a vida profissional e a vida privada dos seus colaboradores atrav\u00e9s de medidas destinadas ao bem-estar social e \u00e0 transforma\u00e7\u00e3o cultural.\",\"breadcrumb\":{\"@id\":\"https:\/\/mailcommsgroup.com\/pt\/blog\/nos-obtemos-o-certificado-da-empresa-familiar-responsavel-efr\/#breadcrumb\"},\"inLanguage\":\"pt-PT\",\"potentialAction\":[{\"@type\":\"ReadAction\",\"target\":[\"https:\/\/mailcommsgroup.com\/pt\/blog\/nos-obtemos-o-certificado-da-empresa-familiar-responsavel-efr\/\"]}]},{\"@type\":\"ImageObject\",\"inLanguage\":\"pt-PT\",\"@id\":\"https:\/\/mailcommsgroup.com\/pt\/blog\/nos-obtemos-o-certificado-da-empresa-familiar-responsavel-efr\/#primaryimage\",\"url\":\"https:\/\/mailcommsgroup.com\/wp-content\/uploads\/2025\/06\/certificado-empresa-familiarmente-responsable-1.webp\",\"contentUrl\":\"https:\/\/mailcommsgroup.com\/wp-content\/uploads\/2025\/06\/certificado-empresa-familiarmente-responsable-1.webp\",\"width\":892,\"height\":623,\"caption\":\"Certificado empresa familiarmente responsable\"},{\"@type\":\"BreadcrumbList\",\"@id\":\"https:\/\/mailcommsgroup.com\/pt\/blog\/nos-obtemos-o-certificado-da-empresa-familiar-responsavel-efr\/#breadcrumb\",\"itemListElement\":[{\"@type\":\"ListItem\",\"position\":1,\"name\":\"Mailcomms Group\",\"item\":\"https:\/\/mailcommsgroup.com\/pt\/\"},{\"@type\":\"ListItem\",\"position\":2,\"name\":\"Blogue\",\"item\":\"https:\/\/mailcommsgroup.com\/pt\/blog\/\"},{\"@type\":\"ListItem\",\"position\":3,\"name\":\"Obtemos o certificado de Empresa Familiarmente Respons\u00e1vel (efr).\"}]},{\"@type\":\"WebSite\",\"@id\":\"https:\/\/mailcommsgroup.com\/pt\/#website\",\"url\":\"https:\/\/mailcommsgroup.com\/pt\/\",\"name\":\"MailComms Group\",\"description\":\"La transformaci\u00f3n digital a trav\u00e9s de la comunicaci\u00f3n omnicanal, con plena validez legal.\",\"publisher\":{\"@id\":\"https:\/\/mailcommsgroup.com\/pt\/#organization\"},\"alternateName\":\"MailComms Group\",\"potentialAction\":[{\"@type\":\"SearchAction\",\"target\":{\"@type\":\"EntryPoint\",\"urlTemplate\":\"https:\/\/mailcommsgroup.com\/pt\/?s={search_term_string}\"},\"query-input\":{\"@type\":\"PropertyValueSpecification\",\"valueRequired\":true,\"valueName\":\"search_term_string\"}}],\"inLanguage\":\"pt-PT\"},{\"@type\":\"Organization\",\"@id\":\"https:\/\/mailcommsgroup.com\/pt\/#organization\",\"name\":\"MailComms Group - Soluciones de comunicaci\u00f3n omnicanal con validez legal.\",\"alternateName\":\"MailComms Group\",\"url\":\"https:\/\/mailcommsgroup.com\/pt\/\",\"logo\":{\"@type\":\"ImageObject\",\"inLanguage\":\"pt-PT\",\"@id\":\"https:\/\/mailcommsgroup.com\/pt\/#\/schema\/logo\/image\/\",\"url\":\"https:\/\/mailcommsgroup.com\/wp-content\/uploads\/2023\/05\/icon_mini_mailcommsgroup.png\",\"contentUrl\":\"https:\/\/mailcommsgroup.com\/wp-content\/uploads\/2023\/05\/icon_mini_mailcommsgroup.png\",\"width\":512,\"height\":512,\"caption\":\"MailComms Group - Soluciones de comunicaci\u00f3n omnicanal con validez legal.\"},\"image\":{\"@id\":\"https:\/\/mailcommsgroup.com\/pt\/#\/schema\/logo\/image\/\"},\"sameAs\":[\"https:\/\/x.com\/CommsCustomer\",\"https:\/\/www.linkedin.com\/company\/customercomms\/\",\"https:\/\/www.youtube.com\/channel\/UCtvYLee1QHy89JS2-gMgnTQ\"]},{\"@type\":\"Person\",\"@id\":\"https:\/\/mailcommsgroup.com\/pt\/#\/schema\/person\/c3a3ecfc795ade78319e6b1af9d65684\",\"name\":\"Mailcomms Group\",\"image\":{\"@type\":\"ImageObject\",\"inLanguage\":\"pt-PT\",\"@id\":\"https:\/\/secure.gravatar.com\/avatar\/f4012bdfd3c1190166ba510602a508ab2a504cafc93cf37f0c8cbdc54e85846a?s=96&d=mm&r=g\",\"url\":\"https:\/\/secure.gravatar.com\/avatar\/f4012bdfd3c1190166ba510602a508ab2a504cafc93cf37f0c8cbdc54e85846a?s=96&d=mm&r=g\",\"contentUrl\":\"https:\/\/secure.gravatar.com\/avatar\/f4012bdfd3c1190166ba510602a508ab2a504cafc93cf37f0c8cbdc54e85846a?s=96&d=mm&r=g\",\"caption\":\"Mailcomms Group\"},\"sameAs\":[\"https:\/\/mailcommsgroup.com\"],\"url\":\"https:\/\/mailcommsgroup.com\/pt\/blog\/author\/ntrwrks_ccmms\/\"}]}<\/script>\n<!-- \/ Yoast SEO plugin. -->","yoast_head_json":{"title":"Obtemos o certificado de Empresa Familiarmente Respons\u00e1vel","description":"Acab\u00e1mos de obter a distin\u00e7\u00e3o efr, atribu\u00edda pela Funda\u00e7\u00e3o M\u00e1sfamilia \u00e0s organiza\u00e7\u00f5es que facilitam o equil\u00edbrio entre a vida profissional e a vida privada dos seus colaboradores atrav\u00e9s de medidas destinadas ao bem-estar social e \u00e0 transforma\u00e7\u00e3o cultural.","robots":{"index":"index","follow":"follow","max-snippet":"max-snippet:-1","max-image-preview":"max-image-preview:large","max-video-preview":"max-video-preview:-1"},"canonical":"https:\/\/mailcommsgroup.com\/pt\/blog\/nos-obtemos-o-certificado-da-empresa-familiar-responsavel-efr\/","og_locale":"pt_PT","og_type":"article","og_title":"Obtemos o certificado de Empresa Familiarmente Respons\u00e1vel","og_description":"Acab\u00e1mos de obter a distin\u00e7\u00e3o efr, atribu\u00edda pela Funda\u00e7\u00e3o M\u00e1sfamilia \u00e0s organiza\u00e7\u00f5es que facilitam o equil\u00edbrio entre a vida profissional e a vida privada dos seus colaboradores atrav\u00e9s de medidas destinadas ao bem-estar social e \u00e0 transforma\u00e7\u00e3o cultural.","og_url":"https:\/\/mailcommsgroup.com\/pt\/blog\/nos-obtemos-o-certificado-da-empresa-familiar-responsavel-efr\/","og_site_name":"Mailcomms Group","article_published_time":"2025-06-25T12:12:12+00:00","article_modified_time":"2025-06-30T10:58:27+00:00","og_image":[{"width":900,"height":628,"url":"https:\/\/mailcommsgroup.com\/wp-content\/uploads\/2025\/02\/incorporacion-duarte-conceicao-1.webp","type":"image\/webp"}],"author":"Mailcomms Group","twitter_card":"summary_large_image","twitter_title":"11","twitter_image":"https:\/\/mailcommsgroup.com\/wp-content\/uploads\/2025\/02\/incorporacion-duarte-conceicao-1.webp","twitter_creator":"@CommsCustomer","twitter_site":"@CommsCustomer","twitter_misc":{"Escrito por":"Mailcomms Group","Tempo estimado de leitura":"3 minutos"},"schema":{"@context":"https:\/\/schema.org","@graph":[{"@type":"Article","@id":"https:\/\/mailcommsgroup.com\/pt\/blog\/nos-obtemos-o-certificado-da-empresa-familiar-responsavel-efr\/#article","isPartOf":{"@id":"https:\/\/mailcommsgroup.com\/pt\/blog\/nos-obtemos-o-certificado-da-empresa-familiar-responsavel-efr\/"},"author":{"name":"Mailcomms Group","@id":"https:\/\/mailcommsgroup.com\/pt\/#\/schema\/person\/c3a3ecfc795ade78319e6b1af9d65684"},"headline":"Obtemos o certificado de Empresa Familiarmente Respons\u00e1vel (efr).","datePublished":"2025-06-25T12:12:12+00:00","dateModified":"2025-06-30T10:58:27+00:00","mainEntityOfPage":{"@id":"https:\/\/mailcommsgroup.com\/pt\/blog\/nos-obtemos-o-certificado-da-empresa-familiar-responsavel-efr\/"},"wordCount":641,"publisher":{"@id":"https:\/\/mailcommsgroup.com\/pt\/#organization"},"image":{"@id":"https:\/\/mailcommsgroup.com\/pt\/blog\/nos-obtemos-o-certificado-da-empresa-familiar-responsavel-efr\/#primaryimage"},"thumbnailUrl":"https:\/\/mailcommsgroup.com\/wp-content\/uploads\/2025\/06\/certificado-empresa-familiarmente-responsable-1.webp","articleSection":["Not\u00edcias da empresa"],"inLanguage":"pt-PT"},{"@type":"WebPage","@id":"https:\/\/mailcommsgroup.com\/pt\/blog\/nos-obtemos-o-certificado-da-empresa-familiar-responsavel-efr\/","url":"https:\/\/mailcommsgroup.com\/pt\/blog\/nos-obtemos-o-certificado-da-empresa-familiar-responsavel-efr\/","name":"Obtemos o certificado de Empresa Familiarmente Respons\u00e1vel","isPartOf":{"@id":"https:\/\/mailcommsgroup.com\/pt\/#website"},"primaryImageOfPage":{"@id":"https:\/\/mailcommsgroup.com\/pt\/blog\/nos-obtemos-o-certificado-da-empresa-familiar-responsavel-efr\/#primaryimage"},"image":{"@id":"https:\/\/mailcommsgroup.com\/pt\/blog\/nos-obtemos-o-certificado-da-empresa-familiar-responsavel-efr\/#primaryimage"},"thumbnailUrl":"https:\/\/mailcommsgroup.com\/wp-content\/uploads\/2025\/06\/certificado-empresa-familiarmente-responsable-1.webp","datePublished":"2025-06-25T12:12:12+00:00","dateModified":"2025-06-30T10:58:27+00:00","description":"Acab\u00e1mos de obter a distin\u00e7\u00e3o efr, atribu\u00edda pela Funda\u00e7\u00e3o M\u00e1sfamilia \u00e0s organiza\u00e7\u00f5es que facilitam o equil\u00edbrio entre a vida profissional e a vida privada dos seus colaboradores atrav\u00e9s de medidas destinadas ao bem-estar social e \u00e0 transforma\u00e7\u00e3o cultural.","breadcrumb":{"@id":"https:\/\/mailcommsgroup.com\/pt\/blog\/nos-obtemos-o-certificado-da-empresa-familiar-responsavel-efr\/#breadcrumb"},"inLanguage":"pt-PT","potentialAction":[{"@type":"ReadAction","target":["https:\/\/mailcommsgroup.com\/pt\/blog\/nos-obtemos-o-certificado-da-empresa-familiar-responsavel-efr\/"]}]},{"@type":"ImageObject","inLanguage":"pt-PT","@id":"https:\/\/mailcommsgroup.com\/pt\/blog\/nos-obtemos-o-certificado-da-empresa-familiar-responsavel-efr\/#primaryimage","url":"https:\/\/mailcommsgroup.com\/wp-content\/uploads\/2025\/06\/certificado-empresa-familiarmente-responsable-1.webp","contentUrl":"https:\/\/mailcommsgroup.com\/wp-content\/uploads\/2025\/06\/certificado-empresa-familiarmente-responsable-1.webp","width":892,"height":623,"caption":"Certificado empresa familiarmente responsable"},{"@type":"BreadcrumbList","@id":"https:\/\/mailcommsgroup.com\/pt\/blog\/nos-obtemos-o-certificado-da-empresa-familiar-responsavel-efr\/#breadcrumb","itemListElement":[{"@type":"ListItem","position":1,"name":"Mailcomms Group","item":"https:\/\/mailcommsgroup.com\/pt\/"},{"@type":"ListItem","position":2,"name":"Blogue","item":"https:\/\/mailcommsgroup.com\/pt\/blog\/"},{"@type":"ListItem","position":3,"name":"Obtemos o certificado de Empresa Familiarmente Respons\u00e1vel (efr)."}]},{"@type":"WebSite","@id":"https:\/\/mailcommsgroup.com\/pt\/#website","url":"https:\/\/mailcommsgroup.com\/pt\/","name":"MailComms Group","description":"La transformaci\u00f3n digital a trav\u00e9s de la comunicaci\u00f3n omnicanal, con plena validez legal.","publisher":{"@id":"https:\/\/mailcommsgroup.com\/pt\/#organization"},"alternateName":"MailComms Group","potentialAction":[{"@type":"SearchAction","target":{"@type":"EntryPoint","urlTemplate":"https:\/\/mailcommsgroup.com\/pt\/?s={search_term_string}"},"query-input":{"@type":"PropertyValueSpecification","valueRequired":true,"valueName":"search_term_string"}}],"inLanguage":"pt-PT"},{"@type":"Organization","@id":"https:\/\/mailcommsgroup.com\/pt\/#organization","name":"MailComms Group - Soluciones de comunicaci\u00f3n omnicanal con validez legal.","alternateName":"MailComms Group","url":"https:\/\/mailcommsgroup.com\/pt\/","logo":{"@type":"ImageObject","inLanguage":"pt-PT","@id":"https:\/\/mailcommsgroup.com\/pt\/#\/schema\/logo\/image\/","url":"https:\/\/mailcommsgroup.com\/wp-content\/uploads\/2023\/05\/icon_mini_mailcommsgroup.png","contentUrl":"https:\/\/mailcommsgroup.com\/wp-content\/uploads\/2023\/05\/icon_mini_mailcommsgroup.png","width":512,"height":512,"caption":"MailComms Group - Soluciones de comunicaci\u00f3n omnicanal con validez legal."},"image":{"@id":"https:\/\/mailcommsgroup.com\/pt\/#\/schema\/logo\/image\/"},"sameAs":["https:\/\/x.com\/CommsCustomer","https:\/\/www.linkedin.com\/company\/customercomms\/","https:\/\/www.youtube.com\/channel\/UCtvYLee1QHy89JS2-gMgnTQ"]},{"@type":"Person","@id":"https:\/\/mailcommsgroup.com\/pt\/#\/schema\/person\/c3a3ecfc795ade78319e6b1af9d65684","name":"Mailcomms Group","image":{"@type":"ImageObject","inLanguage":"pt-PT","@id":"https:\/\/secure.gravatar.com\/avatar\/f4012bdfd3c1190166ba510602a508ab2a504cafc93cf37f0c8cbdc54e85846a?s=96&d=mm&r=g","url":"https:\/\/secure.gravatar.com\/avatar\/f4012bdfd3c1190166ba510602a508ab2a504cafc93cf37f0c8cbdc54e85846a?s=96&d=mm&r=g","contentUrl":"https:\/\/secure.gravatar.com\/avatar\/f4012bdfd3c1190166ba510602a508ab2a504cafc93cf37f0c8cbdc54e85846a?s=96&d=mm&r=g","caption":"Mailcomms Group"},"sameAs":["https:\/\/mailcommsgroup.com"],"url":"https:\/\/mailcommsgroup.com\/pt\/blog\/author\/ntrwrks_ccmms\/"}]}},"_links":{"self":[{"href":"https:\/\/mailcommsgroup.com\/pt\/wp-json\/wp\/v2\/posts\/36209","targetHints":{"allow":["GET"]}}],"collection":[{"href":"https:\/\/mailcommsgroup.com\/pt\/wp-json\/wp\/v2\/posts"}],"about":[{"href":"https:\/\/mailcommsgroup.com\/pt\/wp-json\/wp\/v2\/types\/post"}],"author":[{"embeddable":true,"href":"https:\/\/mailcommsgroup.com\/pt\/wp-json\/wp\/v2\/users\/1"}],"replies":[{"embeddable":true,"href":"https:\/\/mailcommsgroup.com\/pt\/wp-json\/wp\/v2\/comments?post=36209"}],"version-history":[{"count":5,"href":"https:\/\/mailcommsgroup.com\/pt\/wp-json\/wp\/v2\/posts\/36209\/revisions"}],"predecessor-version":[{"id":36375,"href":"https:\/\/mailcommsgroup.com\/pt\/wp-json\/wp\/v2\/posts\/36209\/revisions\/36375"}],"wp:featuredmedia":[{"embeddable":true,"href":"https:\/\/mailcommsgroup.com\/pt\/wp-json\/wp\/v2\/media\/36344"}],"wp:attachment":[{"href":"https:\/\/mailcommsgroup.com\/pt\/wp-json\/wp\/v2\/media?parent=36209"}],"wp:term":[{"taxonomy":"category","embeddable":true,"href":"https:\/\/mailcommsgroup.com\/pt\/wp-json\/wp\/v2\/categories?post=36209"}],"curies":[{"name":"wp","href":"https:\/\/api.w.org\/{rel}","templated":true}]}}