{"id":32632,"date":"2025-03-12T15:30:01","date_gmt":"2025-03-12T14:30:01","guid":{"rendered":"https:\/\/mailcommsgroup.com\/?p=32632"},"modified":"2025-04-04T12:51:29","modified_gmt":"2025-04-04T10:51:29","slug":"nuestro-desempeno-sostenible-acreditado-por-dos-de-los-principales-certificados-ambientales","status":"publish","type":"post","link":"https:\/\/mailcommsgroup.com\/pt\/blog\/nuestro-desempeno-sostenible-acreditado-por-dos-de-los-principales-certificados-ambientales\/","title":{"rendered":"O nosso desempenho sustent\u00e1vel \u00e9 acreditado por dois importantes certificados ambientais."},"content":{"rendered":"<div class=\"wpb-content-wrapper\"><p>[vc_row type=&#8221;grid&#8221;][vc_column dp_animation=&#8221;&#8221;][vc_single_image image=&#8221;32625&#8243; img_size=&#8221;full&#8221; alignment=&#8221;right&#8221; css=&#8221;&#8221; dp_animation=&#8221;&#8221; alt=&#8221;Marian Garc\u00eda Benito &#8211; Marketing Product Manager&#8221;][vc_raw_html]PHN0eWxlPiAuZW50cnktY29udGVudCBhIHsgY29sb3I6ICMwZjY0NWY7fSAKCgoKPC9zdHlsZT4=[\/vc_raw_html][vc_column_text css=&#8221;.vc_custom_1741788747807{padding-top: 50px !important;padding-right: 50px !important;padding-bottom: 50px !important;padding-left: 50px !important;background-color: #F2F2F2 !important;}&#8221; dp_animation=&#8221;&#8221;]<span style=\"font-size: 20px;\"><strong>\u00cdndice  <\/strong><\/span><\/p>\n<ol>\n<li><a href=\"#uno\">Novo n\u00edvel de certifica\u00e7\u00e3o Zero Waste<\/a><\/li>\n<li><a href=\"#dos\">Valoriza\u00e7\u00e3o no desenvolvimento sustent\u00e1vel<\/a><\/li>\n<li><a href=\"#tres\">Renova\u00e7\u00e3o do certificado da Pegada de Carbono calculada<\/a><\/li>\n<li><a href=\"#cuatro\">Os diferentes \u00e2mbitos de aplica\u00e7\u00e3o<\/a><\/li>\n<li><a href=\"#cuatro\">Benef\u00edcios derivados deste certificado<\/a><\/li>\n<\/ol>\n<p>[\/vc_column_text][vc_empty_space height=&#8221;20px&#8221;][vc_column_text css=&#8221;&#8221; dp_animation=&#8221;&#8221;]<span style=\"font-weight: 400;\">As certifica\u00e7\u00f5es ambientais t\u00eam uma fun\u00e7\u00e3o variada: mostram a <strong>sustentabilidade real<\/strong> alcan\u00e7ada pelas empresas que as obt\u00eam, ajudam as organiza\u00e7\u00f5es a conhecer a sua situa\u00e7\u00e3o atual de uma forma muito precisa, oferecem informa\u00e7\u00f5es muito valiosas para <strong>melhorar o seu desempenho ambiental<\/strong> e marcam uma <strong>posi\u00e7\u00e3o diferencial<\/strong> em rela\u00e7\u00e3o a outros concorrentes.  <\/span><\/p>\n<p><span style=\"font-weight: 400;\">Tamb\u00e9m podem ser encarados como um desafio para alcan\u00e7ar n\u00edveis mais elevados de sustentabilidade, o que \u00e9 sempre positivo para as empresas, para a sociedade e para o planeta. Hoje falamos-te da renova\u00e7\u00e3o do certificado da nossa Pegada de Carbono calculada e de como alcan\u00e7\u00e1mos um novo n\u00edvel de Zero Res\u00edduos, tudo isto <strong>auditado pela AENOR<\/strong>. <\/span>[\/vc_column_text][vc_empty_space height=&#8221;120px&#8221; el_id=&#8221;uno&#8221; css=&#8221;.vc_custom_1740397599592{margin-top: -100px !important;}&#8221;][vc_column_text css=&#8221;.vc_custom_1741788931670{padding-top: 15px !important;padding-right: 15px !important;padding-bottom: 15px !important;padding-left: 15px !important;background-color: #47D7AC !important;}&#8221; dp_animation=&#8221;&#8221;]<\/p>\n<h2 style=\"margin-top: 0;\"><span style=\"color: #000000;\"><strong>Novo n\u00edvel de certifica\u00e7\u00e3o Zero Waste<\/strong><\/span><\/h2>\n<p>[\/vc_column_text][vc_column_text css=&#8221;&#8221; dp_animation=&#8221;&#8221;]<span style=\"font-weight: 400;\">No ano passado, explic\u00e1mos-te o que significa e para que serve o certificado &#8220;Towards Zero Waste&#8221;. <\/span><a href=\"https:\/\/mailcommsgroup.com\/pt\/blog\/com-certificacao-de-residuos-zero\/\"><span style=\"font-weight: 400;\">Certificado &#8220;Towards Zero Waste<\/span><\/a><span style=\"font-weight: 400;\">. Explicamos-te tamb\u00e9m a import\u00e2ncia da palavra<strong>&#8220;para<\/strong>&#8221; nesta designa\u00e7\u00e3o. Hoje dizemos-te que obtivemos o <strong>certificado Residuo. <\/strong>  <\/span><span style=\"font-weight: 400;\"><strong>Zero<\/strong>, ou seja, aument\u00e1mos o n\u00edvel de recupera\u00e7\u00e3o dos nossos res\u00edduos de 86,01% para 94,41%. Este &#8220;rumo&#8221; indicava que est\u00e1vamos a caminho de atingir um objetivo muito importante, e agora o novo certificado indica que o atingimos. Mas ainda h\u00e1 espa\u00e7o para melhorias.  <\/span><\/p>\n<p><img loading=\"lazy\" decoding=\"async\" class=\"wp-image-32609 alignleft\" src=\"https:\/\/mailcommsgroup.com\/wp-content\/uploads\/2025\/03\/Residuo-0.png\" alt=\"\" width=\"209\" height=\"137\"><span style=\"font-weight: 400;\">Conseguimos esta nova categoria gra\u00e7as \u00e0 recupera\u00e7\u00e3o de tr\u00eas novos tipos de res\u00edduos (pl\u00e1sticos, tintas l\u00edquidas e res\u00edduos l\u00edquidos aquosos), para al\u00e9m de todos os tipos de res\u00edduos com que j\u00e1 trabalh\u00e1vamos. Em colabora\u00e7\u00e3o com o nosso parceiro gestor, gerimos e sistematiz\u00e1mos a reciclagem final destes res\u00edduos, com uma rastreabilidade registada e fi\u00e1vel. <\/span>[\/vc_column_text][vc_empty_space height=&#8221;120px&#8221; el_id=&#8221;dos&#8221; css=&#8221;.vc_custom_1740397607832{margin-top: -100px !important;}&#8221;][vc_column_text css=&#8221;.vc_custom_1741788974261{padding-top: 15px !important;padding-right: 15px !important;padding-bottom: 15px !important;padding-left: 15px !important;background-color: #47D7AC !important;}&#8221; dp_animation=&#8221;&#8221;]<\/p>\n<h2 style=\"margin-top: 0;\"><span style=\"color: #000000;\"><strong>Valoriza\u00e7\u00e3o no desenvolvimento sustent\u00e1vel<\/strong><\/span><\/h2>\n<p>[\/vc_column_text][vc_column_text css=&#8221;&#8221; dp_animation=&#8221;&#8221;]<span style=\"font-weight: 400;\">A valoriza\u00e7\u00e3o dos res\u00edduos \u00e9 essencial para avan\u00e7ar em dois conceitos-chave para o planeta e para abrandar ou inverter os efeitos das altera\u00e7\u00f5es clim\u00e1ticas: <strong>a economia circular e a descarboniza\u00e7\u00e3o<\/strong>.<\/span><\/p>\n<p><span style=\"font-weight: 400;\">Em termos de economia circular, uma gest\u00e3o adequada dos res\u00edduos permite a recupera\u00e7\u00e3o de materiais valiosos que podem ser reutilizados para fabricar <strong>novos produtos<\/strong>. Isto tamb\u00e9m prolonga o ciclo de vida dos recursos e torna <strong>desnecess\u00e1ria a extra\u00e7\u00e3o de mat\u00e9rias-primas virgens<\/strong>. Desempenha tamb\u00e9m um papel importante na <strong>redu\u00e7\u00e3o dos res\u00edduos depositados em aterros<\/strong>, o que, por sua vez, protege o solo, a \u00e1gua e o ar da polui\u00e7\u00e3o. Tudo isto ao mesmo tempo que promove a inova\u00e7\u00e3o e o emprego, tendo assim <strong>efeitos positivos na economia<\/strong>.   <\/span><\/p>\n<p><span style=\"font-weight: 400;\">Em termos de <strong>descarboniza\u00e7\u00e3o<\/strong>, a valoriza\u00e7\u00e3o energ\u00e9tica dos res\u00edduos <strong>substitui a utiliza\u00e7\u00e3o de combust\u00edveis f\u00f3sseis<\/strong> por combust\u00edveis como o biog\u00e1s para produzir eletricidade, reduzindo assim as emiss\u00f5es de gases com efeito de estufa. Al\u00e9m disso, a valoriza\u00e7\u00e3o energ\u00e9tica dos res\u00edduos pode melhorar a efici\u00eancia de certos processos industriais e reduzir a depend\u00eancia de fontes de energia n\u00e3o renov\u00e1veis. <\/span>[\/vc_column_text][vc_empty_space height=&#8221;120px&#8221; el_id=&#8221;tres&#8221; css=&#8221;.vc_custom_1740397615736{margin-top: -100px !important;}&#8221;][vc_column_text css=&#8221;.vc_custom_1741789291357{padding-top: 15px !important;padding-right: 15px !important;padding-bottom: 15px !important;padding-left: 15px !important;background-color: #47D7AC !important;}&#8221; dp_animation=&#8221;&#8221;]<\/p>\n<h2 style=\"margin-top: 0;\"><span style=\"color: #000000;\"><strong>Renova\u00e7\u00e3o do certificado da Pegada de Carbono calculada<\/strong><\/span><\/h2>\n<p>[\/vc_column_text][vc_column_text css=&#8221;&#8221; dp_animation=&#8221;&#8221;]<span style=\"font-weight: 400;\">A Pegada de Carbono Calculada da AENOR \u00e9 uma das certifica\u00e7\u00f5es de pr\u00e1ticas ambientais mais reconhecidas, ainda mais se incluir os tr\u00eas \u00e2mbitos, como \u00e9 o nosso caso na renova\u00e7\u00e3o que acab\u00e1mos de obter.<br \/><\/span><span style=\"font-weight: 400;\">Este certificado acredita, como o seu nome indica, o <strong>c\u00e1lculo das emiss\u00f5es de gases com efeito de estufa<\/strong> (GEE) que uma empresa emite no desenvolvimento da sua atividade de forma verificada. <\/span> <\/p>\n<p><img loading=\"lazy\" decoding=\"async\" class=\" wp-image-32612 alignleft\" src=\"https:\/\/mailcommsgroup.com\/wp-content\/uploads\/2025\/03\/Huella-de-Carbono.png\" alt=\"\" width=\"205\" height=\"134\"><\/p>\n<p><span style=\"font-weight: 400;\">Por outras palavras, oc\u00e1lculo da Pegada<\/span>de Carbono <strong>fornece um invent\u00e1rio de emiss\u00f5es de qualidade<\/strong> e dados precisos que ajudam as empresas que o obt\u00eam a conhecer o seu &#8220;estado&#8221; ambiental. Isto permite \u00e0s entidades saber onde podem melhorar e trabalhar numa estrat\u00e9gia detalhada para <strong>otimizar o seu desempenho ecol\u00f3gico<\/strong>. <\/p>\n<p>&nbsp;[\/vc_column_text][vc_empty_space height=&#8221;120px&#8221; el_id=&#8221;cuatro&#8221; css=&#8221;.vc_custom_1740397623232{margin-top: -100px !important;}&#8221;][vc_column_text css=&#8221;.vc_custom_1741789241164{padding-top: 15px !important;padding-right: 15px !important;padding-bottom: 15px !important;padding-left: 15px !important;background-color: #47D7AC !important;}&#8221; dp_animation=&#8221;&#8221;]<\/p>\n<h2 style=\"margin-top: 0;\"><span style=\"color: #000000;\"><strong>Os diferentes \u00e2mbitos de aplica\u00e7\u00e3o<\/strong><\/span><\/h2>\n<p>[\/vc_column_text][vc_column_text css=&#8221;&#8221; dp_animation=&#8221;&#8221;]<span style=\"font-weight: 400;\">O facto de o certificado abranger os tr\u00eas \u00e2mbitos garante que <strong>todas as emiss\u00f5es<\/strong>, tanto diretas como indirectas, s\u00e3o tidas em conta para fornecer uma imagem completa do impacto ambiental da empresa certificada. Os \u00e2mbitos s\u00e3o definidos da seguinte forma: <\/span><\/p>\n<ul>\n<li style=\"font-weight: 400;\" aria-level=\"1\"><b><span style=\"color: #5ba18b;\">\u00c2mbito 1<\/span>:<\/b><span style=\"font-weight: 400;\"> emiss\u00f5es diretas de fontes controladas pela empresa, tais como caldeiras, ve\u00edculos pr\u00f3prios, etc.<\/span><\/li>\n<li style=\"font-weight: 400;\" aria-level=\"1\"><b><span style=\"color: #5ba18b;\">\u00c2mbito 2<\/span>: <\/b><span style=\"font-weight: 400;\">emiss\u00f5es indirectas produzidas na produ\u00e7\u00e3o de eletricidade, calor ou vapor.<\/span><\/li>\n<li style=\"font-weight: 400;\" aria-level=\"1\"><b><span style=\"color: #5ba18b;\">\u00c2mbito 3<\/span>:<\/b><span style=\"font-weight: 400;\"> outras emiss\u00f5es indirectas, tais como as provenientes da cadeia de abastecimento e da utiliza\u00e7\u00e3o de produtos vendidos.<br \/><\/span><\/li>\n<\/ul>\n<p>&nbsp;[\/vc_column_text][vc_column_text css=&#8221;.vc_custom_1741789427549{padding-top: 15px !important;padding-right: 15px !important;padding-bottom: 15px !important;padding-left: 15px !important;background-color: #47D7AC !important;}&#8221; dp_animation=&#8221;&#8221;]<\/p>\n<h2 style=\"margin-top: 0;\"><strong>Benef\u00edcios derivados deste certificado<\/strong><\/h2>\n<p>[\/vc_column_text][vc_column_text css=&#8221;&#8221; dp_animation=&#8221;&#8221;]<span style=\"font-weight: 400;\">O principal benef\u00edcio da obten\u00e7\u00e3o deste certificado \u00e9 para o ambiente: quanto mais e melhor as empresas conhecerem as suas emiss\u00f5es e a sua origem, mais f\u00e1cil ser\u00e1 <strong>melhorar o seu desempenho ambiental<\/strong> e estabelecer planos de redu\u00e7\u00e3o, resultando num <strong>impacto positivo direto e valioso<\/strong> no planeta.<\/span><\/p>\n<p><span style=\"font-weight: 400;\">Por outro lado, as vantagens de que as empresas beneficiam s\u00e3o, para citar as mais relevantes:<\/span><\/p>\n<ul>\n<li style=\"font-weight: 400;\" aria-level=\"1\"><span style=\"font-weight: 400;\">Respeita <strong>os<\/strong> regulamentos e normas nacionais, supranacionais e internacionais.<\/span><\/li>\n<li style=\"font-weight: 400;\" aria-level=\"1\"><span style=\"font-weight: 400;\"><strong>Credibilidade e transpar\u00eancia<\/strong> para clientes, investidores, reguladores e outras partes interessadas <\/span><i><span style=\"font-weight: 400;\">partes interessadas<\/span><\/i><span style=\"font-weight: 400;\">.<\/span><\/li>\n<li style=\"font-weight: 400;\" aria-level=\"1\"><span style=\"font-weight: 400;\"><strong>Melhorar a reputa\u00e7\u00e3o<\/strong> num mundo em que os consumidores e os investidores valorizam cada vez mais o compromisso ambiental das empresas.<\/span><\/li>\n<li style=\"font-weight: 400;\" aria-level=\"1\"><span style=\"font-weight: 400;\"><strong>Acesso a<\/strong> <strong>novos mercados<\/strong>, uma vez que algumas certifica\u00e7\u00f5es s\u00e3o por vezes um pr\u00e9-requisito para a participa\u00e7\u00e3o em concursos p\u00fablicos e privados.<\/span><\/li>\n<li style=\"font-weight: 400;\" aria-level=\"1\"><span style=\"font-weight: 400;\">Identifica\u00e7\u00e3o de <strong>oportunidades de melhoria<\/strong> na <strong>redu\u00e7\u00e3o das emiss\u00f5es<\/strong> ou na otimiza\u00e7\u00e3o da efici\u00eancia operacional. Isto, por sua vez, pode levar a poupan\u00e7as de custos significativas. <\/span><\/li>\n<\/ul>\n<p><span style=\"font-weight: 400;\">Para o Grupo MailComms, os dois certificados complementam-se para conhecer em pormenor o nosso desempenho ambiental e para participar ativamente, como <\/span><a href=\"https:\/\/mailcommsgroup.com\/pt\/blog\/programa-de-formacao-para-fornecedores-sustentaveis\/\"><span style=\"font-weight: 400;\">fornecedor sustent\u00e1vel<\/span><\/a><span style=\"font-weight: 400;\"> (formado pelo Programa Global Compact da ONU), no desenvolvimento de uma cadeia de fornecimento respons\u00e1vel e amiga do ambiente. <\/span> <\/p>\n<p><span style=\"font-weight: 400;\">Tudo isto \u00e9 poss\u00edvel devido \u00e0s possibilidades de melhoria oferecidas pelos pormenores recolhidos durante as auditorias e devido \u00e0 nossa capacidade de informar as partes interessadas que nos solicitam. Desta forma, influenciamos e acompanhamos os outros actores para obter resultados mais abrangentes.   <\/span>[\/vc_column_text][\/vc_column][\/vc_row]<\/p>\n<\/div>","protected":false},"excerpt":{"rendered":"<p>Obtivemos o certificado Zero Res\u00edduos em 2024, ou seja, um n\u00edvel superior ao que j\u00e1 possu\u00edamos, e actualiz\u00e1mos a acredita\u00e7\u00e3o da Pegada de Carbono calculada pela AENOR, nos seus tr\u00eas \u00e2mbitos. Dizemos-te o que significam ambas e os benef\u00edcios que os dois certificados oferecem \u00e0s empresas e ao planeta. <\/p>\n","protected":false},"author":1,"featured_media":32627,"comment_status":"closed","ping_status":"closed","sticky":false,"template":"","format":"standard","meta":{"_acf_changed":false,"footnotes":""},"categories":[499],"class_list":["post-32632","post","type-post","status-publish","format-standard","has-post-thumbnail","hentry","category-noticias-da-empresa"],"acf":[],"yoast_head":"<!-- This site is optimized with the Yoast SEO plugin v27.2 - https:\/\/yoast.com\/product\/yoast-seo-wordpress\/ -->\n<title>Desempenho sustent\u00e1vel acreditado por dois certificados ambientais.<\/title>\n<meta name=\"description\" content=\"Obtivemos o certificado Zero Waste em 2024, e actualiz\u00e1mos a acredita\u00e7\u00e3o da Pegada de Carbono calculada pela AENOR, nos seus tr\u00eas \u00e2mbitos.\" \/>\n<meta name=\"robots\" content=\"index, follow, max-snippet:-1, max-image-preview:large, max-video-preview:-1\" \/>\n<link rel=\"canonical\" href=\"https:\/\/mailcommsgroup.com\/pt\/blog\/nuestro-desempeno-sostenible-acreditado-por-dos-de-los-principales-certificados-ambientales\/\" \/>\n<meta property=\"og:locale\" content=\"pt_PT\" \/>\n<meta property=\"og:type\" content=\"article\" \/>\n<meta property=\"og:title\" content=\"Desempenho sustent\u00e1vel acreditado por dois certificados ambientais.\" \/>\n<meta property=\"og:description\" content=\"Obtivemos o certificado Zero Waste em 2024, e actualiz\u00e1mos a acredita\u00e7\u00e3o da Pegada de Carbono calculada pela AENOR, nos seus tr\u00eas \u00e2mbitos.\" \/>\n<meta property=\"og:url\" content=\"https:\/\/mailcommsgroup.com\/pt\/blog\/nuestro-desempeno-sostenible-acreditado-por-dos-de-los-principales-certificados-ambientales\/\" \/>\n<meta property=\"og:site_name\" content=\"Mailcomms Group\" \/>\n<meta property=\"article:published_time\" content=\"2025-03-12T14:30:01+00:00\" \/>\n<meta property=\"article:modified_time\" content=\"2025-04-04T10:51:29+00:00\" \/>\n<meta property=\"og:image\" content=\"https:\/\/mailcommsgroup.com\/wp-content\/uploads\/2024\/05\/manuel-lopez-paya-liderara-unified-comms.webp\" \/>\n<meta name=\"author\" content=\"Mailcomms Group\" \/>\n<meta name=\"twitter:card\" content=\"summary_large_image\" \/>\n<meta name=\"twitter:title\" content=\"11\" \/>\n<meta name=\"twitter:image\" content=\"https:\/\/mailcommsgroup.com\/wp-content\/uploads\/2024\/05\/manuel-lopez-paya-liderara-unified-comms.webp\" \/>\n<meta name=\"twitter:creator\" content=\"@CommsCustomer\" \/>\n<meta name=\"twitter:site\" content=\"@CommsCustomer\" \/>\n<meta name=\"twitter:label1\" content=\"Escrito por\" \/>\n\t<meta name=\"twitter:data1\" content=\"Mailcomms Group\" \/>\n\t<meta name=\"twitter:label2\" content=\"Tempo estimado de leitura\" \/>\n\t<meta name=\"twitter:data2\" content=\"7 minutos\" \/>\n<script type=\"application\/ld+json\" class=\"yoast-schema-graph\">{\"@context\":\"https:\/\/schema.org\",\"@graph\":[{\"@type\":\"Article\",\"@id\":\"https:\/\/mailcommsgroup.com\/pt\/blog\/nuestro-desempeno-sostenible-acreditado-por-dos-de-los-principales-certificados-ambientales\/#article\",\"isPartOf\":{\"@id\":\"https:\/\/mailcommsgroup.com\/pt\/blog\/nuestro-desempeno-sostenible-acreditado-por-dos-de-los-principales-certificados-ambientales\/\"},\"author\":{\"name\":\"Mailcomms Group\",\"@id\":\"https:\/\/mailcommsgroup.com\/pt\/#\/schema\/person\/c3a3ecfc795ade78319e6b1af9d65684\"},\"headline\":\"O nosso desempenho sustent\u00e1vel \u00e9 acreditado por dois importantes certificados ambientais.\",\"datePublished\":\"2025-03-12T14:30:01+00:00\",\"dateModified\":\"2025-04-04T10:51:29+00:00\",\"mainEntityOfPage\":{\"@id\":\"https:\/\/mailcommsgroup.com\/pt\/blog\/nuestro-desempeno-sostenible-acreditado-por-dos-de-los-principales-certificados-ambientales\/\"},\"wordCount\":1375,\"publisher\":{\"@id\":\"https:\/\/mailcommsgroup.com\/pt\/#organization\"},\"image\":{\"@id\":\"https:\/\/mailcommsgroup.com\/pt\/blog\/nuestro-desempeno-sostenible-acreditado-por-dos-de-los-principales-certificados-ambientales\/#primaryimage\"},\"thumbnailUrl\":\"https:\/\/mailcommsgroup.com\/wp-content\/uploads\/2025\/03\/Imagen-Princi_-1.png\",\"articleSection\":[\"Not\u00edcias da empresa\"],\"inLanguage\":\"pt-PT\"},{\"@type\":\"WebPage\",\"@id\":\"https:\/\/mailcommsgroup.com\/pt\/blog\/nuestro-desempeno-sostenible-acreditado-por-dos-de-los-principales-certificados-ambientales\/\",\"url\":\"https:\/\/mailcommsgroup.com\/pt\/blog\/nuestro-desempeno-sostenible-acreditado-por-dos-de-los-principales-certificados-ambientales\/\",\"name\":\"Desempenho sustent\u00e1vel acreditado por dois certificados ambientais.\",\"isPartOf\":{\"@id\":\"https:\/\/mailcommsgroup.com\/pt\/#website\"},\"primaryImageOfPage\":{\"@id\":\"https:\/\/mailcommsgroup.com\/pt\/blog\/nuestro-desempeno-sostenible-acreditado-por-dos-de-los-principales-certificados-ambientales\/#primaryimage\"},\"image\":{\"@id\":\"https:\/\/mailcommsgroup.com\/pt\/blog\/nuestro-desempeno-sostenible-acreditado-por-dos-de-los-principales-certificados-ambientales\/#primaryimage\"},\"thumbnailUrl\":\"https:\/\/mailcommsgroup.com\/wp-content\/uploads\/2025\/03\/Imagen-Princi_-1.png\",\"datePublished\":\"2025-03-12T14:30:01+00:00\",\"dateModified\":\"2025-04-04T10:51:29+00:00\",\"description\":\"Obtivemos o certificado Zero Waste em 2024, e actualiz\u00e1mos a acredita\u00e7\u00e3o da Pegada de Carbono calculada pela AENOR, nos seus tr\u00eas \u00e2mbitos.\",\"breadcrumb\":{\"@id\":\"https:\/\/mailcommsgroup.com\/pt\/blog\/nuestro-desempeno-sostenible-acreditado-por-dos-de-los-principales-certificados-ambientales\/#breadcrumb\"},\"inLanguage\":\"pt-PT\",\"potentialAction\":[{\"@type\":\"ReadAction\",\"target\":[\"https:\/\/mailcommsgroup.com\/pt\/blog\/nuestro-desempeno-sostenible-acreditado-por-dos-de-los-principales-certificados-ambientales\/\"]}]},{\"@type\":\"ImageObject\",\"inLanguage\":\"pt-PT\",\"@id\":\"https:\/\/mailcommsgroup.com\/pt\/blog\/nuestro-desempeno-sostenible-acreditado-por-dos-de-los-principales-certificados-ambientales\/#primaryimage\",\"url\":\"https:\/\/mailcommsgroup.com\/wp-content\/uploads\/2025\/03\/Imagen-Princi_-1.png\",\"contentUrl\":\"https:\/\/mailcommsgroup.com\/wp-content\/uploads\/2025\/03\/Imagen-Princi_-1.png\",\"width\":892,\"height\":622},{\"@type\":\"BreadcrumbList\",\"@id\":\"https:\/\/mailcommsgroup.com\/pt\/blog\/nuestro-desempeno-sostenible-acreditado-por-dos-de-los-principales-certificados-ambientales\/#breadcrumb\",\"itemListElement\":[{\"@type\":\"ListItem\",\"position\":1,\"name\":\"Mailcomms Group\",\"item\":\"https:\/\/mailcommsgroup.com\/pt\/\"},{\"@type\":\"ListItem\",\"position\":2,\"name\":\"Blogue\",\"item\":\"https:\/\/mailcommsgroup.com\/pt\/blog\/\"},{\"@type\":\"ListItem\",\"position\":3,\"name\":\"O nosso desempenho sustent\u00e1vel \u00e9 acreditado por dois importantes certificados ambientais.\"}]},{\"@type\":\"WebSite\",\"@id\":\"https:\/\/mailcommsgroup.com\/pt\/#website\",\"url\":\"https:\/\/mailcommsgroup.com\/pt\/\",\"name\":\"MailComms Group\",\"description\":\"La transformaci\u00f3n digital a trav\u00e9s de la comunicaci\u00f3n omnicanal, con plena validez legal.\",\"publisher\":{\"@id\":\"https:\/\/mailcommsgroup.com\/pt\/#organization\"},\"alternateName\":\"MailComms Group\",\"potentialAction\":[{\"@type\":\"SearchAction\",\"target\":{\"@type\":\"EntryPoint\",\"urlTemplate\":\"https:\/\/mailcommsgroup.com\/pt\/?s={search_term_string}\"},\"query-input\":{\"@type\":\"PropertyValueSpecification\",\"valueRequired\":true,\"valueName\":\"search_term_string\"}}],\"inLanguage\":\"pt-PT\"},{\"@type\":\"Organization\",\"@id\":\"https:\/\/mailcommsgroup.com\/pt\/#organization\",\"name\":\"MailComms Group - Soluciones de comunicaci\u00f3n omnicanal con validez legal.\",\"alternateName\":\"MailComms Group\",\"url\":\"https:\/\/mailcommsgroup.com\/pt\/\",\"logo\":{\"@type\":\"ImageObject\",\"inLanguage\":\"pt-PT\",\"@id\":\"https:\/\/mailcommsgroup.com\/pt\/#\/schema\/logo\/image\/\",\"url\":\"https:\/\/mailcommsgroup.com\/wp-content\/uploads\/2023\/05\/icon_mini_mailcommsgroup.png\",\"contentUrl\":\"https:\/\/mailcommsgroup.com\/wp-content\/uploads\/2023\/05\/icon_mini_mailcommsgroup.png\",\"width\":512,\"height\":512,\"caption\":\"MailComms Group - Soluciones de comunicaci\u00f3n omnicanal con validez legal.\"},\"image\":{\"@id\":\"https:\/\/mailcommsgroup.com\/pt\/#\/schema\/logo\/image\/\"},\"sameAs\":[\"https:\/\/x.com\/CommsCustomer\",\"https:\/\/www.linkedin.com\/company\/customercomms\/\",\"https:\/\/www.youtube.com\/channel\/UCtvYLee1QHy89JS2-gMgnTQ\"]},{\"@type\":\"Person\",\"@id\":\"https:\/\/mailcommsgroup.com\/pt\/#\/schema\/person\/c3a3ecfc795ade78319e6b1af9d65684\",\"name\":\"Mailcomms Group\",\"image\":{\"@type\":\"ImageObject\",\"inLanguage\":\"pt-PT\",\"@id\":\"https:\/\/secure.gravatar.com\/avatar\/f4012bdfd3c1190166ba510602a508ab2a504cafc93cf37f0c8cbdc54e85846a?s=96&d=mm&r=g\",\"url\":\"https:\/\/secure.gravatar.com\/avatar\/f4012bdfd3c1190166ba510602a508ab2a504cafc93cf37f0c8cbdc54e85846a?s=96&d=mm&r=g\",\"contentUrl\":\"https:\/\/secure.gravatar.com\/avatar\/f4012bdfd3c1190166ba510602a508ab2a504cafc93cf37f0c8cbdc54e85846a?s=96&d=mm&r=g\",\"caption\":\"Mailcomms Group\"},\"sameAs\":[\"https:\/\/mailcommsgroup.com\"],\"url\":\"https:\/\/mailcommsgroup.com\/pt\/blog\/author\/ntrwrks_ccmms\/\"}]}<\/script>\n<!-- \/ Yoast SEO plugin. -->","yoast_head_json":{"title":"Desempenho sustent\u00e1vel acreditado por dois certificados ambientais.","description":"Obtivemos o certificado Zero Waste em 2024, e actualiz\u00e1mos a acredita\u00e7\u00e3o da Pegada de Carbono calculada pela AENOR, nos seus tr\u00eas \u00e2mbitos.","robots":{"index":"index","follow":"follow","max-snippet":"max-snippet:-1","max-image-preview":"max-image-preview:large","max-video-preview":"max-video-preview:-1"},"canonical":"https:\/\/mailcommsgroup.com\/pt\/blog\/nuestro-desempeno-sostenible-acreditado-por-dos-de-los-principales-certificados-ambientales\/","og_locale":"pt_PT","og_type":"article","og_title":"Desempenho sustent\u00e1vel acreditado por dois certificados ambientais.","og_description":"Obtivemos o certificado Zero Waste em 2024, e actualiz\u00e1mos a acredita\u00e7\u00e3o da Pegada de Carbono calculada pela AENOR, nos seus tr\u00eas \u00e2mbitos.","og_url":"https:\/\/mailcommsgroup.com\/pt\/blog\/nuestro-desempeno-sostenible-acreditado-por-dos-de-los-principales-certificados-ambientales\/","og_site_name":"Mailcomms Group","article_published_time":"2025-03-12T14:30:01+00:00","article_modified_time":"2025-04-04T10:51:29+00:00","og_image":[{"url":"https:\/\/mailcommsgroup.com\/wp-content\/uploads\/2024\/05\/manuel-lopez-paya-liderara-unified-comms.webp","type":"","width":"","height":""}],"author":"Mailcomms Group","twitter_card":"summary_large_image","twitter_title":"11","twitter_image":"https:\/\/mailcommsgroup.com\/wp-content\/uploads\/2024\/05\/manuel-lopez-paya-liderara-unified-comms.webp","twitter_creator":"@CommsCustomer","twitter_site":"@CommsCustomer","twitter_misc":{"Escrito por":"Mailcomms Group","Tempo estimado de leitura":"7 minutos"},"schema":{"@context":"https:\/\/schema.org","@graph":[{"@type":"Article","@id":"https:\/\/mailcommsgroup.com\/pt\/blog\/nuestro-desempeno-sostenible-acreditado-por-dos-de-los-principales-certificados-ambientales\/#article","isPartOf":{"@id":"https:\/\/mailcommsgroup.com\/pt\/blog\/nuestro-desempeno-sostenible-acreditado-por-dos-de-los-principales-certificados-ambientales\/"},"author":{"name":"Mailcomms Group","@id":"https:\/\/mailcommsgroup.com\/pt\/#\/schema\/person\/c3a3ecfc795ade78319e6b1af9d65684"},"headline":"O nosso desempenho sustent\u00e1vel \u00e9 acreditado por dois importantes certificados ambientais.","datePublished":"2025-03-12T14:30:01+00:00","dateModified":"2025-04-04T10:51:29+00:00","mainEntityOfPage":{"@id":"https:\/\/mailcommsgroup.com\/pt\/blog\/nuestro-desempeno-sostenible-acreditado-por-dos-de-los-principales-certificados-ambientales\/"},"wordCount":1375,"publisher":{"@id":"https:\/\/mailcommsgroup.com\/pt\/#organization"},"image":{"@id":"https:\/\/mailcommsgroup.com\/pt\/blog\/nuestro-desempeno-sostenible-acreditado-por-dos-de-los-principales-certificados-ambientales\/#primaryimage"},"thumbnailUrl":"https:\/\/mailcommsgroup.com\/wp-content\/uploads\/2025\/03\/Imagen-Princi_-1.png","articleSection":["Not\u00edcias da empresa"],"inLanguage":"pt-PT"},{"@type":"WebPage","@id":"https:\/\/mailcommsgroup.com\/pt\/blog\/nuestro-desempeno-sostenible-acreditado-por-dos-de-los-principales-certificados-ambientales\/","url":"https:\/\/mailcommsgroup.com\/pt\/blog\/nuestro-desempeno-sostenible-acreditado-por-dos-de-los-principales-certificados-ambientales\/","name":"Desempenho sustent\u00e1vel acreditado por dois certificados ambientais.","isPartOf":{"@id":"https:\/\/mailcommsgroup.com\/pt\/#website"},"primaryImageOfPage":{"@id":"https:\/\/mailcommsgroup.com\/pt\/blog\/nuestro-desempeno-sostenible-acreditado-por-dos-de-los-principales-certificados-ambientales\/#primaryimage"},"image":{"@id":"https:\/\/mailcommsgroup.com\/pt\/blog\/nuestro-desempeno-sostenible-acreditado-por-dos-de-los-principales-certificados-ambientales\/#primaryimage"},"thumbnailUrl":"https:\/\/mailcommsgroup.com\/wp-content\/uploads\/2025\/03\/Imagen-Princi_-1.png","datePublished":"2025-03-12T14:30:01+00:00","dateModified":"2025-04-04T10:51:29+00:00","description":"Obtivemos o certificado Zero Waste em 2024, e actualiz\u00e1mos a acredita\u00e7\u00e3o da Pegada de Carbono calculada pela AENOR, nos seus tr\u00eas \u00e2mbitos.","breadcrumb":{"@id":"https:\/\/mailcommsgroup.com\/pt\/blog\/nuestro-desempeno-sostenible-acreditado-por-dos-de-los-principales-certificados-ambientales\/#breadcrumb"},"inLanguage":"pt-PT","potentialAction":[{"@type":"ReadAction","target":["https:\/\/mailcommsgroup.com\/pt\/blog\/nuestro-desempeno-sostenible-acreditado-por-dos-de-los-principales-certificados-ambientales\/"]}]},{"@type":"ImageObject","inLanguage":"pt-PT","@id":"https:\/\/mailcommsgroup.com\/pt\/blog\/nuestro-desempeno-sostenible-acreditado-por-dos-de-los-principales-certificados-ambientales\/#primaryimage","url":"https:\/\/mailcommsgroup.com\/wp-content\/uploads\/2025\/03\/Imagen-Princi_-1.png","contentUrl":"https:\/\/mailcommsgroup.com\/wp-content\/uploads\/2025\/03\/Imagen-Princi_-1.png","width":892,"height":622},{"@type":"BreadcrumbList","@id":"https:\/\/mailcommsgroup.com\/pt\/blog\/nuestro-desempeno-sostenible-acreditado-por-dos-de-los-principales-certificados-ambientales\/#breadcrumb","itemListElement":[{"@type":"ListItem","position":1,"name":"Mailcomms Group","item":"https:\/\/mailcommsgroup.com\/pt\/"},{"@type":"ListItem","position":2,"name":"Blogue","item":"https:\/\/mailcommsgroup.com\/pt\/blog\/"},{"@type":"ListItem","position":3,"name":"O nosso desempenho sustent\u00e1vel \u00e9 acreditado por dois importantes certificados ambientais."}]},{"@type":"WebSite","@id":"https:\/\/mailcommsgroup.com\/pt\/#website","url":"https:\/\/mailcommsgroup.com\/pt\/","name":"MailComms Group","description":"La transformaci\u00f3n digital a trav\u00e9s de la comunicaci\u00f3n omnicanal, con plena validez legal.","publisher":{"@id":"https:\/\/mailcommsgroup.com\/pt\/#organization"},"alternateName":"MailComms Group","potentialAction":[{"@type":"SearchAction","target":{"@type":"EntryPoint","urlTemplate":"https:\/\/mailcommsgroup.com\/pt\/?s={search_term_string}"},"query-input":{"@type":"PropertyValueSpecification","valueRequired":true,"valueName":"search_term_string"}}],"inLanguage":"pt-PT"},{"@type":"Organization","@id":"https:\/\/mailcommsgroup.com\/pt\/#organization","name":"MailComms Group - Soluciones de comunicaci\u00f3n omnicanal con validez legal.","alternateName":"MailComms Group","url":"https:\/\/mailcommsgroup.com\/pt\/","logo":{"@type":"ImageObject","inLanguage":"pt-PT","@id":"https:\/\/mailcommsgroup.com\/pt\/#\/schema\/logo\/image\/","url":"https:\/\/mailcommsgroup.com\/wp-content\/uploads\/2023\/05\/icon_mini_mailcommsgroup.png","contentUrl":"https:\/\/mailcommsgroup.com\/wp-content\/uploads\/2023\/05\/icon_mini_mailcommsgroup.png","width":512,"height":512,"caption":"MailComms Group - Soluciones de comunicaci\u00f3n omnicanal con validez legal."},"image":{"@id":"https:\/\/mailcommsgroup.com\/pt\/#\/schema\/logo\/image\/"},"sameAs":["https:\/\/x.com\/CommsCustomer","https:\/\/www.linkedin.com\/company\/customercomms\/","https:\/\/www.youtube.com\/channel\/UCtvYLee1QHy89JS2-gMgnTQ"]},{"@type":"Person","@id":"https:\/\/mailcommsgroup.com\/pt\/#\/schema\/person\/c3a3ecfc795ade78319e6b1af9d65684","name":"Mailcomms Group","image":{"@type":"ImageObject","inLanguage":"pt-PT","@id":"https:\/\/secure.gravatar.com\/avatar\/f4012bdfd3c1190166ba510602a508ab2a504cafc93cf37f0c8cbdc54e85846a?s=96&d=mm&r=g","url":"https:\/\/secure.gravatar.com\/avatar\/f4012bdfd3c1190166ba510602a508ab2a504cafc93cf37f0c8cbdc54e85846a?s=96&d=mm&r=g","contentUrl":"https:\/\/secure.gravatar.com\/avatar\/f4012bdfd3c1190166ba510602a508ab2a504cafc93cf37f0c8cbdc54e85846a?s=96&d=mm&r=g","caption":"Mailcomms Group"},"sameAs":["https:\/\/mailcommsgroup.com"],"url":"https:\/\/mailcommsgroup.com\/pt\/blog\/author\/ntrwrks_ccmms\/"}]}},"_links":{"self":[{"href":"https:\/\/mailcommsgroup.com\/pt\/wp-json\/wp\/v2\/posts\/32632","targetHints":{"allow":["GET"]}}],"collection":[{"href":"https:\/\/mailcommsgroup.com\/pt\/wp-json\/wp\/v2\/posts"}],"about":[{"href":"https:\/\/mailcommsgroup.com\/pt\/wp-json\/wp\/v2\/types\/post"}],"author":[{"embeddable":true,"href":"https:\/\/mailcommsgroup.com\/pt\/wp-json\/wp\/v2\/users\/1"}],"replies":[{"embeddable":true,"href":"https:\/\/mailcommsgroup.com\/pt\/wp-json\/wp\/v2\/comments?post=32632"}],"version-history":[{"count":5,"href":"https:\/\/mailcommsgroup.com\/pt\/wp-json\/wp\/v2\/posts\/32632\/revisions"}],"predecessor-version":[{"id":33419,"href":"https:\/\/mailcommsgroup.com\/pt\/wp-json\/wp\/v2\/posts\/32632\/revisions\/33419"}],"wp:featuredmedia":[{"embeddable":true,"href":"https:\/\/mailcommsgroup.com\/pt\/wp-json\/wp\/v2\/media\/32627"}],"wp:attachment":[{"href":"https:\/\/mailcommsgroup.com\/pt\/wp-json\/wp\/v2\/media?parent=32632"}],"wp:term":[{"taxonomy":"category","embeddable":true,"href":"https:\/\/mailcommsgroup.com\/pt\/wp-json\/wp\/v2\/categories?post=32632"}],"curies":[{"name":"wp","href":"https:\/\/api.w.org\/{rel}","templated":true}]}}