{"id":31805,"date":"2025-02-13T12:11:16","date_gmt":"2025-02-13T11:11:16","guid":{"rendered":"https:\/\/mailcommsgroup.com\/?p=31805"},"modified":"2025-08-25T12:54:17","modified_gmt":"2025-08-25T10:54:17","slug":"mailteck-reforca-o-seu-painel-administrativo-com-a-corporacao-de-duarte-conceicao","status":"publish","type":"post","link":"https:\/\/mailcommsgroup.com\/pt\/blog\/mailteck-reforca-o-seu-painel-administrativo-com-a-corporacao-de-duarte-conceicao\/","title":{"rendered":"MailTecK refor\u00e7a o seu Conselho de Administra\u00e7\u00e3o com a entrada de Duarte Concei\u00e7\u00e3o"},"content":{"rendered":"<div class=\"wpb-content-wrapper\"><p>[vc_row type=&#8221;grid&#8221;][vc_column dp_animation=&#8221;&#8221;][vc_single_image image=&#8221;32018&#8243; img_size=&#8221;full&#8221; alignment=&#8221;right&#8221; css=&#8221;&#8221; dp_animation=&#8221;&#8221; alt=&#8221;Marian Garc\u00eda Benito &#8211; Marketing Product Manager&#8221;][vc_empty_space height=&#8221;20px&#8221;][vc_column_text css=&#8221;&#8221; dp_animation=&#8221;&#8221;]Na MailTecK, a inova\u00e7\u00e3o e a estrat\u00e9gia s\u00e3o fundamentais para o nosso crescimento. \u00c9 por isso que temos o prazer de anunciar que <strong>Duarte Concei\u00e7\u00e3o, atual CEO da Contisystems, se junta ao nosso Conselho de Administra\u00e7\u00e3o.<\/strong> A sua incorpora\u00e7\u00e3o refor\u00e7a a nossa aposta na transforma\u00e7\u00e3o digital e na internacionaliza\u00e7\u00e3o. <\/p>\n<p>Com mais de 20 anos de experi\u00eancia em tecnologia e lideran\u00e7a empresarial, Duarte<strong> trabalhou em projectos-chave para institui\u00e7\u00f5es financeiras e liderou a evolu\u00e7\u00e3o da Contisystems at\u00e9 \u00e0 sua integra\u00e7\u00e3o no Grupo MailComms em 2023<\/strong>. O seu percurso destaca-se pela aposta na transforma\u00e7\u00e3o tecnol\u00f3gica, efici\u00eancia, inova\u00e7\u00e3o e digitaliza\u00e7\u00e3o de processos operacionais. <\/p>\n<p><strong>Iniciou a sua carreira profissional no Grupo Altran e desde ent\u00e3o tem desempenhado fun\u00e7\u00f5es chave em v\u00e1rias organiza\u00e7\u00f5es, desenvolvendo projectos tecnol\u00f3gicos para v\u00e1rias institui\u00e7\u00f5es financeiras<\/strong> como o MillenniumBCP, Banco Santander e Barclays. Liderou ainda o primeiro projeto de Certifica\u00e7\u00e3o Digital para o Governo Portugu\u00eas e foi respons\u00e1vel pela implementa\u00e7\u00e3o de plataformas de pagamento altamente seguras no \u00e2mbito do programa @DAN da Comiss\u00e3o Europeia. <\/p>\n<p>Sob a sua lideran\u00e7a, a Contisystems desenvolveu uma plataforma de comunica\u00e7\u00e3o multicanal, &#8220;unicks&#8221;, capaz de gerir milh\u00f5es de documentos e processos de neg\u00f3cio, ligando bancos e seguradoras em Portugal e Espanha.<\/p>\n<p>Desde 2022, <strong>Duarte faz parte da dire\u00e7\u00e3o da IPN Global, uma associa\u00e7\u00e3o de empresas l\u00edderes em comunica\u00e7\u00e3o digital, impress\u00e3o e artes gr\u00e1ficas com presen\u00e7a em mais de 200 locais em todo o mundo.<\/strong> \u00c9 tamb\u00e9m um <strong>membro ativo da Young Presidents&#8217; Organization (YPO)<\/strong>, onde foi presidente do cap\u00edtulo portugu\u00eas em 2022-2023.<\/p>\n<p><strong>Javier Echebarr\u00eda, presidente executivo e diretor executivo da MailTecK, manifestou o seu entusiasmo:<\/strong> &#8220;O Duarte traz uma vis\u00e3o operacional e estrat\u00e9gica e uma vasta experi\u00eancia em tecnologia e mercados internacionais. O seu contributo ser\u00e1 fundamental para os nossos objectivos de crescimento org\u00e2nico e aquisitivo.[\/vc_column_text][\/vc_column][\/vc_row][vc_row type=&#8221;grid&#8221;][vc_column dp_animation=&#8221;&#8221;][vc_column_text css=&#8221;.vc_custom_1739444265045{padding-top: 10px !important;padding-bottom: 10px !important;}&#8221; dp_animation=&#8221;&#8221;]<\/p>\n<blockquote>\n<p>Duarte Concei\u00e7\u00e3o partilhou o seu entusiasmo por este novo desafio: &#8220;\u00c9 uma honra fazer parte de um grupo t\u00e3o inovador. Estou ansioso por contribuir para a evolu\u00e7\u00e3o do MailTecK e continuar a impulsionar a sua transforma\u00e7\u00e3o tecnol\u00f3gica e expans\u00e3o internacional.<\/p>\n<\/blockquote>\n<p>[\/vc_column_text][\/vc_column][\/vc_row][vc_row type=&#8221;grid&#8221;][vc_column dp_animation=&#8221;&#8221;][vc_column_text css=&#8221;&#8221; dp_animation=&#8221;&#8221;]Com esta adi\u00e7\u00e3o \u00e0 dire\u00e7\u00e3o, a MailTecK reafirma o seu compromisso com a inova\u00e7\u00e3o e a lideran\u00e7a na comunica\u00e7\u00e3o omnicanal personalizada na Pen\u00ednsula Ib\u00e9rica. Bem-vindo a bordo, Duarte![\/vc_column_text][\/vc_column][\/vc_row]<\/p>\n<\/div>","protected":false},"excerpt":{"rendered":"<p>O novo Key Account Manager ir\u00e1 colaborar com todas as nossas linhas de neg\u00f3cio para desenvolver projectos de digitaliza\u00e7\u00e3o e moderniza\u00e7\u00e3o para organiza\u00e7\u00f5es p\u00fablicas.<\/p>\n","protected":false},"author":1,"featured_media":32020,"comment_status":"closed","ping_status":"closed","sticky":false,"template":"","format":"standard","meta":{"_acf_changed":false,"footnotes":""},"categories":[499],"class_list":["post-31805","post","type-post","status-publish","format-standard","has-post-thumbnail","hentry","category-noticias-da-empresa"],"acf":[],"yoast_head":"<!-- This site is optimized with the Yoast SEO plugin v27.2 - https:\/\/yoast.com\/product\/yoast-seo-wordpress\/ -->\n<title>Duarte Concei\u00e7\u00e3o junta-se ao nosso Conselho de Administra\u00e7\u00e3o.<\/title>\n<meta name=\"description\" content=\"Com esta entrada no conselho de administra\u00e7\u00e3o, a MailTecK reafirma o seu compromisso com a inova\u00e7\u00e3o e a lideran\u00e7a na comunica\u00e7\u00e3o omnicanal personalizada na Pen\u00ednsula Ib\u00e9rica.\" \/>\n<meta name=\"robots\" content=\"index, follow, max-snippet:-1, max-image-preview:large, max-video-preview:-1\" \/>\n<link rel=\"canonical\" href=\"https:\/\/mailcommsgroup.com\/pt\/blog\/mailteck-reforca-o-seu-painel-administrativo-com-a-corporacao-de-duarte-conceicao\/\" \/>\n<meta property=\"og:locale\" content=\"pt_PT\" \/>\n<meta property=\"og:type\" content=\"article\" \/>\n<meta property=\"og:title\" content=\"Duarte Concei\u00e7\u00e3o junta-se ao nosso Conselho de Administra\u00e7\u00e3o.\" \/>\n<meta property=\"og:description\" content=\"Com esta entrada no conselho de administra\u00e7\u00e3o, a MailTecK reafirma o seu compromisso com a inova\u00e7\u00e3o e a lideran\u00e7a na comunica\u00e7\u00e3o omnicanal personalizada na Pen\u00ednsula Ib\u00e9rica.\" \/>\n<meta property=\"og:url\" content=\"https:\/\/mailcommsgroup.com\/pt\/blog\/mailteck-reforca-o-seu-painel-administrativo-com-a-corporacao-de-duarte-conceicao\/\" \/>\n<meta property=\"og:site_name\" content=\"Mailcomms Group\" \/>\n<meta property=\"article:published_time\" content=\"2025-02-13T11:11:16+00:00\" \/>\n<meta property=\"article:modified_time\" content=\"2025-08-25T10:54:17+00:00\" \/>\n<meta property=\"og:image\" content=\"https:\/\/mailcommsgroup.com\/wp-content\/uploads\/2025\/02\/incorporacion-duarte-conceicao-1.webp\" \/>\n\t<meta property=\"og:image:width\" content=\"900\" \/>\n\t<meta property=\"og:image:height\" content=\"628\" \/>\n\t<meta property=\"og:image:type\" content=\"image\/webp\" \/>\n<meta name=\"author\" content=\"Mailcomms Group\" \/>\n<meta name=\"twitter:card\" content=\"summary_large_image\" \/>\n<meta name=\"twitter:title\" content=\"11\" \/>\n<meta name=\"twitter:image\" content=\"https:\/\/mailcommsgroup.com\/wp-content\/uploads\/2025\/02\/incorporacion-duarte-conceicao-1.webp\" \/>\n<meta name=\"twitter:creator\" content=\"@CommsCustomer\" \/>\n<meta name=\"twitter:site\" content=\"@CommsCustomer\" \/>\n<meta name=\"twitter:label1\" content=\"Escrito por\" \/>\n\t<meta name=\"twitter:data1\" content=\"Mailcomms Group\" \/>\n\t<meta name=\"twitter:label2\" content=\"Tempo estimado de leitura\" \/>\n\t<meta name=\"twitter:data2\" content=\"3 minutos\" \/>\n<script type=\"application\/ld+json\" class=\"yoast-schema-graph\">{\"@context\":\"https:\/\/schema.org\",\"@graph\":[{\"@type\":\"Article\",\"@id\":\"https:\/\/mailcommsgroup.com\/pt\/blog\/mailteck-reforca-o-seu-painel-administrativo-com-a-corporacao-de-duarte-conceicao\/#article\",\"isPartOf\":{\"@id\":\"https:\/\/mailcommsgroup.com\/pt\/blog\/mailteck-reforca-o-seu-painel-administrativo-com-a-corporacao-de-duarte-conceicao\/\"},\"author\":{\"name\":\"Mailcomms Group\",\"@id\":\"https:\/\/mailcommsgroup.com\/pt\/#\/schema\/person\/c3a3ecfc795ade78319e6b1af9d65684\"},\"headline\":\"MailTecK refor\u00e7a o seu Conselho de Administra\u00e7\u00e3o com a entrada de Duarte Concei\u00e7\u00e3o\",\"datePublished\":\"2025-02-13T11:11:16+00:00\",\"dateModified\":\"2025-08-25T10:54:17+00:00\",\"mainEntityOfPage\":{\"@id\":\"https:\/\/mailcommsgroup.com\/pt\/blog\/mailteck-reforca-o-seu-painel-administrativo-com-a-corporacao-de-duarte-conceicao\/\"},\"wordCount\":523,\"publisher\":{\"@id\":\"https:\/\/mailcommsgroup.com\/pt\/#organization\"},\"image\":{\"@id\":\"https:\/\/mailcommsgroup.com\/pt\/blog\/mailteck-reforca-o-seu-painel-administrativo-com-a-corporacao-de-duarte-conceicao\/#primaryimage\"},\"thumbnailUrl\":\"https:\/\/mailcommsgroup.com\/wp-content\/uploads\/2025\/02\/incorporacion-duarte-conceicao-1.webp\",\"articleSection\":[\"Not\u00edcias da empresa\"],\"inLanguage\":\"pt-PT\"},{\"@type\":\"WebPage\",\"@id\":\"https:\/\/mailcommsgroup.com\/pt\/blog\/mailteck-reforca-o-seu-painel-administrativo-com-a-corporacao-de-duarte-conceicao\/\",\"url\":\"https:\/\/mailcommsgroup.com\/pt\/blog\/mailteck-reforca-o-seu-painel-administrativo-com-a-corporacao-de-duarte-conceicao\/\",\"name\":\"Duarte Concei\u00e7\u00e3o junta-se ao nosso Conselho de Administra\u00e7\u00e3o.\",\"isPartOf\":{\"@id\":\"https:\/\/mailcommsgroup.com\/pt\/#website\"},\"primaryImageOfPage\":{\"@id\":\"https:\/\/mailcommsgroup.com\/pt\/blog\/mailteck-reforca-o-seu-painel-administrativo-com-a-corporacao-de-duarte-conceicao\/#primaryimage\"},\"image\":{\"@id\":\"https:\/\/mailcommsgroup.com\/pt\/blog\/mailteck-reforca-o-seu-painel-administrativo-com-a-corporacao-de-duarte-conceicao\/#primaryimage\"},\"thumbnailUrl\":\"https:\/\/mailcommsgroup.com\/wp-content\/uploads\/2025\/02\/incorporacion-duarte-conceicao-1.webp\",\"datePublished\":\"2025-02-13T11:11:16+00:00\",\"dateModified\":\"2025-08-25T10:54:17+00:00\",\"description\":\"Com esta entrada no conselho de administra\u00e7\u00e3o, a MailTecK reafirma o seu compromisso com a inova\u00e7\u00e3o e a lideran\u00e7a na comunica\u00e7\u00e3o omnicanal personalizada na Pen\u00ednsula Ib\u00e9rica.\",\"breadcrumb\":{\"@id\":\"https:\/\/mailcommsgroup.com\/pt\/blog\/mailteck-reforca-o-seu-painel-administrativo-com-a-corporacao-de-duarte-conceicao\/#breadcrumb\"},\"inLanguage\":\"pt-PT\",\"potentialAction\":[{\"@type\":\"ReadAction\",\"target\":[\"https:\/\/mailcommsgroup.com\/pt\/blog\/mailteck-reforca-o-seu-painel-administrativo-com-a-corporacao-de-duarte-conceicao\/\"]}]},{\"@type\":\"ImageObject\",\"inLanguage\":\"pt-PT\",\"@id\":\"https:\/\/mailcommsgroup.com\/pt\/blog\/mailteck-reforca-o-seu-painel-administrativo-com-a-corporacao-de-duarte-conceicao\/#primaryimage\",\"url\":\"https:\/\/mailcommsgroup.com\/wp-content\/uploads\/2025\/02\/incorporacion-duarte-conceicao-1.webp\",\"contentUrl\":\"https:\/\/mailcommsgroup.com\/wp-content\/uploads\/2025\/02\/incorporacion-duarte-conceicao-1.webp\",\"width\":900,\"height\":628,\"caption\":\"Incorporaci\u00f3n Duarte Concei\u00e7\u00e3o\"},{\"@type\":\"BreadcrumbList\",\"@id\":\"https:\/\/mailcommsgroup.com\/pt\/blog\/mailteck-reforca-o-seu-painel-administrativo-com-a-corporacao-de-duarte-conceicao\/#breadcrumb\",\"itemListElement\":[{\"@type\":\"ListItem\",\"position\":1,\"name\":\"Mailcomms Group\",\"item\":\"https:\/\/mailcommsgroup.com\/pt\/\"},{\"@type\":\"ListItem\",\"position\":2,\"name\":\"Blogue\",\"item\":\"https:\/\/mailcommsgroup.com\/pt\/blog\/\"},{\"@type\":\"ListItem\",\"position\":3,\"name\":\"MailTecK refor\u00e7a o seu Conselho de Administra\u00e7\u00e3o com a entrada de Duarte Concei\u00e7\u00e3o\"}]},{\"@type\":\"WebSite\",\"@id\":\"https:\/\/mailcommsgroup.com\/pt\/#website\",\"url\":\"https:\/\/mailcommsgroup.com\/pt\/\",\"name\":\"MailComms Group\",\"description\":\"La transformaci\u00f3n digital a trav\u00e9s de la comunicaci\u00f3n omnicanal, con plena validez legal.\",\"publisher\":{\"@id\":\"https:\/\/mailcommsgroup.com\/pt\/#organization\"},\"alternateName\":\"MailComms Group\",\"potentialAction\":[{\"@type\":\"SearchAction\",\"target\":{\"@type\":\"EntryPoint\",\"urlTemplate\":\"https:\/\/mailcommsgroup.com\/pt\/?s={search_term_string}\"},\"query-input\":{\"@type\":\"PropertyValueSpecification\",\"valueRequired\":true,\"valueName\":\"search_term_string\"}}],\"inLanguage\":\"pt-PT\"},{\"@type\":\"Organization\",\"@id\":\"https:\/\/mailcommsgroup.com\/pt\/#organization\",\"name\":\"MailComms Group - Soluciones de comunicaci\u00f3n omnicanal con validez legal.\",\"alternateName\":\"MailComms Group\",\"url\":\"https:\/\/mailcommsgroup.com\/pt\/\",\"logo\":{\"@type\":\"ImageObject\",\"inLanguage\":\"pt-PT\",\"@id\":\"https:\/\/mailcommsgroup.com\/pt\/#\/schema\/logo\/image\/\",\"url\":\"https:\/\/mailcommsgroup.com\/wp-content\/uploads\/2023\/05\/icon_mini_mailcommsgroup.png\",\"contentUrl\":\"https:\/\/mailcommsgroup.com\/wp-content\/uploads\/2023\/05\/icon_mini_mailcommsgroup.png\",\"width\":512,\"height\":512,\"caption\":\"MailComms Group - Soluciones de comunicaci\u00f3n omnicanal con validez legal.\"},\"image\":{\"@id\":\"https:\/\/mailcommsgroup.com\/pt\/#\/schema\/logo\/image\/\"},\"sameAs\":[\"https:\/\/x.com\/CommsCustomer\",\"https:\/\/www.linkedin.com\/company\/customercomms\/\",\"https:\/\/www.youtube.com\/channel\/UCtvYLee1QHy89JS2-gMgnTQ\"]},{\"@type\":\"Person\",\"@id\":\"https:\/\/mailcommsgroup.com\/pt\/#\/schema\/person\/c3a3ecfc795ade78319e6b1af9d65684\",\"name\":\"Mailcomms Group\",\"image\":{\"@type\":\"ImageObject\",\"inLanguage\":\"pt-PT\",\"@id\":\"https:\/\/secure.gravatar.com\/avatar\/f4012bdfd3c1190166ba510602a508ab2a504cafc93cf37f0c8cbdc54e85846a?s=96&d=mm&r=g\",\"url\":\"https:\/\/secure.gravatar.com\/avatar\/f4012bdfd3c1190166ba510602a508ab2a504cafc93cf37f0c8cbdc54e85846a?s=96&d=mm&r=g\",\"contentUrl\":\"https:\/\/secure.gravatar.com\/avatar\/f4012bdfd3c1190166ba510602a508ab2a504cafc93cf37f0c8cbdc54e85846a?s=96&d=mm&r=g\",\"caption\":\"Mailcomms Group\"},\"sameAs\":[\"https:\/\/mailcommsgroup.com\"],\"url\":\"https:\/\/mailcommsgroup.com\/pt\/blog\/author\/ntrwrks_ccmms\/\"}]}<\/script>\n<!-- \/ Yoast SEO plugin. -->","yoast_head_json":{"title":"Duarte Concei\u00e7\u00e3o junta-se ao nosso Conselho de Administra\u00e7\u00e3o.","description":"Com esta entrada no conselho de administra\u00e7\u00e3o, a MailTecK reafirma o seu compromisso com a inova\u00e7\u00e3o e a lideran\u00e7a na comunica\u00e7\u00e3o omnicanal personalizada na Pen\u00ednsula Ib\u00e9rica.","robots":{"index":"index","follow":"follow","max-snippet":"max-snippet:-1","max-image-preview":"max-image-preview:large","max-video-preview":"max-video-preview:-1"},"canonical":"https:\/\/mailcommsgroup.com\/pt\/blog\/mailteck-reforca-o-seu-painel-administrativo-com-a-corporacao-de-duarte-conceicao\/","og_locale":"pt_PT","og_type":"article","og_title":"Duarte Concei\u00e7\u00e3o junta-se ao nosso Conselho de Administra\u00e7\u00e3o.","og_description":"Com esta entrada no conselho de administra\u00e7\u00e3o, a MailTecK reafirma o seu compromisso com a inova\u00e7\u00e3o e a lideran\u00e7a na comunica\u00e7\u00e3o omnicanal personalizada na Pen\u00ednsula Ib\u00e9rica.","og_url":"https:\/\/mailcommsgroup.com\/pt\/blog\/mailteck-reforca-o-seu-painel-administrativo-com-a-corporacao-de-duarte-conceicao\/","og_site_name":"Mailcomms Group","article_published_time":"2025-02-13T11:11:16+00:00","article_modified_time":"2025-08-25T10:54:17+00:00","og_image":[{"width":900,"height":628,"url":"https:\/\/mailcommsgroup.com\/wp-content\/uploads\/2025\/02\/incorporacion-duarte-conceicao-1.webp","type":"image\/webp"}],"author":"Mailcomms Group","twitter_card":"summary_large_image","twitter_title":"11","twitter_image":"https:\/\/mailcommsgroup.com\/wp-content\/uploads\/2025\/02\/incorporacion-duarte-conceicao-1.webp","twitter_creator":"@CommsCustomer","twitter_site":"@CommsCustomer","twitter_misc":{"Escrito por":"Mailcomms Group","Tempo estimado de leitura":"3 minutos"},"schema":{"@context":"https:\/\/schema.org","@graph":[{"@type":"Article","@id":"https:\/\/mailcommsgroup.com\/pt\/blog\/mailteck-reforca-o-seu-painel-administrativo-com-a-corporacao-de-duarte-conceicao\/#article","isPartOf":{"@id":"https:\/\/mailcommsgroup.com\/pt\/blog\/mailteck-reforca-o-seu-painel-administrativo-com-a-corporacao-de-duarte-conceicao\/"},"author":{"name":"Mailcomms Group","@id":"https:\/\/mailcommsgroup.com\/pt\/#\/schema\/person\/c3a3ecfc795ade78319e6b1af9d65684"},"headline":"MailTecK refor\u00e7a o seu Conselho de Administra\u00e7\u00e3o com a entrada de Duarte Concei\u00e7\u00e3o","datePublished":"2025-02-13T11:11:16+00:00","dateModified":"2025-08-25T10:54:17+00:00","mainEntityOfPage":{"@id":"https:\/\/mailcommsgroup.com\/pt\/blog\/mailteck-reforca-o-seu-painel-administrativo-com-a-corporacao-de-duarte-conceicao\/"},"wordCount":523,"publisher":{"@id":"https:\/\/mailcommsgroup.com\/pt\/#organization"},"image":{"@id":"https:\/\/mailcommsgroup.com\/pt\/blog\/mailteck-reforca-o-seu-painel-administrativo-com-a-corporacao-de-duarte-conceicao\/#primaryimage"},"thumbnailUrl":"https:\/\/mailcommsgroup.com\/wp-content\/uploads\/2025\/02\/incorporacion-duarte-conceicao-1.webp","articleSection":["Not\u00edcias da empresa"],"inLanguage":"pt-PT"},{"@type":"WebPage","@id":"https:\/\/mailcommsgroup.com\/pt\/blog\/mailteck-reforca-o-seu-painel-administrativo-com-a-corporacao-de-duarte-conceicao\/","url":"https:\/\/mailcommsgroup.com\/pt\/blog\/mailteck-reforca-o-seu-painel-administrativo-com-a-corporacao-de-duarte-conceicao\/","name":"Duarte Concei\u00e7\u00e3o junta-se ao nosso Conselho de Administra\u00e7\u00e3o.","isPartOf":{"@id":"https:\/\/mailcommsgroup.com\/pt\/#website"},"primaryImageOfPage":{"@id":"https:\/\/mailcommsgroup.com\/pt\/blog\/mailteck-reforca-o-seu-painel-administrativo-com-a-corporacao-de-duarte-conceicao\/#primaryimage"},"image":{"@id":"https:\/\/mailcommsgroup.com\/pt\/blog\/mailteck-reforca-o-seu-painel-administrativo-com-a-corporacao-de-duarte-conceicao\/#primaryimage"},"thumbnailUrl":"https:\/\/mailcommsgroup.com\/wp-content\/uploads\/2025\/02\/incorporacion-duarte-conceicao-1.webp","datePublished":"2025-02-13T11:11:16+00:00","dateModified":"2025-08-25T10:54:17+00:00","description":"Com esta entrada no conselho de administra\u00e7\u00e3o, a MailTecK reafirma o seu compromisso com a inova\u00e7\u00e3o e a lideran\u00e7a na comunica\u00e7\u00e3o omnicanal personalizada na Pen\u00ednsula Ib\u00e9rica.","breadcrumb":{"@id":"https:\/\/mailcommsgroup.com\/pt\/blog\/mailteck-reforca-o-seu-painel-administrativo-com-a-corporacao-de-duarte-conceicao\/#breadcrumb"},"inLanguage":"pt-PT","potentialAction":[{"@type":"ReadAction","target":["https:\/\/mailcommsgroup.com\/pt\/blog\/mailteck-reforca-o-seu-painel-administrativo-com-a-corporacao-de-duarte-conceicao\/"]}]},{"@type":"ImageObject","inLanguage":"pt-PT","@id":"https:\/\/mailcommsgroup.com\/pt\/blog\/mailteck-reforca-o-seu-painel-administrativo-com-a-corporacao-de-duarte-conceicao\/#primaryimage","url":"https:\/\/mailcommsgroup.com\/wp-content\/uploads\/2025\/02\/incorporacion-duarte-conceicao-1.webp","contentUrl":"https:\/\/mailcommsgroup.com\/wp-content\/uploads\/2025\/02\/incorporacion-duarte-conceicao-1.webp","width":900,"height":628,"caption":"Incorporaci\u00f3n Duarte Concei\u00e7\u00e3o"},{"@type":"BreadcrumbList","@id":"https:\/\/mailcommsgroup.com\/pt\/blog\/mailteck-reforca-o-seu-painel-administrativo-com-a-corporacao-de-duarte-conceicao\/#breadcrumb","itemListElement":[{"@type":"ListItem","position":1,"name":"Mailcomms Group","item":"https:\/\/mailcommsgroup.com\/pt\/"},{"@type":"ListItem","position":2,"name":"Blogue","item":"https:\/\/mailcommsgroup.com\/pt\/blog\/"},{"@type":"ListItem","position":3,"name":"MailTecK refor\u00e7a o seu Conselho de Administra\u00e7\u00e3o com a entrada de Duarte Concei\u00e7\u00e3o"}]},{"@type":"WebSite","@id":"https:\/\/mailcommsgroup.com\/pt\/#website","url":"https:\/\/mailcommsgroup.com\/pt\/","name":"MailComms Group","description":"La transformaci\u00f3n digital a trav\u00e9s de la comunicaci\u00f3n omnicanal, con plena validez legal.","publisher":{"@id":"https:\/\/mailcommsgroup.com\/pt\/#organization"},"alternateName":"MailComms Group","potentialAction":[{"@type":"SearchAction","target":{"@type":"EntryPoint","urlTemplate":"https:\/\/mailcommsgroup.com\/pt\/?s={search_term_string}"},"query-input":{"@type":"PropertyValueSpecification","valueRequired":true,"valueName":"search_term_string"}}],"inLanguage":"pt-PT"},{"@type":"Organization","@id":"https:\/\/mailcommsgroup.com\/pt\/#organization","name":"MailComms Group - Soluciones de comunicaci\u00f3n omnicanal con validez legal.","alternateName":"MailComms Group","url":"https:\/\/mailcommsgroup.com\/pt\/","logo":{"@type":"ImageObject","inLanguage":"pt-PT","@id":"https:\/\/mailcommsgroup.com\/pt\/#\/schema\/logo\/image\/","url":"https:\/\/mailcommsgroup.com\/wp-content\/uploads\/2023\/05\/icon_mini_mailcommsgroup.png","contentUrl":"https:\/\/mailcommsgroup.com\/wp-content\/uploads\/2023\/05\/icon_mini_mailcommsgroup.png","width":512,"height":512,"caption":"MailComms Group - Soluciones de comunicaci\u00f3n omnicanal con validez legal."},"image":{"@id":"https:\/\/mailcommsgroup.com\/pt\/#\/schema\/logo\/image\/"},"sameAs":["https:\/\/x.com\/CommsCustomer","https:\/\/www.linkedin.com\/company\/customercomms\/","https:\/\/www.youtube.com\/channel\/UCtvYLee1QHy89JS2-gMgnTQ"]},{"@type":"Person","@id":"https:\/\/mailcommsgroup.com\/pt\/#\/schema\/person\/c3a3ecfc795ade78319e6b1af9d65684","name":"Mailcomms Group","image":{"@type":"ImageObject","inLanguage":"pt-PT","@id":"https:\/\/secure.gravatar.com\/avatar\/f4012bdfd3c1190166ba510602a508ab2a504cafc93cf37f0c8cbdc54e85846a?s=96&d=mm&r=g","url":"https:\/\/secure.gravatar.com\/avatar\/f4012bdfd3c1190166ba510602a508ab2a504cafc93cf37f0c8cbdc54e85846a?s=96&d=mm&r=g","contentUrl":"https:\/\/secure.gravatar.com\/avatar\/f4012bdfd3c1190166ba510602a508ab2a504cafc93cf37f0c8cbdc54e85846a?s=96&d=mm&r=g","caption":"Mailcomms Group"},"sameAs":["https:\/\/mailcommsgroup.com"],"url":"https:\/\/mailcommsgroup.com\/pt\/blog\/author\/ntrwrks_ccmms\/"}]}},"_links":{"self":[{"href":"https:\/\/mailcommsgroup.com\/pt\/wp-json\/wp\/v2\/posts\/31805","targetHints":{"allow":["GET"]}}],"collection":[{"href":"https:\/\/mailcommsgroup.com\/pt\/wp-json\/wp\/v2\/posts"}],"about":[{"href":"https:\/\/mailcommsgroup.com\/pt\/wp-json\/wp\/v2\/types\/post"}],"author":[{"embeddable":true,"href":"https:\/\/mailcommsgroup.com\/pt\/wp-json\/wp\/v2\/users\/1"}],"replies":[{"embeddable":true,"href":"https:\/\/mailcommsgroup.com\/pt\/wp-json\/wp\/v2\/comments?post=31805"}],"version-history":[{"count":13,"href":"https:\/\/mailcommsgroup.com\/pt\/wp-json\/wp\/v2\/posts\/31805\/revisions"}],"predecessor-version":[{"id":37422,"href":"https:\/\/mailcommsgroup.com\/pt\/wp-json\/wp\/v2\/posts\/31805\/revisions\/37422"}],"wp:featuredmedia":[{"embeddable":true,"href":"https:\/\/mailcommsgroup.com\/pt\/wp-json\/wp\/v2\/media\/32020"}],"wp:attachment":[{"href":"https:\/\/mailcommsgroup.com\/pt\/wp-json\/wp\/v2\/media?parent=31805"}],"wp:term":[{"taxonomy":"category","embeddable":true,"href":"https:\/\/mailcommsgroup.com\/pt\/wp-json\/wp\/v2\/categories?post=31805"}],"curies":[{"name":"wp","href":"https:\/\/api.w.org\/{rel}","templated":true}]}}