{"id":31189,"date":"2025-01-16T16:40:39","date_gmt":"2025-01-16T15:40:39","guid":{"rendered":"https:\/\/mailcommsgroup.com\/?p=31189"},"modified":"2025-08-25T12:07:06","modified_gmt":"2025-08-25T10:07:06","slug":"obrigado-pela-tua-colaboracao-ajudamos-as-vitimas-da-dana","status":"publish","type":"post","link":"https:\/\/mailcommsgroup.com\/pt\/blog\/obrigado-pela-tua-colaboracao-ajudamos-as-vitimas-da-dana\/","title":{"rendered":"Obrigado por apoiares a nossa campanha de Natal para ajudar as pessoas afectadas pelo DANA."},"content":{"rendered":"<div class=\"wpb-content-wrapper\"><p>[vc_row type=&#8221;grid&#8221;][vc_column dp_animation=&#8221;&#8221;][vc_single_image image=&#8221;31195&#8243; img_size=&#8221;full&#8221; alignment=&#8221;right&#8221; css=&#8221;&#8221; dp_animation=&#8221;&#8221; alt=&#8221;Marian Garc\u00eda Benito &#8211; Marketing Product Manager&#8221;][vc_empty_space height=&#8221;20px&#8221;][vc_column_text css=&#8221;&#8221; dp_animation=&#8221;&#8221;]Como sabes, e como tens conhecimento desde h\u00e1 uma d\u00e9cada, todos os anos dedicamos o nosso or\u00e7amento de Natal a uma causa dedicada a grupos desfavorecidos. E fazemo-lo em colabora\u00e7\u00e3o com os nossos clientes e parceiros e em parceria com uma organiza\u00e7\u00e3o de prest\u00edgio.   <strong>Em 2024, a nossa campanha de Natal foi para as fam\u00edlias afectadas pela DANA em Val\u00eancia, e canaliz\u00e1mo-la atrav\u00e9s das Aldeias de Crian\u00e7as SOS.<\/strong><\/p>\n<p>Ap\u00f3s esta breve apresenta\u00e7\u00e3o, a primeira coisa que gostar\u00edamos de fazer por parte do Grupo MailComms \u00e9 expressar a nossa gratid\u00e3o pelo trabalho realizado.  <strong>Os nossos agradecimentos a todos os que contribu\u00edram para o \u00eaxito desta campanha &#8211; obrigado! <\/strong>  O seu simples gesto, clicar num bot\u00e3o de um e-mail, tornou-se mais uma oportunidade de voltar \u00e0 normalidade para as fam\u00edlias afectadas e, sobretudo, para as crian\u00e7as que perderam tudo ou quase tudo devido \u00e0 mais importante cat\u00e1strofe clim\u00e1tica ocorrida em Espanha nos \u00faltimos dois s\u00e9culos.<\/p>\n<p>Porque <strong>acompanhar estas pessoas no regresso \u00e0 normalidade \u00e9 o principal objetivo do projeto das Aldeias de Crian\u00e7as SOS em que temos estado envolvidos<\/strong>. A for\u00e7a destruidora do DANA, ainda bem vis\u00edvel, devastou bens e tamb\u00e9m os projectos de vida de milhares de fam\u00edlias. <\/p>\n<p>O programa das Aldeias de Crian\u00e7as SOS est\u00e1 a investir os seus esfor\u00e7os na segunda fase da emerg\u00eancia.  <strong>Este projeto, que recebeu o nosso donativo, centrar-se-\u00e1 na presta\u00e7\u00e3o de apoio psicol\u00f3gico para prevenir a depress\u00e3o e a ansiedade, na oferta de kits de material b\u00e1sico e de ajuda econ\u00f3mica direta e no trabalho com a popula\u00e7\u00e3o para a ajudar a realizar os procedimentos administrativos necess\u00e1rios em cada caso.<\/strong>[\/vc_column_text][\/vc_column][\/vc_row][vc_row type=&#8221;grid&#8221; css=&#8221;.vc_custom_1730737648559{padding-top: 10px !important;padding-bottom: 10px !important;}&#8221;][vc_column dp_animation=&#8221;&#8221;][vc_column_text css=&#8221;&#8221; dp_animation=&#8221;&#8221;]<\/p>\n<blockquote>\n<p>Nas palavras do CEO Javier Echebarr\u00eda &#8220;Todos os anos me orgulho da solidariedade demonstrada pelos clientes e parceiros do Grupo MailComms com a sua participa\u00e7\u00e3o na nossa campanha de Natal, e desta vez n\u00e3o \u00e9 diferente. Todos n\u00f3s fic\u00e1mos chocados com o DANA e as suas consequ\u00eancias, e \u00e0 cat\u00e1strofe seguiu-se uma onda de apoio desinteressado para a qual contribu\u00edmos, gra\u00e7as aos nossos clientes, fornecedores, colaboradores e ao know-how das Aldeias de Crian\u00e7as SOS. Muito obrigado!<\/p>\n<\/blockquote>\n<p>[\/vc_column_text][\/vc_column][\/vc_row][vc_row type=&#8221;grid&#8221;][vc_column dp_animation=&#8221;&#8221;][vc_column_text css=&#8221;&#8221; dp_animation=&#8221;&#8221;]As Aldeias de Crian\u00e7as SOS n\u00e3o s\u00e3o a primeira organiza\u00e7\u00e3o com a qual colaboramos para transformar o nosso or\u00e7amento de Natal numa prenda de caridade. Nos \u00faltimos anos, tamb\u00e9m trabalh\u00e1mos com ONG como os M\u00e9dicos Sem Fronteiras, a Cruz Vermelha, a Save The Children, a Unicef e a Funda\u00e7\u00e3o Vicente Ferrer na nossa campanha de Natal. Obrigado a todos eles por canalizarem e materializarem as ajudas enviadas para causas t\u00e3o nobres.[\/vc_column_text][\/vc_column][\/vc_row]<\/p>\n<\/div>","protected":false},"excerpt":{"rendered":"<p>Com a tua participa\u00e7\u00e3o e a gest\u00e3o das Aldeias de Crian\u00e7as SOS, contribu\u00edmos para a normaliza\u00e7\u00e3o dos projectos de vida das fam\u00edlias desfavorecidas que foram afectadas pela DANA em Val\u00eancia. N\u00f3s contamos-te.   <\/p>\n","protected":false},"author":1,"featured_media":31197,"comment_status":"closed","ping_status":"closed","sticky":false,"template":"","format":"standard","meta":{"_acf_changed":false,"footnotes":""},"categories":[499],"class_list":["post-31189","post","type-post","status-publish","format-standard","has-post-thumbnail","hentry","category-noticias-da-empresa"],"acf":[],"yoast_head":"<!-- This site is optimized with the Yoast SEO plugin v27.2 - https:\/\/yoast.com\/product\/yoast-seo-wordpress\/ -->\n<title>Gra\u00e7as \u00e0 tua colabora\u00e7\u00e3o, estamos a ajudar as v\u00edtimas do DANA.<\/title>\n<meta name=\"description\" content=\"Com a tua participa\u00e7\u00e3o, contribu\u00edmos para a normaliza\u00e7\u00e3o dos projectos de vida das fam\u00edlias desfavorecidas pela DANA em Val\u00eancia.\" \/>\n<meta name=\"robots\" content=\"index, follow, max-snippet:-1, max-image-preview:large, max-video-preview:-1\" \/>\n<link rel=\"canonical\" href=\"https:\/\/mailcommsgroup.com\/pt\/blog\/obrigado-pela-tua-colaboracao-ajudamos-as-vitimas-da-dana\/\" \/>\n<meta property=\"og:locale\" content=\"pt_PT\" \/>\n<meta property=\"og:type\" content=\"article\" \/>\n<meta property=\"og:title\" content=\"Gra\u00e7as \u00e0 tua colabora\u00e7\u00e3o, estamos a ajudar as v\u00edtimas do DANA.\" \/>\n<meta property=\"og:description\" content=\"Com a tua participa\u00e7\u00e3o, contribu\u00edmos para a normaliza\u00e7\u00e3o dos projectos de vida das fam\u00edlias desfavorecidas pela DANA em Val\u00eancia.\" \/>\n<meta property=\"og:url\" content=\"https:\/\/mailcommsgroup.com\/pt\/blog\/obrigado-pela-tua-colaboracao-ajudamos-as-vitimas-da-dana\/\" \/>\n<meta property=\"og:site_name\" content=\"Mailcomms Group\" \/>\n<meta property=\"article:published_time\" content=\"2025-01-16T15:40:39+00:00\" \/>\n<meta property=\"article:modified_time\" content=\"2025-08-25T10:07:06+00:00\" \/>\n<meta property=\"og:image\" content=\"https:\/\/mailcommsgroup.com\/wp-content\/uploads\/2024\/05\/manuel-lopez-paya-liderara-unified-comms.webp\" \/>\n<meta name=\"author\" content=\"Mailcomms Group\" \/>\n<meta name=\"twitter:card\" content=\"summary_large_image\" \/>\n<meta name=\"twitter:title\" content=\"11\" \/>\n<meta name=\"twitter:image\" content=\"https:\/\/mailcommsgroup.com\/wp-content\/uploads\/2024\/05\/manuel-lopez-paya-liderara-unified-comms.webp\" \/>\n<meta name=\"twitter:creator\" content=\"@CommsCustomer\" \/>\n<meta name=\"twitter:site\" content=\"@CommsCustomer\" \/>\n<meta name=\"twitter:label1\" content=\"Escrito por\" \/>\n\t<meta name=\"twitter:data1\" content=\"Mailcomms Group\" \/>\n\t<meta name=\"twitter:label2\" content=\"Tempo estimado de leitura\" \/>\n\t<meta name=\"twitter:data2\" content=\"3 minutos\" \/>\n<script type=\"application\/ld+json\" class=\"yoast-schema-graph\">{\"@context\":\"https:\/\/schema.org\",\"@graph\":[{\"@type\":\"Article\",\"@id\":\"https:\/\/mailcommsgroup.com\/pt\/blog\/obrigado-pela-tua-colaboracao-ajudamos-as-vitimas-da-dana\/#article\",\"isPartOf\":{\"@id\":\"https:\/\/mailcommsgroup.com\/pt\/blog\/obrigado-pela-tua-colaboracao-ajudamos-as-vitimas-da-dana\/\"},\"author\":{\"name\":\"Mailcomms Group\",\"@id\":\"https:\/\/mailcommsgroup.com\/pt\/#\/schema\/person\/c3a3ecfc795ade78319e6b1af9d65684\"},\"headline\":\"Obrigado por apoiares a nossa campanha de Natal para ajudar as pessoas afectadas pelo DANA.\",\"datePublished\":\"2025-01-16T15:40:39+00:00\",\"dateModified\":\"2025-08-25T10:07:06+00:00\",\"mainEntityOfPage\":{\"@id\":\"https:\/\/mailcommsgroup.com\/pt\/blog\/obrigado-pela-tua-colaboracao-ajudamos-as-vitimas-da-dana\/\"},\"wordCount\":573,\"publisher\":{\"@id\":\"https:\/\/mailcommsgroup.com\/pt\/#organization\"},\"image\":{\"@id\":\"https:\/\/mailcommsgroup.com\/pt\/blog\/obrigado-pela-tua-colaboracao-ajudamos-as-vitimas-da-dana\/#primaryimage\"},\"thumbnailUrl\":\"https:\/\/mailcommsgroup.com\/wp-content\/uploads\/2025\/01\/ayudamos-a-victimas-dana.webp\",\"articleSection\":[\"Not\u00edcias da empresa\"],\"inLanguage\":\"pt-PT\"},{\"@type\":\"WebPage\",\"@id\":\"https:\/\/mailcommsgroup.com\/pt\/blog\/obrigado-pela-tua-colaboracao-ajudamos-as-vitimas-da-dana\/\",\"url\":\"https:\/\/mailcommsgroup.com\/pt\/blog\/obrigado-pela-tua-colaboracao-ajudamos-as-vitimas-da-dana\/\",\"name\":\"Gra\u00e7as \u00e0 tua colabora\u00e7\u00e3o, estamos a ajudar as v\u00edtimas do DANA.\",\"isPartOf\":{\"@id\":\"https:\/\/mailcommsgroup.com\/pt\/#website\"},\"primaryImageOfPage\":{\"@id\":\"https:\/\/mailcommsgroup.com\/pt\/blog\/obrigado-pela-tua-colaboracao-ajudamos-as-vitimas-da-dana\/#primaryimage\"},\"image\":{\"@id\":\"https:\/\/mailcommsgroup.com\/pt\/blog\/obrigado-pela-tua-colaboracao-ajudamos-as-vitimas-da-dana\/#primaryimage\"},\"thumbnailUrl\":\"https:\/\/mailcommsgroup.com\/wp-content\/uploads\/2025\/01\/ayudamos-a-victimas-dana.webp\",\"datePublished\":\"2025-01-16T15:40:39+00:00\",\"dateModified\":\"2025-08-25T10:07:06+00:00\",\"description\":\"Com a tua participa\u00e7\u00e3o, contribu\u00edmos para a normaliza\u00e7\u00e3o dos projectos de vida das fam\u00edlias desfavorecidas pela DANA em Val\u00eancia.\",\"breadcrumb\":{\"@id\":\"https:\/\/mailcommsgroup.com\/pt\/blog\/obrigado-pela-tua-colaboracao-ajudamos-as-vitimas-da-dana\/#breadcrumb\"},\"inLanguage\":\"pt-PT\",\"potentialAction\":[{\"@type\":\"ReadAction\",\"target\":[\"https:\/\/mailcommsgroup.com\/pt\/blog\/obrigado-pela-tua-colaboracao-ajudamos-as-vitimas-da-dana\/\"]}]},{\"@type\":\"ImageObject\",\"inLanguage\":\"pt-PT\",\"@id\":\"https:\/\/mailcommsgroup.com\/pt\/blog\/obrigado-pela-tua-colaboracao-ajudamos-as-vitimas-da-dana\/#primaryimage\",\"url\":\"https:\/\/mailcommsgroup.com\/wp-content\/uploads\/2025\/01\/ayudamos-a-victimas-dana.webp\",\"contentUrl\":\"https:\/\/mailcommsgroup.com\/wp-content\/uploads\/2025\/01\/ayudamos-a-victimas-dana.webp\",\"width\":892,\"height\":623,\"caption\":\"Gracias a tu colaboraci\u00f3n ayudamos a v\u00edctimas de la DANA\"},{\"@type\":\"BreadcrumbList\",\"@id\":\"https:\/\/mailcommsgroup.com\/pt\/blog\/obrigado-pela-tua-colaboracao-ajudamos-as-vitimas-da-dana\/#breadcrumb\",\"itemListElement\":[{\"@type\":\"ListItem\",\"position\":1,\"name\":\"Mailcomms Group\",\"item\":\"https:\/\/mailcommsgroup.com\/pt\/\"},{\"@type\":\"ListItem\",\"position\":2,\"name\":\"Blogue\",\"item\":\"https:\/\/mailcommsgroup.com\/pt\/blog\/\"},{\"@type\":\"ListItem\",\"position\":3,\"name\":\"Obrigado por apoiares a nossa campanha de Natal para ajudar as pessoas afectadas pelo DANA.\"}]},{\"@type\":\"WebSite\",\"@id\":\"https:\/\/mailcommsgroup.com\/pt\/#website\",\"url\":\"https:\/\/mailcommsgroup.com\/pt\/\",\"name\":\"MailComms Group\",\"description\":\"La transformaci\u00f3n digital a trav\u00e9s de la comunicaci\u00f3n omnicanal, con plena validez legal.\",\"publisher\":{\"@id\":\"https:\/\/mailcommsgroup.com\/pt\/#organization\"},\"alternateName\":\"MailComms Group\",\"potentialAction\":[{\"@type\":\"SearchAction\",\"target\":{\"@type\":\"EntryPoint\",\"urlTemplate\":\"https:\/\/mailcommsgroup.com\/pt\/?s={search_term_string}\"},\"query-input\":{\"@type\":\"PropertyValueSpecification\",\"valueRequired\":true,\"valueName\":\"search_term_string\"}}],\"inLanguage\":\"pt-PT\"},{\"@type\":\"Organization\",\"@id\":\"https:\/\/mailcommsgroup.com\/pt\/#organization\",\"name\":\"MailComms Group - Soluciones de comunicaci\u00f3n omnicanal con validez legal.\",\"alternateName\":\"MailComms Group\",\"url\":\"https:\/\/mailcommsgroup.com\/pt\/\",\"logo\":{\"@type\":\"ImageObject\",\"inLanguage\":\"pt-PT\",\"@id\":\"https:\/\/mailcommsgroup.com\/pt\/#\/schema\/logo\/image\/\",\"url\":\"https:\/\/mailcommsgroup.com\/wp-content\/uploads\/2023\/05\/icon_mini_mailcommsgroup.png\",\"contentUrl\":\"https:\/\/mailcommsgroup.com\/wp-content\/uploads\/2023\/05\/icon_mini_mailcommsgroup.png\",\"width\":512,\"height\":512,\"caption\":\"MailComms Group - Soluciones de comunicaci\u00f3n omnicanal con validez legal.\"},\"image\":{\"@id\":\"https:\/\/mailcommsgroup.com\/pt\/#\/schema\/logo\/image\/\"},\"sameAs\":[\"https:\/\/x.com\/CommsCustomer\",\"https:\/\/www.linkedin.com\/company\/customercomms\/\",\"https:\/\/www.youtube.com\/channel\/UCtvYLee1QHy89JS2-gMgnTQ\"]},{\"@type\":\"Person\",\"@id\":\"https:\/\/mailcommsgroup.com\/pt\/#\/schema\/person\/c3a3ecfc795ade78319e6b1af9d65684\",\"name\":\"Mailcomms Group\",\"image\":{\"@type\":\"ImageObject\",\"inLanguage\":\"pt-PT\",\"@id\":\"https:\/\/secure.gravatar.com\/avatar\/f4012bdfd3c1190166ba510602a508ab2a504cafc93cf37f0c8cbdc54e85846a?s=96&d=mm&r=g\",\"url\":\"https:\/\/secure.gravatar.com\/avatar\/f4012bdfd3c1190166ba510602a508ab2a504cafc93cf37f0c8cbdc54e85846a?s=96&d=mm&r=g\",\"contentUrl\":\"https:\/\/secure.gravatar.com\/avatar\/f4012bdfd3c1190166ba510602a508ab2a504cafc93cf37f0c8cbdc54e85846a?s=96&d=mm&r=g\",\"caption\":\"Mailcomms Group\"},\"sameAs\":[\"https:\/\/mailcommsgroup.com\"],\"url\":\"https:\/\/mailcommsgroup.com\/pt\/blog\/author\/ntrwrks_ccmms\/\"}]}<\/script>\n<!-- \/ Yoast SEO plugin. -->","yoast_head_json":{"title":"Gra\u00e7as \u00e0 tua colabora\u00e7\u00e3o, estamos a ajudar as v\u00edtimas do DANA.","description":"Com a tua participa\u00e7\u00e3o, contribu\u00edmos para a normaliza\u00e7\u00e3o dos projectos de vida das fam\u00edlias desfavorecidas pela DANA em Val\u00eancia.","robots":{"index":"index","follow":"follow","max-snippet":"max-snippet:-1","max-image-preview":"max-image-preview:large","max-video-preview":"max-video-preview:-1"},"canonical":"https:\/\/mailcommsgroup.com\/pt\/blog\/obrigado-pela-tua-colaboracao-ajudamos-as-vitimas-da-dana\/","og_locale":"pt_PT","og_type":"article","og_title":"Gra\u00e7as \u00e0 tua colabora\u00e7\u00e3o, estamos a ajudar as v\u00edtimas do DANA.","og_description":"Com a tua participa\u00e7\u00e3o, contribu\u00edmos para a normaliza\u00e7\u00e3o dos projectos de vida das fam\u00edlias desfavorecidas pela DANA em Val\u00eancia.","og_url":"https:\/\/mailcommsgroup.com\/pt\/blog\/obrigado-pela-tua-colaboracao-ajudamos-as-vitimas-da-dana\/","og_site_name":"Mailcomms Group","article_published_time":"2025-01-16T15:40:39+00:00","article_modified_time":"2025-08-25T10:07:06+00:00","og_image":[{"url":"https:\/\/mailcommsgroup.com\/wp-content\/uploads\/2024\/05\/manuel-lopez-paya-liderara-unified-comms.webp","type":"","width":"","height":""}],"author":"Mailcomms Group","twitter_card":"summary_large_image","twitter_title":"11","twitter_image":"https:\/\/mailcommsgroup.com\/wp-content\/uploads\/2024\/05\/manuel-lopez-paya-liderara-unified-comms.webp","twitter_creator":"@CommsCustomer","twitter_site":"@CommsCustomer","twitter_misc":{"Escrito por":"Mailcomms Group","Tempo estimado de leitura":"3 minutos"},"schema":{"@context":"https:\/\/schema.org","@graph":[{"@type":"Article","@id":"https:\/\/mailcommsgroup.com\/pt\/blog\/obrigado-pela-tua-colaboracao-ajudamos-as-vitimas-da-dana\/#article","isPartOf":{"@id":"https:\/\/mailcommsgroup.com\/pt\/blog\/obrigado-pela-tua-colaboracao-ajudamos-as-vitimas-da-dana\/"},"author":{"name":"Mailcomms Group","@id":"https:\/\/mailcommsgroup.com\/pt\/#\/schema\/person\/c3a3ecfc795ade78319e6b1af9d65684"},"headline":"Obrigado por apoiares a nossa campanha de Natal para ajudar as pessoas afectadas pelo DANA.","datePublished":"2025-01-16T15:40:39+00:00","dateModified":"2025-08-25T10:07:06+00:00","mainEntityOfPage":{"@id":"https:\/\/mailcommsgroup.com\/pt\/blog\/obrigado-pela-tua-colaboracao-ajudamos-as-vitimas-da-dana\/"},"wordCount":573,"publisher":{"@id":"https:\/\/mailcommsgroup.com\/pt\/#organization"},"image":{"@id":"https:\/\/mailcommsgroup.com\/pt\/blog\/obrigado-pela-tua-colaboracao-ajudamos-as-vitimas-da-dana\/#primaryimage"},"thumbnailUrl":"https:\/\/mailcommsgroup.com\/wp-content\/uploads\/2025\/01\/ayudamos-a-victimas-dana.webp","articleSection":["Not\u00edcias da empresa"],"inLanguage":"pt-PT"},{"@type":"WebPage","@id":"https:\/\/mailcommsgroup.com\/pt\/blog\/obrigado-pela-tua-colaboracao-ajudamos-as-vitimas-da-dana\/","url":"https:\/\/mailcommsgroup.com\/pt\/blog\/obrigado-pela-tua-colaboracao-ajudamos-as-vitimas-da-dana\/","name":"Gra\u00e7as \u00e0 tua colabora\u00e7\u00e3o, estamos a ajudar as v\u00edtimas do DANA.","isPartOf":{"@id":"https:\/\/mailcommsgroup.com\/pt\/#website"},"primaryImageOfPage":{"@id":"https:\/\/mailcommsgroup.com\/pt\/blog\/obrigado-pela-tua-colaboracao-ajudamos-as-vitimas-da-dana\/#primaryimage"},"image":{"@id":"https:\/\/mailcommsgroup.com\/pt\/blog\/obrigado-pela-tua-colaboracao-ajudamos-as-vitimas-da-dana\/#primaryimage"},"thumbnailUrl":"https:\/\/mailcommsgroup.com\/wp-content\/uploads\/2025\/01\/ayudamos-a-victimas-dana.webp","datePublished":"2025-01-16T15:40:39+00:00","dateModified":"2025-08-25T10:07:06+00:00","description":"Com a tua participa\u00e7\u00e3o, contribu\u00edmos para a normaliza\u00e7\u00e3o dos projectos de vida das fam\u00edlias desfavorecidas pela DANA em Val\u00eancia.","breadcrumb":{"@id":"https:\/\/mailcommsgroup.com\/pt\/blog\/obrigado-pela-tua-colaboracao-ajudamos-as-vitimas-da-dana\/#breadcrumb"},"inLanguage":"pt-PT","potentialAction":[{"@type":"ReadAction","target":["https:\/\/mailcommsgroup.com\/pt\/blog\/obrigado-pela-tua-colaboracao-ajudamos-as-vitimas-da-dana\/"]}]},{"@type":"ImageObject","inLanguage":"pt-PT","@id":"https:\/\/mailcommsgroup.com\/pt\/blog\/obrigado-pela-tua-colaboracao-ajudamos-as-vitimas-da-dana\/#primaryimage","url":"https:\/\/mailcommsgroup.com\/wp-content\/uploads\/2025\/01\/ayudamos-a-victimas-dana.webp","contentUrl":"https:\/\/mailcommsgroup.com\/wp-content\/uploads\/2025\/01\/ayudamos-a-victimas-dana.webp","width":892,"height":623,"caption":"Gracias a tu colaboraci\u00f3n ayudamos a v\u00edctimas de la DANA"},{"@type":"BreadcrumbList","@id":"https:\/\/mailcommsgroup.com\/pt\/blog\/obrigado-pela-tua-colaboracao-ajudamos-as-vitimas-da-dana\/#breadcrumb","itemListElement":[{"@type":"ListItem","position":1,"name":"Mailcomms Group","item":"https:\/\/mailcommsgroup.com\/pt\/"},{"@type":"ListItem","position":2,"name":"Blogue","item":"https:\/\/mailcommsgroup.com\/pt\/blog\/"},{"@type":"ListItem","position":3,"name":"Obrigado por apoiares a nossa campanha de Natal para ajudar as pessoas afectadas pelo DANA."}]},{"@type":"WebSite","@id":"https:\/\/mailcommsgroup.com\/pt\/#website","url":"https:\/\/mailcommsgroup.com\/pt\/","name":"MailComms Group","description":"La transformaci\u00f3n digital a trav\u00e9s de la comunicaci\u00f3n omnicanal, con plena validez legal.","publisher":{"@id":"https:\/\/mailcommsgroup.com\/pt\/#organization"},"alternateName":"MailComms Group","potentialAction":[{"@type":"SearchAction","target":{"@type":"EntryPoint","urlTemplate":"https:\/\/mailcommsgroup.com\/pt\/?s={search_term_string}"},"query-input":{"@type":"PropertyValueSpecification","valueRequired":true,"valueName":"search_term_string"}}],"inLanguage":"pt-PT"},{"@type":"Organization","@id":"https:\/\/mailcommsgroup.com\/pt\/#organization","name":"MailComms Group - Soluciones de comunicaci\u00f3n omnicanal con validez legal.","alternateName":"MailComms Group","url":"https:\/\/mailcommsgroup.com\/pt\/","logo":{"@type":"ImageObject","inLanguage":"pt-PT","@id":"https:\/\/mailcommsgroup.com\/pt\/#\/schema\/logo\/image\/","url":"https:\/\/mailcommsgroup.com\/wp-content\/uploads\/2023\/05\/icon_mini_mailcommsgroup.png","contentUrl":"https:\/\/mailcommsgroup.com\/wp-content\/uploads\/2023\/05\/icon_mini_mailcommsgroup.png","width":512,"height":512,"caption":"MailComms Group - Soluciones de comunicaci\u00f3n omnicanal con validez legal."},"image":{"@id":"https:\/\/mailcommsgroup.com\/pt\/#\/schema\/logo\/image\/"},"sameAs":["https:\/\/x.com\/CommsCustomer","https:\/\/www.linkedin.com\/company\/customercomms\/","https:\/\/www.youtube.com\/channel\/UCtvYLee1QHy89JS2-gMgnTQ"]},{"@type":"Person","@id":"https:\/\/mailcommsgroup.com\/pt\/#\/schema\/person\/c3a3ecfc795ade78319e6b1af9d65684","name":"Mailcomms Group","image":{"@type":"ImageObject","inLanguage":"pt-PT","@id":"https:\/\/secure.gravatar.com\/avatar\/f4012bdfd3c1190166ba510602a508ab2a504cafc93cf37f0c8cbdc54e85846a?s=96&d=mm&r=g","url":"https:\/\/secure.gravatar.com\/avatar\/f4012bdfd3c1190166ba510602a508ab2a504cafc93cf37f0c8cbdc54e85846a?s=96&d=mm&r=g","contentUrl":"https:\/\/secure.gravatar.com\/avatar\/f4012bdfd3c1190166ba510602a508ab2a504cafc93cf37f0c8cbdc54e85846a?s=96&d=mm&r=g","caption":"Mailcomms Group"},"sameAs":["https:\/\/mailcommsgroup.com"],"url":"https:\/\/mailcommsgroup.com\/pt\/blog\/author\/ntrwrks_ccmms\/"}]}},"_links":{"self":[{"href":"https:\/\/mailcommsgroup.com\/pt\/wp-json\/wp\/v2\/posts\/31189","targetHints":{"allow":["GET"]}}],"collection":[{"href":"https:\/\/mailcommsgroup.com\/pt\/wp-json\/wp\/v2\/posts"}],"about":[{"href":"https:\/\/mailcommsgroup.com\/pt\/wp-json\/wp\/v2\/types\/post"}],"author":[{"embeddable":true,"href":"https:\/\/mailcommsgroup.com\/pt\/wp-json\/wp\/v2\/users\/1"}],"replies":[{"embeddable":true,"href":"https:\/\/mailcommsgroup.com\/pt\/wp-json\/wp\/v2\/comments?post=31189"}],"version-history":[{"count":7,"href":"https:\/\/mailcommsgroup.com\/pt\/wp-json\/wp\/v2\/posts\/31189\/revisions"}],"predecessor-version":[{"id":37373,"href":"https:\/\/mailcommsgroup.com\/pt\/wp-json\/wp\/v2\/posts\/31189\/revisions\/37373"}],"wp:featuredmedia":[{"embeddable":true,"href":"https:\/\/mailcommsgroup.com\/pt\/wp-json\/wp\/v2\/media\/31197"}],"wp:attachment":[{"href":"https:\/\/mailcommsgroup.com\/pt\/wp-json\/wp\/v2\/media?parent=31189"}],"wp:term":[{"taxonomy":"category","embeddable":true,"href":"https:\/\/mailcommsgroup.com\/pt\/wp-json\/wp\/v2\/categories?post=31189"}],"curies":[{"name":"wp","href":"https:\/\/api.w.org\/{rel}","templated":true}]}}