{"id":28873,"date":"2024-09-26T13:01:02","date_gmt":"2024-09-26T11:01:02","guid":{"rendered":"https:\/\/mailcommsgroup.com\/blog\/the-un-global-pact-a-maior-alianca-de-sustentabilidade-empresarial-do-mundo\/"},"modified":"2025-08-25T11:30:11","modified_gmt":"2025-08-25T09:30:11","slug":"the-un-global-pact-a-maior-alianca-de-sustentabilidade-empresarial-do-mundo","status":"publish","type":"post","link":"https:\/\/mailcommsgroup.com\/pt\/blog\/the-un-global-pact-a-maior-alianca-de-sustentabilidade-empresarial-do-mundo\/","title":{"rendered":"O Pacto Global da ONU: a maior alian\u00e7a de sustentabilidade empresarial do mundo"},"content":{"rendered":"<div class=\"wpb-content-wrapper\"><p>[vc_row][vc_column][vc_single_image image=&#8221;28593&#8243; img_size=&#8221;full&#8221;][\/vc_column][\/vc_row][vc_row][vc_column][vc_empty_space height=&#8221;20px&#8221;][vc_column_text css=&#8221;.vc_custom_1731315566334{padding-top: 50px !important;padding-right: 50px !important;padding-bottom: 50px !important;padding-left: 50px !important;background-color: #f2f2f2 !important;}&#8221;]<span style=\"font-size: 20px;\"><strong>\u00cdndice  <\/strong><\/span><\/p>\n<ol>\n<li><a href=\"#uno\">Introdu\u00e7\u00e3o<\/a><\/li>\n<li><a href=\"#dos\">Pacto Global da ONU<\/a><\/li>\n<li><a href=\"#tres\">Porque \u00e9 que este pacto \u00e9 necess\u00e1rio?<\/a><\/li>\n<li><a href=\"#cuatro\">Iniciativas lan\u00e7adas<\/a><\/li>\n<li><a href=\"#cinco\">A participa\u00e7\u00e3o do Grupo MailComms<\/a><\/li>\n<\/ol>\n<p>[\/vc_column_text][\/vc_column][\/vc_row][vc_row][vc_column][vc_empty_space height=&#8221;100px&#8221; el_id=&#8221;uno&#8221; css=&#8221;.vc_custom_1731315707014{margin-top: -70px !important;}&#8221;][vc_column_text css=&#8221;.vc_custom_1727250679133{padding-top: 15px !important;padding-right: 15px !important;padding-bottom: 15px !important;padding-left: 15px !important;background-color: #47d7ac !important;}&#8221;]<\/p>\n<h2 style=\"margin-top: 0;\"><span style=\"color: #000000;\"><strong>Introdu\u00e7\u00e3o<\/strong><\/span><\/h2>\n<p>[\/vc_column_text][vc_column_text]<strong>Aderimos ao UN Global Compact, a maior iniciativa de sustentabilidade empresarial do mundo<\/strong>. Entre muitas outras coisas, isto significa que n\u00f3s, no Grupo MailComms, tal como todas as outras empresas e organiza\u00e7\u00f5es participantes, <strong>estamos empenhados em<\/strong> alinhar as nossas opera\u00e7\u00f5es com os <a href=\"https:\/\/www.pactomundial.org\/que-puedes-hacer-tu\/diez-principios\/\" target=\"_blank\" rel=\"noopener\">dez princ\u00edpios universalmente aceites<\/a> que afectam \u00e1reas como <strong>os direitos humanos, as normas laborais, o ambiente e a anti-corrup\u00e7\u00e3o<\/strong>. <\/p>\n<p>Mas <strong>o que \u00e9 o Pacto Global da ONU e para que serve?<\/strong> Explica-nos neste artigo.[\/vc_column_text][vc_empty_space height=&#8221;120px&#8221; el_id=&#8221;dos&#8221; css=&#8221;.vc_custom_1731315606181{margin-top: -100px !important;}&#8221;][vc_column_text css=&#8221;.vc_custom_1727253053836{padding-top: 15px !important;padding-right: 15px !important;padding-bottom: 15px !important;padding-left: 15px !important;background-color: #47d7ac !important;}&#8221;]<\/p>\n<h2 style=\"margin-top: 0;\"><span style=\"color: #000000;\"><strong>Pacto Global da ONU<\/strong><\/span><\/h2>\n<p>[\/vc_column_text][vc_column_text]Lan\u00e7ado em 2000, o UN Global Compact \u00e9 <strong>uma iniciativa global de sustentabilidade empresarial<\/strong> \u00e0 qual aderiram mais de 21.000 entidades de 160 pa\u00edses. Al\u00e9m disso, de acordo com a sua identidade colaborativa, existem <strong>70 redes locais em<\/strong> torno deste pacto que desenvolvem os seus princ\u00edpios adaptados \u00e0s realidades particulares de cada pa\u00eds. <strong>Espanha conta com uma destas redes<\/strong>, uma das mais importantes em termos de n\u00famero de membros, 1.600 organiza\u00e7\u00f5es, n\u00famero de relat\u00f3rios de progresso ou relat\u00f3rios de sustentabilidade apresentados, desempenho demonstrado e solu\u00e7\u00f5es implementadas. <\/p>\n<p>Para al\u00e9m de <strong>respeitarem e promoverem os dez princ\u00edpios das Na\u00e7\u00f5es Unidas<\/strong>, os signat\u00e1rios est\u00e3o a trabalhar no sentido de tomar medidas para <strong>alcan\u00e7ar os Objectivos de Desenvolvimento Sustent\u00e1vel das Na\u00e7\u00f5es Unidas<\/strong>, tal como n\u00f3s temos vindo a fazer h\u00e1 anos. De facto, esta ades\u00e3o \u00e9 um passo natural na <a href=\"https:\/\/mailcommsgroup.com\/pt\/nos\/sustentabilidade\/\" target=\"_blank\" rel=\"noopener\">nossa estrat\u00e9gia de sustentabilidade<\/a> e um grande passo em frente na nossa contribui\u00e7\u00e3o para um dos nossos ODS preferidos, o ODS 17: <strong>Parcerias para alcan\u00e7ar os objectivos<\/strong>. E o objetivo final \u00e9 cuidar do planeta e de todas as suas formas de vida, bem como deixar um legado positivo para as gera\u00e7\u00f5es vindouras.  <\/p>\n<p><a href=\"https:\/\/www.pactomundial.org\/participantes\/\" target=\"_blank\" rel=\"noopener\">Nesta p\u00e1gina<\/a>, podes procurar o perfil empresarial das empresas associadas em Espanha. Encontra-nos como <strong>MailTecK<\/strong>, a empresa que criou o grupo.[\/vc_column_text][vc_empty_space height=&#8221;120px&#8221; el_id=&#8221;tres&#8221; css=&#8221;.vc_custom_1731315616525{margin-top: -100px !important;}&#8221;][vc_column_text css=&#8221;.vc_custom_1727254285581{padding-top: 15px !important;padding-right: 15px !important;padding-bottom: 15px !important;padding-left: 15px !important;background-color: #47d7ac !important;}&#8221;]<\/p>\n<h2 style=\"margin-top: 0;\"><span style=\"color: #000000;\"><strong>Porque \u00e9 que este pacto \u00e9 necess\u00e1rio?<\/strong><\/span><\/h2>\n<p>[\/vc_column_text][vc_column_text]<img loading=\"lazy\" decoding=\"async\" class=\"size-full wp-image-28516 alignleft pd-r-20 pd-t-10\" src=\"https:\/\/mailcommsgroup.com\/wp-content\/uploads\/2024\/09\/mailcomms-group-ods-1.webp\" alt=\"Objectivos de Desenvolvimento Sustent\u00e1vel da ONU\" width=\"425\" height=\"436\"><\/p>\n<p>A colabora\u00e7\u00e3o entre todos os actores da sociedade \u00e9 essencial para <strong>inverter os efeitos que as altera\u00e7\u00f5es clim\u00e1ticas<\/strong> est\u00e3o a ter sobre o planeta, os seus ecossistemas e todas as esp\u00e9cies, incluindo as pessoas que o habitam. Esta vis\u00e3o sob a forma de uma alian\u00e7a necess\u00e1ria foi explicitada com o lan\u00e7amento dos <strong>Objectivos de Desenvolvimento Sustent\u00e1vel da ONU<\/strong>, para os quais a organiza\u00e7\u00e3o procurou, desde o in\u00edcio, a <strong>contribui\u00e7\u00e3o e a responsabilidade dos governos e das autoridades p\u00fablicas, dos cidad\u00e3os e da comunidade empresarial<\/strong>. \u00c9 precisamente a exist\u00eancia deste pacto global e a ades\u00e3o de empresas de todo o mundo que \u00e9 desej\u00e1vel:  <\/p>\n<ul>\n<li>A promo\u00e7\u00e3o de <strong>pr\u00e1ticas sustent\u00e1veis<\/strong> que beneficiem o ambiente e a sociedade em geral.<\/li>\n<li>O estabelecimento de um <strong>quadro de refer\u00eancia<\/strong> baseado em normas universais de sustentabilidade e direitos humanos.<\/li>\n<li>Promover a <strong>transpar\u00eancia<\/strong>. As empresas aderentes t\u00eam de apresentar anualmente um relat\u00f3rio sobre os seus progressos. <\/li>\n<li>Impulsionar <strong>a inova\u00e7\u00e3o<\/strong> para oferecer produtos e servi\u00e7os mais respeitadores e sustent\u00e1veis.<\/li>\n<li>Refor\u00e7ar <strong>as rela\u00e7\u00f5es com as partes interessadas<\/strong>, incluindo clientes, empregados e comunidades locais.<\/li>\n<li>Melhorar a imagem e a reputa\u00e7\u00e3o da empresa atrav\u00e9s de pr\u00e1ticas \u00e9ticas e respons\u00e1veis.<\/li>\n<\/ul>\n<p>O Pacto Global das Na\u00e7\u00f5es Unidas \u00e9, por conseguinte, <strong>um catalisador para as empresas de todo o mundo integrarem a sustentabilidade nas suas actividades e contribu\u00edrem positivamente para o desenvolvimento sustent\u00e1vel global<\/strong>.[\/vc_column_text][vc_empty_space height=&#8221;120px&#8221; el_id=&#8221;cuatro&#8221; css=&#8221;.vc_custom_1731315628501{margin-top: -100px !important;}&#8221;][vc_column_text css=&#8221;.vc_custom_1727255274760{padding-top: 15px !important;padding-right: 15px !important;padding-bottom: 15px !important;padding-left: 15px !important;background-color: #47d7ac !important;}&#8221;]<\/p>\n<h2 style=\"margin-top: 0;\"><span style=\"color: #000000;\"><strong>Iniciativas lan\u00e7adas<\/strong><\/span><\/h2>\n<p>[\/vc_column_text][vc_column_text]Desde a sua cria\u00e7\u00e3o, h\u00e1 24 anos, o Pacto Global das Na\u00e7\u00f5es Unidas produziu um grande n\u00famero de <strong>iniciativas valiosas<\/strong>.<\/p>\n<p>De acordo com o seu esp\u00edrito, alguns dos mais relevantes est\u00e3o relacionados com a <strong>cria\u00e7\u00e3o e refor\u00e7o de alian\u00e7as no sector privado, e tamb\u00e9m entre empresas e o sector p\u00fablico<\/strong>, para garantir que milhares de empresas, hoje mais de 21.000, colocam <strong>a sustentabilidade em primeiro plano na conce\u00e7\u00e3o das suas estrat\u00e9gias de neg\u00f3cio<\/strong>. O Compact tamb\u00e9m promoveu fortemente os seus 10 princ\u00edpios e a obten\u00e7\u00e3o de um consenso universal em torno deles. <\/p>\n<p>Por outro lado, e como um dos seus principais instrumentos, exige que as entidades signat\u00e1rias <strong>elaborem relat\u00f3rios regulares sobre o seu progresso na implementa\u00e7\u00e3o dos princ\u00edpios e a sua contribui\u00e7\u00e3o para os ODS<\/strong>. A periodicidade depende do tipo de organiza\u00e7\u00e3o: para as empresas, a obriga\u00e7\u00e3o \u00e9 anual, e para as ONGs, bienal. <\/p>\n<p>Um outro conjunto principal de iniciativas activadas est\u00e1 diretamente relacionado com a <strong>sensibiliza\u00e7\u00e3o e o apoio \u00e0 Agenda 2030<\/strong> e aos ODS, com as empresas como actores-chave do desenvolvimento, mas tamb\u00e9m com outros estratos, como, principalmente, os cidad\u00e3os e os organismos p\u00fablicos.<\/p>\n<p>Em suma, atrav\u00e9s das suas ac\u00e7\u00f5es, o Global Compact procura criar um movimento global de empresas respons\u00e1veis, que assumem um papel de lideran\u00e7a na promo\u00e7\u00e3o do desenvolvimento sustent\u00e1vel.[\/vc_column_text][vc_empty_space height=&#8221;120px&#8221; el_id=&#8221;cinco&#8221; css=&#8221;.vc_custom_1731315636901{margin-top: -100px !important;}&#8221;][vc_column_text css=&#8221;.vc_custom_1727255415973{padding-top: 15px !important;padding-right: 15px !important;padding-bottom: 15px !important;padding-left: 15px !important;background-color: #47d7ac !important;}&#8221;]<\/p>\n<h2 style=\"margin-top: 0;\"><span style=\"color: #000000;\"><strong>A participa\u00e7\u00e3o do Grupo MailComms<\/strong><\/span><\/h2>\n<p>[\/vc_column_text][vc_column_text]No Grupo MailComms aderimos (atrav\u00e9s da nossa empresa MailTecK) para, entre outras coisas, <strong>ter acesso \u00e0s melhores pr\u00e1ticas do mercado e formar os nossos profissionais em sustentabilidade, cadeia de fornecimento e rela\u00e7\u00f5es laborais<\/strong>. De facto, dois colaboradores j\u00e1 frequentaram o <a href=\"https:\/\/www.pactomundial.org\/sustainablesuppliers\/formacion-proveedores-sostenibles\/\" target=\"_blank\" rel=\"noopener\">Programa de Forma\u00e7\u00e3o de Fornecedores Sustent\u00e1veis<\/a>, com a dura\u00e7\u00e3o de 6 meses, para aprenderem e trazerem conhecimentos para o grupo. As iniciativas relacionadas com o pacto tamb\u00e9m nos permitir\u00e3o <strong>melhorar a nossa efici\u00eancia, racionalidade e minimiza\u00e7\u00e3o de impactos<\/strong>, o que \u00e9 muito significativo tendo em conta a nossa atividade na \u00e1rea da <em>impress\u00e3o<\/em>.  <\/p>\n<p><img loading=\"lazy\" decoding=\"async\" class=\"alignnone size-full wp-image-28706\" src=\"https:\/\/mailcommsgroup.com\/wp-content\/uploads\/2024\/09\/ods.webp\" alt=\"Fornecedor sustent\u00e1vel para atingir os seus objectivos ambientais\" width=\"892\" height=\"457\" srcset=\"https:\/\/mailcommsgroup.com\/wp-content\/uploads\/2024\/09\/ods.webp 892w, https:\/\/mailcommsgroup.com\/wp-content\/uploads\/2024\/09\/ods-300x154.webp 300w, https:\/\/mailcommsgroup.com\/wp-content\/uploads\/2024\/09\/ods-768x393.webp 768w\" sizes=\"auto, (max-width: 892px) 100vw, 892px\" \/>O nosso desejo \u00e9 estar em contacto permanente com o Compact, as suas redes e outras empresas para otimizar o nosso trabalho em prol da sustentabilidade, desde o nosso trabalho di\u00e1rio e atrav\u00e9s das organiza\u00e7\u00f5es e pessoas que podemos aconselhar ou influenciar. Por outro lado, o facto de sermos membros do Compact <strong>d\u00e1-nos um claro compromisso de responsabiliza\u00e7\u00e3o atrav\u00e9s da prepara\u00e7\u00e3o e publica\u00e7\u00e3o de relat\u00f3rios anuais de monitoriza\u00e7\u00e3o (CoP)<\/strong>. Estas an\u00e1lises cont\u00eam dados interessantes sobre governa\u00e7\u00e3o, sustentabilidade e compromisso social. Isto <strong>tornar-nos-\u00e1 mais objectivos e transparentes<\/strong>, e fornecer-nos-\u00e1 indicadores-chave que nos ajudar\u00e3o a mostrar o nosso progresso e a progredir em dire\u00e7\u00e3o aos nossos objectivos.[\/vc_column_text][vc_single_image image=&#8221;28609&#8243; img_size=&#8221;full&#8221;][vc_column_text]<\/p>\n<p style=\"line-height: 15.0pt;\"><b><span style=\"font-size: 11.5pt; font-family: 'Calibri',sans-serif; color: #001447;\">PARTICIPA no #ODSforFlag<\/span><\/b><\/p>\n<p>[\/vc_column_text][\/vc_column][\/vc_row]<\/p>\n<\/div>","protected":false},"excerpt":{"rendered":"<p>O UN Global Compact re\u00fane mais de 21.000 organiza\u00e7\u00f5es de 160 pa\u00edses que decidiram fazer da sustentabilidade e da responsabilidade social uma parte importante da sua estrat\u00e9gia empresarial. Dizemos-te o que \u00e9 e em que consiste esta iniciativa global, \u00e0 qual aderimos recentemente. <\/p>\n","protected":false},"author":17,"featured_media":28595,"comment_status":"closed","ping_status":"open","sticky":false,"template":"","format":"standard","meta":{"_acf_changed":false,"footnotes":""},"categories":[499],"class_list":["post-28873","post","type-post","status-publish","format-standard","has-post-thumbnail","hentry","category-noticias-da-empresa"],"acf":[],"yoast_head":"<!-- This site is optimized with the Yoast SEO plugin v27.2 - https:\/\/yoast.com\/product\/yoast-seo-wordpress\/ -->\n<title>Pacto Global da ONU: Parceria para a Sustentabilidade Empresarial<\/title>\n<meta name=\"description\" content=\"Dizemos-te o que \u00e9 o Pacto Global das Na\u00e7\u00f5es Unidas e em que consiste esta iniciativa global, \u00e0 qual aderimos recentemente.\" \/>\n<meta name=\"robots\" content=\"index, follow, max-snippet:-1, max-image-preview:large, max-video-preview:-1\" \/>\n<link rel=\"canonical\" href=\"https:\/\/mailcommsgroup.com\/pt\/blog\/the-un-global-pact-a-maior-alianca-de-sustentabilidade-empresarial-do-mundo\/\" \/>\n<meta property=\"og:locale\" content=\"pt_PT\" \/>\n<meta property=\"og:type\" content=\"article\" \/>\n<meta property=\"og:title\" content=\"Pacto Global da ONU: Parceria para a Sustentabilidade Empresarial\" \/>\n<meta property=\"og:description\" content=\"Dizemos-te o que \u00e9 o Pacto Global das Na\u00e7\u00f5es Unidas e em que consiste esta iniciativa global, \u00e0 qual aderimos recentemente.\" \/>\n<meta property=\"og:url\" content=\"https:\/\/mailcommsgroup.com\/pt\/blog\/the-un-global-pact-a-maior-alianca-de-sustentabilidade-empresarial-do-mundo\/\" \/>\n<meta property=\"og:site_name\" content=\"Mailcomms Group\" \/>\n<meta property=\"article:published_time\" content=\"2024-09-26T11:01:02+00:00\" \/>\n<meta property=\"article:modified_time\" content=\"2025-08-25T09:30:11+00:00\" \/>\n<meta property=\"og:image\" content=\"https:\/\/mailcommsgroup.com\/wp-content\/uploads\/2024\/09\/mailcomms-group-pacto-mundial-onu2.webp\" \/>\n\t<meta property=\"og:image:width\" content=\"892\" \/>\n\t<meta property=\"og:image:height\" content=\"623\" \/>\n\t<meta property=\"og:image:type\" content=\"image\/webp\" \/>\n<meta name=\"author\" content=\"Antonio Jes\u00fas D\u00edaz Mora\" \/>\n<meta name=\"twitter:card\" content=\"summary_large_image\" \/>\n<meta name=\"twitter:creator\" content=\"@CommsCustomer\" \/>\n<meta name=\"twitter:site\" content=\"@CommsCustomer\" \/>\n<meta name=\"twitter:label1\" content=\"Escrito por\" \/>\n\t<meta name=\"twitter:data1\" content=\"Antonio Jes\u00fas D\u00edaz Mora\" \/>\n\t<meta name=\"twitter:label2\" content=\"Tempo estimado de leitura\" \/>\n\t<meta name=\"twitter:data2\" content=\"7 minutos\" \/>\n<script type=\"application\/ld+json\" class=\"yoast-schema-graph\">{\"@context\":\"https:\/\/schema.org\",\"@graph\":[{\"@type\":\"Article\",\"@id\":\"https:\/\/mailcommsgroup.com\/pt\/blog\/the-un-global-pact-a-maior-alianca-de-sustentabilidade-empresarial-do-mundo\/#article\",\"isPartOf\":{\"@id\":\"https:\/\/mailcommsgroup.com\/pt\/blog\/the-un-global-pact-a-maior-alianca-de-sustentabilidade-empresarial-do-mundo\/\"},\"author\":{\"name\":\"Antonio Jes\u00fas D\u00edaz Mora\",\"@id\":\"https:\/\/mailcommsgroup.com\/pt\/#\/schema\/person\/94931a7c5efb8bfb21f6cb35cb3c8499\"},\"headline\":\"O Pacto Global da ONU: a maior alian\u00e7a de sustentabilidade empresarial do mundo\",\"datePublished\":\"2024-09-26T11:01:02+00:00\",\"dateModified\":\"2025-08-25T09:30:11+00:00\",\"mainEntityOfPage\":{\"@id\":\"https:\/\/mailcommsgroup.com\/pt\/blog\/the-un-global-pact-a-maior-alianca-de-sustentabilidade-empresarial-do-mundo\/\"},\"wordCount\":1387,\"publisher\":{\"@id\":\"https:\/\/mailcommsgroup.com\/pt\/#organization\"},\"image\":{\"@id\":\"https:\/\/mailcommsgroup.com\/pt\/blog\/the-un-global-pact-a-maior-alianca-de-sustentabilidade-empresarial-do-mundo\/#primaryimage\"},\"thumbnailUrl\":\"https:\/\/mailcommsgroup.com\/wp-content\/uploads\/2024\/09\/mailcomms-group-pacto-mundial-onu2.webp\",\"articleSection\":[\"Not\u00edcias da empresa\"],\"inLanguage\":\"pt-PT\"},{\"@type\":\"WebPage\",\"@id\":\"https:\/\/mailcommsgroup.com\/pt\/blog\/the-un-global-pact-a-maior-alianca-de-sustentabilidade-empresarial-do-mundo\/\",\"url\":\"https:\/\/mailcommsgroup.com\/pt\/blog\/the-un-global-pact-a-maior-alianca-de-sustentabilidade-empresarial-do-mundo\/\",\"name\":\"Pacto Global da ONU: Parceria para a Sustentabilidade Empresarial\",\"isPartOf\":{\"@id\":\"https:\/\/mailcommsgroup.com\/pt\/#website\"},\"primaryImageOfPage\":{\"@id\":\"https:\/\/mailcommsgroup.com\/pt\/blog\/the-un-global-pact-a-maior-alianca-de-sustentabilidade-empresarial-do-mundo\/#primaryimage\"},\"image\":{\"@id\":\"https:\/\/mailcommsgroup.com\/pt\/blog\/the-un-global-pact-a-maior-alianca-de-sustentabilidade-empresarial-do-mundo\/#primaryimage\"},\"thumbnailUrl\":\"https:\/\/mailcommsgroup.com\/wp-content\/uploads\/2024\/09\/mailcomms-group-pacto-mundial-onu2.webp\",\"datePublished\":\"2024-09-26T11:01:02+00:00\",\"dateModified\":\"2025-08-25T09:30:11+00:00\",\"description\":\"Dizemos-te o que \u00e9 o Pacto Global das Na\u00e7\u00f5es Unidas e em que consiste esta iniciativa global, \u00e0 qual aderimos recentemente.\",\"breadcrumb\":{\"@id\":\"https:\/\/mailcommsgroup.com\/pt\/blog\/the-un-global-pact-a-maior-alianca-de-sustentabilidade-empresarial-do-mundo\/#breadcrumb\"},\"inLanguage\":\"pt-PT\",\"potentialAction\":[{\"@type\":\"ReadAction\",\"target\":[\"https:\/\/mailcommsgroup.com\/pt\/blog\/the-un-global-pact-a-maior-alianca-de-sustentabilidade-empresarial-do-mundo\/\"]}]},{\"@type\":\"ImageObject\",\"inLanguage\":\"pt-PT\",\"@id\":\"https:\/\/mailcommsgroup.com\/pt\/blog\/the-un-global-pact-a-maior-alianca-de-sustentabilidade-empresarial-do-mundo\/#primaryimage\",\"url\":\"https:\/\/mailcommsgroup.com\/wp-content\/uploads\/2024\/09\/mailcomms-group-pacto-mundial-onu2.webp\",\"contentUrl\":\"https:\/\/mailcommsgroup.com\/wp-content\/uploads\/2024\/09\/mailcomms-group-pacto-mundial-onu2.webp\",\"width\":892,\"height\":623,\"caption\":\"Grupo MailComms se adhiere al Pacto Mundial de la ONU\"},{\"@type\":\"BreadcrumbList\",\"@id\":\"https:\/\/mailcommsgroup.com\/pt\/blog\/the-un-global-pact-a-maior-alianca-de-sustentabilidade-empresarial-do-mundo\/#breadcrumb\",\"itemListElement\":[{\"@type\":\"ListItem\",\"position\":1,\"name\":\"Mailcomms Group\",\"item\":\"https:\/\/mailcommsgroup.com\/pt\/\"},{\"@type\":\"ListItem\",\"position\":2,\"name\":\"Blogue\",\"item\":\"https:\/\/mailcommsgroup.com\/pt\/blog\/\"},{\"@type\":\"ListItem\",\"position\":3,\"name\":\"O Pacto Global da ONU: a maior alian\u00e7a de sustentabilidade empresarial do mundo\"}]},{\"@type\":\"WebSite\",\"@id\":\"https:\/\/mailcommsgroup.com\/pt\/#website\",\"url\":\"https:\/\/mailcommsgroup.com\/pt\/\",\"name\":\"MailComms Group\",\"description\":\"La transformaci\u00f3n digital a trav\u00e9s de la comunicaci\u00f3n omnicanal, con plena validez legal.\",\"publisher\":{\"@id\":\"https:\/\/mailcommsgroup.com\/pt\/#organization\"},\"alternateName\":\"MailComms Group\",\"potentialAction\":[{\"@type\":\"SearchAction\",\"target\":{\"@type\":\"EntryPoint\",\"urlTemplate\":\"https:\/\/mailcommsgroup.com\/pt\/?s={search_term_string}\"},\"query-input\":{\"@type\":\"PropertyValueSpecification\",\"valueRequired\":true,\"valueName\":\"search_term_string\"}}],\"inLanguage\":\"pt-PT\"},{\"@type\":\"Organization\",\"@id\":\"https:\/\/mailcommsgroup.com\/pt\/#organization\",\"name\":\"MailComms Group - Soluciones de comunicaci\u00f3n omnicanal con validez legal.\",\"alternateName\":\"MailComms Group\",\"url\":\"https:\/\/mailcommsgroup.com\/pt\/\",\"logo\":{\"@type\":\"ImageObject\",\"inLanguage\":\"pt-PT\",\"@id\":\"https:\/\/mailcommsgroup.com\/pt\/#\/schema\/logo\/image\/\",\"url\":\"https:\/\/mailcommsgroup.com\/wp-content\/uploads\/2023\/05\/icon_mini_mailcommsgroup.png\",\"contentUrl\":\"https:\/\/mailcommsgroup.com\/wp-content\/uploads\/2023\/05\/icon_mini_mailcommsgroup.png\",\"width\":512,\"height\":512,\"caption\":\"MailComms Group - Soluciones de comunicaci\u00f3n omnicanal con validez legal.\"},\"image\":{\"@id\":\"https:\/\/mailcommsgroup.com\/pt\/#\/schema\/logo\/image\/\"},\"sameAs\":[\"https:\/\/x.com\/CommsCustomer\",\"https:\/\/www.linkedin.com\/company\/customercomms\/\",\"https:\/\/www.youtube.com\/channel\/UCtvYLee1QHy89JS2-gMgnTQ\"]},{\"@type\":\"Person\",\"@id\":\"https:\/\/mailcommsgroup.com\/pt\/#\/schema\/person\/94931a7c5efb8bfb21f6cb35cb3c8499\",\"name\":\"Antonio Jes\u00fas D\u00edaz Mora\",\"image\":{\"@type\":\"ImageObject\",\"inLanguage\":\"pt-PT\",\"@id\":\"https:\/\/secure.gravatar.com\/avatar\/cf3c1639314319604fdc9ecacef7be467eebd20522f28dd0032592cee6c10758?s=96&d=mm&r=g\",\"url\":\"https:\/\/secure.gravatar.com\/avatar\/cf3c1639314319604fdc9ecacef7be467eebd20522f28dd0032592cee6c10758?s=96&d=mm&r=g\",\"contentUrl\":\"https:\/\/secure.gravatar.com\/avatar\/cf3c1639314319604fdc9ecacef7be467eebd20522f28dd0032592cee6c10758?s=96&d=mm&r=g\",\"caption\":\"Antonio Jes\u00fas D\u00edaz Mora\"},\"url\":\"https:\/\/mailcommsgroup.com\/pt\/blog\/author\/antonio-jesus\/\"}]}<\/script>\n<!-- \/ Yoast SEO plugin. -->","yoast_head_json":{"title":"Pacto Global da ONU: Parceria para a Sustentabilidade Empresarial","description":"Dizemos-te o que \u00e9 o Pacto Global das Na\u00e7\u00f5es Unidas e em que consiste esta iniciativa global, \u00e0 qual aderimos recentemente.","robots":{"index":"index","follow":"follow","max-snippet":"max-snippet:-1","max-image-preview":"max-image-preview:large","max-video-preview":"max-video-preview:-1"},"canonical":"https:\/\/mailcommsgroup.com\/pt\/blog\/the-un-global-pact-a-maior-alianca-de-sustentabilidade-empresarial-do-mundo\/","og_locale":"pt_PT","og_type":"article","og_title":"Pacto Global da ONU: Parceria para a Sustentabilidade Empresarial","og_description":"Dizemos-te o que \u00e9 o Pacto Global das Na\u00e7\u00f5es Unidas e em que consiste esta iniciativa global, \u00e0 qual aderimos recentemente.","og_url":"https:\/\/mailcommsgroup.com\/pt\/blog\/the-un-global-pact-a-maior-alianca-de-sustentabilidade-empresarial-do-mundo\/","og_site_name":"Mailcomms Group","article_published_time":"2024-09-26T11:01:02+00:00","article_modified_time":"2025-08-25T09:30:11+00:00","og_image":[{"width":892,"height":623,"url":"https:\/\/mailcommsgroup.com\/wp-content\/uploads\/2024\/09\/mailcomms-group-pacto-mundial-onu2.webp","type":"image\/webp"}],"author":"Antonio Jes\u00fas D\u00edaz Mora","twitter_card":"summary_large_image","twitter_creator":"@CommsCustomer","twitter_site":"@CommsCustomer","twitter_misc":{"Escrito por":"Antonio Jes\u00fas D\u00edaz Mora","Tempo estimado de leitura":"7 minutos"},"schema":{"@context":"https:\/\/schema.org","@graph":[{"@type":"Article","@id":"https:\/\/mailcommsgroup.com\/pt\/blog\/the-un-global-pact-a-maior-alianca-de-sustentabilidade-empresarial-do-mundo\/#article","isPartOf":{"@id":"https:\/\/mailcommsgroup.com\/pt\/blog\/the-un-global-pact-a-maior-alianca-de-sustentabilidade-empresarial-do-mundo\/"},"author":{"name":"Antonio Jes\u00fas D\u00edaz Mora","@id":"https:\/\/mailcommsgroup.com\/pt\/#\/schema\/person\/94931a7c5efb8bfb21f6cb35cb3c8499"},"headline":"O Pacto Global da ONU: a maior alian\u00e7a de sustentabilidade empresarial do mundo","datePublished":"2024-09-26T11:01:02+00:00","dateModified":"2025-08-25T09:30:11+00:00","mainEntityOfPage":{"@id":"https:\/\/mailcommsgroup.com\/pt\/blog\/the-un-global-pact-a-maior-alianca-de-sustentabilidade-empresarial-do-mundo\/"},"wordCount":1387,"publisher":{"@id":"https:\/\/mailcommsgroup.com\/pt\/#organization"},"image":{"@id":"https:\/\/mailcommsgroup.com\/pt\/blog\/the-un-global-pact-a-maior-alianca-de-sustentabilidade-empresarial-do-mundo\/#primaryimage"},"thumbnailUrl":"https:\/\/mailcommsgroup.com\/wp-content\/uploads\/2024\/09\/mailcomms-group-pacto-mundial-onu2.webp","articleSection":["Not\u00edcias da empresa"],"inLanguage":"pt-PT"},{"@type":"WebPage","@id":"https:\/\/mailcommsgroup.com\/pt\/blog\/the-un-global-pact-a-maior-alianca-de-sustentabilidade-empresarial-do-mundo\/","url":"https:\/\/mailcommsgroup.com\/pt\/blog\/the-un-global-pact-a-maior-alianca-de-sustentabilidade-empresarial-do-mundo\/","name":"Pacto Global da ONU: Parceria para a Sustentabilidade Empresarial","isPartOf":{"@id":"https:\/\/mailcommsgroup.com\/pt\/#website"},"primaryImageOfPage":{"@id":"https:\/\/mailcommsgroup.com\/pt\/blog\/the-un-global-pact-a-maior-alianca-de-sustentabilidade-empresarial-do-mundo\/#primaryimage"},"image":{"@id":"https:\/\/mailcommsgroup.com\/pt\/blog\/the-un-global-pact-a-maior-alianca-de-sustentabilidade-empresarial-do-mundo\/#primaryimage"},"thumbnailUrl":"https:\/\/mailcommsgroup.com\/wp-content\/uploads\/2024\/09\/mailcomms-group-pacto-mundial-onu2.webp","datePublished":"2024-09-26T11:01:02+00:00","dateModified":"2025-08-25T09:30:11+00:00","description":"Dizemos-te o que \u00e9 o Pacto Global das Na\u00e7\u00f5es Unidas e em que consiste esta iniciativa global, \u00e0 qual aderimos recentemente.","breadcrumb":{"@id":"https:\/\/mailcommsgroup.com\/pt\/blog\/the-un-global-pact-a-maior-alianca-de-sustentabilidade-empresarial-do-mundo\/#breadcrumb"},"inLanguage":"pt-PT","potentialAction":[{"@type":"ReadAction","target":["https:\/\/mailcommsgroup.com\/pt\/blog\/the-un-global-pact-a-maior-alianca-de-sustentabilidade-empresarial-do-mundo\/"]}]},{"@type":"ImageObject","inLanguage":"pt-PT","@id":"https:\/\/mailcommsgroup.com\/pt\/blog\/the-un-global-pact-a-maior-alianca-de-sustentabilidade-empresarial-do-mundo\/#primaryimage","url":"https:\/\/mailcommsgroup.com\/wp-content\/uploads\/2024\/09\/mailcomms-group-pacto-mundial-onu2.webp","contentUrl":"https:\/\/mailcommsgroup.com\/wp-content\/uploads\/2024\/09\/mailcomms-group-pacto-mundial-onu2.webp","width":892,"height":623,"caption":"Grupo MailComms se adhiere al Pacto Mundial de la ONU"},{"@type":"BreadcrumbList","@id":"https:\/\/mailcommsgroup.com\/pt\/blog\/the-un-global-pact-a-maior-alianca-de-sustentabilidade-empresarial-do-mundo\/#breadcrumb","itemListElement":[{"@type":"ListItem","position":1,"name":"Mailcomms Group","item":"https:\/\/mailcommsgroup.com\/pt\/"},{"@type":"ListItem","position":2,"name":"Blogue","item":"https:\/\/mailcommsgroup.com\/pt\/blog\/"},{"@type":"ListItem","position":3,"name":"O Pacto Global da ONU: a maior alian\u00e7a de sustentabilidade empresarial do mundo"}]},{"@type":"WebSite","@id":"https:\/\/mailcommsgroup.com\/pt\/#website","url":"https:\/\/mailcommsgroup.com\/pt\/","name":"MailComms Group","description":"La transformaci\u00f3n digital a trav\u00e9s de la comunicaci\u00f3n omnicanal, con plena validez legal.","publisher":{"@id":"https:\/\/mailcommsgroup.com\/pt\/#organization"},"alternateName":"MailComms Group","potentialAction":[{"@type":"SearchAction","target":{"@type":"EntryPoint","urlTemplate":"https:\/\/mailcommsgroup.com\/pt\/?s={search_term_string}"},"query-input":{"@type":"PropertyValueSpecification","valueRequired":true,"valueName":"search_term_string"}}],"inLanguage":"pt-PT"},{"@type":"Organization","@id":"https:\/\/mailcommsgroup.com\/pt\/#organization","name":"MailComms Group - Soluciones de comunicaci\u00f3n omnicanal con validez legal.","alternateName":"MailComms Group","url":"https:\/\/mailcommsgroup.com\/pt\/","logo":{"@type":"ImageObject","inLanguage":"pt-PT","@id":"https:\/\/mailcommsgroup.com\/pt\/#\/schema\/logo\/image\/","url":"https:\/\/mailcommsgroup.com\/wp-content\/uploads\/2023\/05\/icon_mini_mailcommsgroup.png","contentUrl":"https:\/\/mailcommsgroup.com\/wp-content\/uploads\/2023\/05\/icon_mini_mailcommsgroup.png","width":512,"height":512,"caption":"MailComms Group - Soluciones de comunicaci\u00f3n omnicanal con validez legal."},"image":{"@id":"https:\/\/mailcommsgroup.com\/pt\/#\/schema\/logo\/image\/"},"sameAs":["https:\/\/x.com\/CommsCustomer","https:\/\/www.linkedin.com\/company\/customercomms\/","https:\/\/www.youtube.com\/channel\/UCtvYLee1QHy89JS2-gMgnTQ"]},{"@type":"Person","@id":"https:\/\/mailcommsgroup.com\/pt\/#\/schema\/person\/94931a7c5efb8bfb21f6cb35cb3c8499","name":"Antonio Jes\u00fas D\u00edaz Mora","image":{"@type":"ImageObject","inLanguage":"pt-PT","@id":"https:\/\/secure.gravatar.com\/avatar\/cf3c1639314319604fdc9ecacef7be467eebd20522f28dd0032592cee6c10758?s=96&d=mm&r=g","url":"https:\/\/secure.gravatar.com\/avatar\/cf3c1639314319604fdc9ecacef7be467eebd20522f28dd0032592cee6c10758?s=96&d=mm&r=g","contentUrl":"https:\/\/secure.gravatar.com\/avatar\/cf3c1639314319604fdc9ecacef7be467eebd20522f28dd0032592cee6c10758?s=96&d=mm&r=g","caption":"Antonio Jes\u00fas D\u00edaz Mora"},"url":"https:\/\/mailcommsgroup.com\/pt\/blog\/author\/antonio-jesus\/"}]}},"_links":{"self":[{"href":"https:\/\/mailcommsgroup.com\/pt\/wp-json\/wp\/v2\/posts\/28873","targetHints":{"allow":["GET"]}}],"collection":[{"href":"https:\/\/mailcommsgroup.com\/pt\/wp-json\/wp\/v2\/posts"}],"about":[{"href":"https:\/\/mailcommsgroup.com\/pt\/wp-json\/wp\/v2\/types\/post"}],"author":[{"embeddable":true,"href":"https:\/\/mailcommsgroup.com\/pt\/wp-json\/wp\/v2\/users\/17"}],"replies":[{"embeddable":true,"href":"https:\/\/mailcommsgroup.com\/pt\/wp-json\/wp\/v2\/comments?post=28873"}],"version-history":[{"count":6,"href":"https:\/\/mailcommsgroup.com\/pt\/wp-json\/wp\/v2\/posts\/28873\/revisions"}],"predecessor-version":[{"id":37346,"href":"https:\/\/mailcommsgroup.com\/pt\/wp-json\/wp\/v2\/posts\/28873\/revisions\/37346"}],"wp:featuredmedia":[{"embeddable":true,"href":"https:\/\/mailcommsgroup.com\/pt\/wp-json\/wp\/v2\/media\/28595"}],"wp:attachment":[{"href":"https:\/\/mailcommsgroup.com\/pt\/wp-json\/wp\/v2\/media?parent=28873"}],"wp:term":[{"taxonomy":"category","embeddable":true,"href":"https:\/\/mailcommsgroup.com\/pt\/wp-json\/wp\/v2\/categories?post=28873"}],"curies":[{"name":"wp","href":"https:\/\/api.w.org\/{rel}","templated":true}]}}