{"id":24922,"date":"2024-01-18T16:30:19","date_gmt":"2024-01-18T15:30:19","guid":{"rendered":"https:\/\/mailcommsgroup.com\/?p=24922"},"modified":"2025-11-19T14:22:39","modified_gmt":"2025-11-19T13:22:39","slug":"este-ano-falaremos-sobre-seguranca-cibernetica-regulamentacao-e-inovacao-operacional-em-seguros-semana-2024","status":"publish","type":"post","link":"https:\/\/mailcommsgroup.com\/pt\/blog\/este-ano-falaremos-sobre-seguranca-cibernetica-regulamentacao-e-inovacao-operacional-em-seguros-semana-2024\/","title":{"rendered":"Este ano, iremos debater a ciberseguran\u00e7a, a regulamenta\u00e7\u00e3o e a inova\u00e7\u00e3o operacional na Insurance Week 2024."},"content":{"rendered":"<div class=\"wpb-content-wrapper\"><p>[vc_row type=&#8221;grid&#8221; css=&#8221;.vc_custom_1658303954478{margin-top: 0px !important;padding-right: 0px !important;padding-bottom: 35px !important;padding-left: 0px !important;}&#8221;][vc_column dp_animation=&#8221;&#8221; css=&#8221;.vc_custom_1646912863207{padding-top: 0px !important;}&#8221;][vc_single_image image=&#8221;24966&#8243; img_size=&#8221;full&#8221;][\/vc_column][\/vc_row][vc_row type=&#8221;grid&#8221; css=&#8221;.vc_custom_1667912544284{margin-top: 0px !important;padding-right: 0px !important;padding-bottom: 25px !important;padding-left: 0px !important;}&#8221;][vc_column dp_animation=&#8221;&#8221; css=&#8221;.vc_custom_1646912863207{padding-top: 0px !important;}&#8221;][vc_empty_space height=&#8221;100px&#8221; el_id=&#8221;uno&#8221; css=&#8221;.vc_custom_1666180590409{margin-top: -100px !important;}&#8221;][vc_column_text css=&#8221;.vc_custom_1705600067826{padding-bottom: 0px !important;}&#8221;]<strong>&#8220;Pensar em grande, ser diferente&#8221;.<\/strong> Este \u00e9 o slogan escolhido pelo INESE Eventos para a sua Semana dos Seguros 2024, que ter\u00e1 lugar em Madrid nos dias 20, 21 e 22 de fevereiro. N\u00f3s <strong>Mais uma vez, participaremos ativamente no principal evento do sector dos seguros em Espanha.<\/strong> E f\u00e1-lo-emos, entre outras coisas, atrav\u00e9s da organiza\u00e7\u00e3o de um <strong>confer\u00eancia sobre os desafios que se colocam ao sector: ciberseguran\u00e7a, regulamenta\u00e7\u00e3o e inova\u00e7\u00e3o operacional, e sobre o papel do prestador qualificado de servi\u00e7os de confian\u00e7a.<\/strong> Este evento ter\u00e1 lugar no dia 21, das 12h00 \u00e0s 13h30.<\/p>\n<p>Para desenvolver a conversa e suscitar o debate, contaremos com a participa\u00e7\u00e3o de <strong>profissionais de prest\u00edgio<\/strong> nas suas \u00e1reas de atividade. Assim, o nosso consultor externo <strong>Rom\u00e1n Ram\u00edrez<\/strong>, entre outras coisas cofundador do congresso RootedCON, explicar\u00e1 aos participantes <strong>as principais tend\u00eancias da ciberseguran\u00e7a,<\/strong> em que \u00e9 especialista, no mundo dos seguros. <strong>Alonso Hurtado (ECIJA),<\/strong> jurista, falar\u00e1 sobre <strong>eIDAS2, NIS, DORA e a sua aplica\u00e7\u00e3o<\/strong> pelas empresas. <strong>Teresa Arandilla,<\/strong> Directora Comercial de Comunica\u00e7\u00f5es Jur\u00eddicas do Grupo MailComms, <strong>acompanhar\u00e1 Alonso na sua apresenta\u00e7\u00e3o <\/strong>.<\/p>\n<p>Duas das principais <strong>companhias de seguros completar\u00e3o a mesa redonda com as suas experi\u00eancias em mat\u00e9ria de Inova\u00e7\u00e3o Operacional,<\/strong> que partilhar\u00e3o <strong>com David Gri\u00f1\u00e1n, diretor comercial da MailTecK &amp; Customer Comms.<\/strong> <strong>Javier Echebarr\u00eda, CEO do Grupo MailComms<\/strong>, moderar\u00e1 o encontro e ser\u00e1 igualmente respons\u00e1vel pelas conclus\u00f5es.<\/p>\n<p>Nesta edi\u00e7\u00e3o da Insurance Week 2024, daremos <strong>visibilidade ao papel do prestador de servi\u00e7os de confian\u00e7a<\/strong> e <strong>\u00e0<\/strong> forma como este pode ajudar as companhias de seguros em diferentes \u00e1reas: ciberseguran\u00e7a, conformidade regulamentar e inova\u00e7\u00e3o operacional. <strong>Falaremos<\/strong> tamb\u00e9m <strong>sobre a Confian\u00e7a Zero no dom\u00ednio da identifica\u00e7\u00e3o digital<\/strong> e <strong>desceremos<\/strong> ao n\u00edvel pr\u00e1tico-operacional com os nossos clientes.<\/p>\n<p>Esperamos v\u00ea-lo dentro de um m\u00eas. Al\u00e9m disso, se for um profissional de seguros, poder\u00e1 <strong>aceder ao evento gratuitamente gra\u00e7as ao nosso convite<\/strong>. Para obter o c\u00f3digo de desconto, contacte-nos.[\/vc_column_text][\/vc_column][\/vc_row][vc_row type=&#8221;grid&#8221; css=&#8221;.vc_custom_1667911983913{margin-top: 0px !important;padding-right: 0px !important;padding-bottom: 35px !important;padding-left: 0px !important;background-color: #f4f4f4 !important;border-radius: 10px !important;}&#8221;][vc_column dp_animation=&#8221;&#8221; css=&#8221;.vc_custom_1646912863207{padding-top: 0px !important;}&#8221;][vc_column_text css=&#8221;.vc_custom_1705575228190{padding-top: 30px !important;padding-right: 30px !important;padding-bottom: 5px !important;padding-left: 30px !important;}&#8221;]Recordar os factos pr\u00e1ticos:<\/p>\n<ul>\n<li><strong>Evento: <\/strong> Semana dos Seguros 2024.<\/li>\n<li><strong>Confer\u00eancia: <\/strong>Desafios para o sector dos seguros: ciberseguran\u00e7a, regulamenta\u00e7\u00e3o e inova\u00e7\u00e3o operacional. O papel do prestador qualificado de servi\u00e7os fiduci\u00e1rios.<\/li>\n<li><strong>Dia: <\/strong> 21 de fevereiro.<\/li>\n<li><strong>Local: <\/strong>Centro de Conven\u00e7\u00f5es Norte | IFEMA Madrid.<\/li>\n<li><strong>Sala: <\/strong>113.<\/li>\n<li><strong>Hor\u00e1rio: <\/strong>das 12h00 \u00e0s 13h30<\/li>\n<\/ul>\n<p>[\/vc_column_text][vc_btn title=&#8221;REGISTO&#8221; style=&#8221;classic&#8221; shape=&#8221;round&#8221; color=&#8221;violet&#8221; align=&#8221;left&#8221; link=&#8221;url:https%3A%2F%2Fsemanadelseguro.tufabricadeventos.com%2Fasistente_798729567_41902.html|title:REGISTO|target:_blank|&#8221; el_class=&#8221;boton-blog&#8221; css=&#8221;.vc_custom_1705569895923{padding-left: 35px !important;}&#8221;][\/vc_column][\/vc_row][vc_row css=&#8221;.vc_custom_1667912334882{padding-top: 15px !important;}&#8221;][vc_column][vc_cta h2=&#8221;Vemo-nos na Semana dos Seguros?&#8221; h4=&#8221;Se precisar de mais informa\u00e7\u00f5es sobre o evento ou se quiser que nos encontremos consigo no local, deixe-nos os seus dados e entraremos em contacto consigo.&#8221;]\n<div class=\"wpcf7 no-js\" id=\"wpcf7-f22880-o1\" lang=\"pt-PT\" dir=\"ltr\" data-wpcf7-id=\"22880\">\n<div class=\"screen-reader-response\"><p role=\"status\" aria-live=\"polite\" aria-atomic=\"true\"><\/p> <ul><\/ul><\/div>\n<form action=\"\/pt\/wp-json\/wp\/v2\/posts\/24922#wpcf7-f22880-o1\" method=\"post\" class=\"wpcf7-form init\" aria-label=\"Formul\u00e1rio de contacto\" novalidate=\"novalidate\" data-status=\"init\">\n<fieldset class=\"hidden-fields-container\"><input type=\"hidden\" name=\"_wpcf7\" value=\"22880\" \/><input type=\"hidden\" name=\"_wpcf7_version\" value=\"6.1.5\" \/><input type=\"hidden\" name=\"_wpcf7_locale\" value=\"pt_PT\" \/><input type=\"hidden\" name=\"_wpcf7_unit_tag\" value=\"wpcf7-f22880-o1\" \/><input type=\"hidden\" name=\"_wpcf7_container_post\" value=\"0\" \/><input type=\"hidden\" name=\"_wpcf7_posted_data_hash\" value=\"\" \/><input type=\"hidden\" name=\"_wpcf7_recaptcha_response\" value=\"\" \/>\n<\/fieldset>\n<div class=\"col1-2 pd-10\">\n\t<p>Nome*<span class=\"wpcf7-form-control-wrap\" data-name=\"Nombre\"><input size=\"40\" maxlength=\"400\" class=\"wpcf7-form-control wpcf7-text wpcf7-validates-as-required\" aria-required=\"true\" aria-invalid=\"false\" value=\"\" type=\"text\" name=\"Nombre\" \/><\/span>\n\t<\/p>\n<\/div>\n<div class=\"col1-2 pd-10\">\n\t<p>Apelido*<span class=\"wpcf7-form-control-wrap\" data-name=\"Apellidos\"><input size=\"40\" maxlength=\"400\" class=\"wpcf7-form-control wpcf7-text wpcf7-validates-as-required\" aria-required=\"true\" aria-invalid=\"false\" value=\"\" type=\"text\" name=\"Apellidos\" \/><\/span>\n\t<\/p>\n<\/div>\n<div class=\"col1-2 pd-10\">\n\t<p>Endere\u00e7o de correio eletr\u00f3nico da empresa*<span class=\"wpcf7-form-control-wrap\" data-name=\"Email\"><input size=\"40\" maxlength=\"400\" class=\"wpcf7-form-control wpcf7-email wpcf7-validates-as-required wpcf7-text wpcf7-validates-as-email\" aria-required=\"true\" aria-invalid=\"false\" value=\"\" type=\"email\" name=\"Email\" \/><\/span>\n\t<\/p>\n<\/div>\n<div class=\"col1-2 pd-10\">\n\t<p>Telefone<span class=\"wpcf7-form-control-wrap\" data-name=\"Telefono\"><input size=\"40\" maxlength=\"400\" class=\"wpcf7-form-control wpcf7-tel wpcf7-text wpcf7-validates-as-tel\" aria-invalid=\"false\" value=\"\" type=\"tel\" name=\"Telefono\" \/><\/span>\n\t<\/p>\n<\/div>\n<div class=\"col1-1 pd-10\">\n\t<p><label class=\"checkbox-label\"><span>Concordo com o processamento dos meus dados pessoais para receber informa\u00e7\u00f5es de marketing de acordo com a nossa <a class=\"post entry-content\" href=\"https:\/\/mailcommsgroup.com\/politica-de-privacidad\/\" target=\"_blank\"><strong>pol\u00edtica de privacidade.<\/strong><\/a><\/span><span class=\"wpcf7-form-control-wrap\" data-name=\"conditions\"><span class=\"wpcf7-form-control wpcf7-checkbox wpcf7-validates-as-required\"><span class=\"wpcf7-list-item first last\"><input type=\"checkbox\" name=\"conditions[]\" value=\"1\" \/><span class=\"wpcf7-list-item-label\">1<\/span><\/span><\/span><\/span><\/label>\n\t<\/p>\n<\/div>\n<div class=\"col1-1 pd-10 submit-col\">\n\t<p><input class=\"wpcf7-form-control wpcf7-submit has-spinner\" type=\"submit\" value=\"Envia\" \/><br \/>\n<span class=\"wpcf7-form-control-wrap\" data-name=\"url\"><input size=\"40\" maxlength=\"400\" class=\"wpcf7-form-control wpcf7-text displaynone\" aria-invalid=\"false\" value=\"clientescomms.com\" type=\"text\" name=\"url\" \/><\/span>\n\t<\/p>\n<\/div><div class=\"wpcf7-response-output\" aria-hidden=\"true\"><\/div>\n<\/form>\n<\/div>\n[\/vc_cta][\/vc_column][\/vc_row]<\/p>\n<\/div>","protected":false},"excerpt":{"rendered":"<p>Vai juntar-se a n\u00f3s na Semana dos Seguros de 2024? Realizaremos uma confer\u00eancia sobre ciberseguran\u00e7a, regulamenta\u00e7\u00e3o, inova\u00e7\u00e3o operacional e o papel de um prestador de servi\u00e7os de confian\u00e7a qualificado. Participar\u00e3o, entre outros, Rom\u00e1n Ram\u00edrez, especialista em ciberseguran\u00e7a, e Alonso Hurtado, s\u00f3cio da ECIJA nas \u00e1reas de Tecnologia, Media e Telecomunica\u00e7\u00f5es e Conformidade Regulamentar, duas das principais empresas do sector, e Javier Echebarr\u00eda, David Gri\u00f1\u00e1n e Teresa Arandilla, do Grupo MailComms. Nesta publica\u00e7\u00e3o, tamb\u00e9m lhe dizemos como obter o seu convite gratuito.<\/p>\n","protected":false},"author":1,"featured_media":24966,"comment_status":"closed","ping_status":"closed","sticky":false,"template":"","format":"standard","meta":{"_acf_changed":false,"footnotes":""},"categories":[499],"class_list":["post-24922","post","type-post","status-publish","format-standard","has-post-thumbnail","hentry","category-noticias-da-empresa"],"acf":[],"yoast_head":"<!-- This site is optimized with the Yoast SEO plugin v27.2 - https:\/\/yoast.com\/product\/yoast-seo-wordpress\/ -->\n<title>Este ano, iremos debater a ciberseguran\u00e7a, a regulamenta\u00e7\u00e3o e a inova\u00e7\u00e3o operacional na Insurance Week 2024.<\/title>\n<meta name=\"description\" content=\"Vai juntar-se a n\u00f3s na Semana dos Seguros de 2024? Realizaremos uma confer\u00eancia sobre ciberseguran\u00e7a, regulamenta\u00e7\u00e3o, inova\u00e7\u00e3o operacional e o papel de um prestador de servi\u00e7os de confian\u00e7a qualificado. Participar\u00e3o, entre outros, Rom\u00e1n Ram\u00edrez, especialista em ciberseguran\u00e7a, e Alonso Hurtado, s\u00f3cio da ECIJA nas \u00e1reas de Tecnologia, Media e Telecomunica\u00e7\u00f5es e Conformidade Regulamentar, duas das principais empresas do sector, e Javier Echebarr\u00eda, David Gri\u00f1\u00e1n e Teresa Arandilla, do Grupo MailComms. Nesta publica\u00e7\u00e3o, tamb\u00e9m lhe dizemos como obter o seu convite gratuito.\" \/>\n<meta name=\"robots\" content=\"index, follow, max-snippet:-1, max-image-preview:large, max-video-preview:-1\" \/>\n<link rel=\"canonical\" href=\"https:\/\/mailcommsgroup.com\/pt\/blog\/este-ano-falaremos-sobre-seguranca-cibernetica-regulamentacao-e-inovacao-operacional-em-seguros-semana-2024\/\" \/>\n<meta property=\"og:locale\" content=\"pt_PT\" \/>\n<meta property=\"og:type\" content=\"article\" \/>\n<meta property=\"og:title\" content=\"Este ano, iremos debater a ciberseguran\u00e7a, a regulamenta\u00e7\u00e3o e a inova\u00e7\u00e3o operacional na Insurance Week 2024.\" \/>\n<meta property=\"og:description\" content=\"Vai juntar-se a n\u00f3s na Semana dos Seguros de 2024? Realizaremos uma confer\u00eancia sobre ciberseguran\u00e7a, regulamenta\u00e7\u00e3o, inova\u00e7\u00e3o operacional e o papel de um prestador de servi\u00e7os de confian\u00e7a qualificado. Participar\u00e3o, entre outros, Rom\u00e1n Ram\u00edrez, especialista em ciberseguran\u00e7a, e Alonso Hurtado, s\u00f3cio da ECIJA nas \u00e1reas de Tecnologia, Media e Telecomunica\u00e7\u00f5es e Conformidade Regulamentar, duas das principais empresas do sector, e Javier Echebarr\u00eda, David Gri\u00f1\u00e1n e Teresa Arandilla, do Grupo MailComms. Nesta publica\u00e7\u00e3o, tamb\u00e9m lhe dizemos como obter o seu convite gratuito.\" \/>\n<meta property=\"og:url\" content=\"https:\/\/mailcommsgroup.com\/pt\/blog\/este-ano-falaremos-sobre-seguranca-cibernetica-regulamentacao-e-inovacao-operacional-em-seguros-semana-2024\/\" \/>\n<meta property=\"og:site_name\" content=\"Mailcomms Group\" \/>\n<meta property=\"article:published_time\" content=\"2024-01-18T15:30:19+00:00\" \/>\n<meta property=\"article:modified_time\" content=\"2025-11-19T13:22:39+00:00\" \/>\n<meta property=\"og:image\" content=\"https:\/\/mailcommsgroup.com\/wp-content\/uploads\/2024\/01\/Mailteck-CustomerComms_892x623_4-1.jpg\" \/>\n<meta name=\"author\" content=\"Mailcomms Group\" \/>\n<meta name=\"twitter:card\" content=\"summary_large_image\" \/>\n<meta name=\"twitter:title\" content=\"Este ano, iremos debater a ciberseguran\u00e7a, a regulamenta\u00e7\u00e3o e a inova\u00e7\u00e3o operacional na Insurance Week 2024.\" \/>\n<meta name=\"twitter:description\" content=\"Vai juntar-se a n\u00f3s na Semana dos Seguros de 2024? Realizaremos uma confer\u00eancia sobre ciberseguran\u00e7a, regulamenta\u00e7\u00e3o, inova\u00e7\u00e3o operacional e o papel de um prestador de servi\u00e7os de confian\u00e7a qualificado. Participar\u00e3o, entre outros, Rom\u00e1n Ram\u00edrez, especialista em ciberseguran\u00e7a, e Alonso Hurtado, s\u00f3cio da ECIJA nas \u00e1reas de Tecnologia, Media e Telecomunica\u00e7\u00f5es e Conformidade Regulamentar, duas das principais empresas do sector, e Javier Echebarr\u00eda, David Gri\u00f1\u00e1n e Teresa Arandilla, do Grupo MailComms. Nesta publica\u00e7\u00e3o, tamb\u00e9m lhe dizemos como obter o seu convite gratuito.\" \/>\n<meta name=\"twitter:creator\" content=\"@CommsCustomer\" \/>\n<meta name=\"twitter:site\" content=\"@CommsCustomer\" \/>\n<meta name=\"twitter:label1\" content=\"Escrito por\" \/>\n\t<meta name=\"twitter:data1\" content=\"Mailcomms Group\" \/>\n\t<meta name=\"twitter:label2\" content=\"Tempo estimado de leitura\" \/>\n\t<meta name=\"twitter:data2\" content=\"3 minutos\" \/>\n<script type=\"application\/ld+json\" class=\"yoast-schema-graph\">{\"@context\":\"https:\/\/schema.org\",\"@graph\":[{\"@type\":\"Article\",\"@id\":\"https:\/\/mailcommsgroup.com\/pt\/blog\/este-ano-falaremos-sobre-seguranca-cibernetica-regulamentacao-e-inovacao-operacional-em-seguros-semana-2024\/#article\",\"isPartOf\":{\"@id\":\"https:\/\/mailcommsgroup.com\/pt\/blog\/este-ano-falaremos-sobre-seguranca-cibernetica-regulamentacao-e-inovacao-operacional-em-seguros-semana-2024\/\"},\"author\":{\"name\":\"Mailcomms Group\",\"@id\":\"https:\/\/mailcommsgroup.com\/pt\/#\/schema\/person\/c3a3ecfc795ade78319e6b1af9d65684\"},\"headline\":\"Este ano, iremos debater a ciberseguran\u00e7a, a regulamenta\u00e7\u00e3o e a inova\u00e7\u00e3o operacional na Insurance Week 2024.\",\"datePublished\":\"2024-01-18T15:30:19+00:00\",\"dateModified\":\"2025-11-19T13:22:39+00:00\",\"mainEntityOfPage\":{\"@id\":\"https:\/\/mailcommsgroup.com\/pt\/blog\/este-ano-falaremos-sobre-seguranca-cibernetica-regulamentacao-e-inovacao-operacional-em-seguros-semana-2024\/\"},\"wordCount\":667,\"publisher\":{\"@id\":\"https:\/\/mailcommsgroup.com\/pt\/#organization\"},\"image\":{\"@id\":\"https:\/\/mailcommsgroup.com\/pt\/blog\/este-ano-falaremos-sobre-seguranca-cibernetica-regulamentacao-e-inovacao-operacional-em-seguros-semana-2024\/#primaryimage\"},\"thumbnailUrl\":\"https:\/\/mailcommsgroup.com\/wp-content\/uploads\/2024\/01\/Mailteck-CustomerComms_892x623_4-1.jpg\",\"articleSection\":[\"Not\u00edcias da empresa\"],\"inLanguage\":\"pt-PT\"},{\"@type\":\"WebPage\",\"@id\":\"https:\/\/mailcommsgroup.com\/pt\/blog\/este-ano-falaremos-sobre-seguranca-cibernetica-regulamentacao-e-inovacao-operacional-em-seguros-semana-2024\/\",\"url\":\"https:\/\/mailcommsgroup.com\/pt\/blog\/este-ano-falaremos-sobre-seguranca-cibernetica-regulamentacao-e-inovacao-operacional-em-seguros-semana-2024\/\",\"name\":\"Este ano, iremos debater a ciberseguran\u00e7a, a regulamenta\u00e7\u00e3o e a inova\u00e7\u00e3o operacional na Insurance Week 2024.\",\"isPartOf\":{\"@id\":\"https:\/\/mailcommsgroup.com\/pt\/#website\"},\"primaryImageOfPage\":{\"@id\":\"https:\/\/mailcommsgroup.com\/pt\/blog\/este-ano-falaremos-sobre-seguranca-cibernetica-regulamentacao-e-inovacao-operacional-em-seguros-semana-2024\/#primaryimage\"},\"image\":{\"@id\":\"https:\/\/mailcommsgroup.com\/pt\/blog\/este-ano-falaremos-sobre-seguranca-cibernetica-regulamentacao-e-inovacao-operacional-em-seguros-semana-2024\/#primaryimage\"},\"thumbnailUrl\":\"https:\/\/mailcommsgroup.com\/wp-content\/uploads\/2024\/01\/Mailteck-CustomerComms_892x623_4-1.jpg\",\"datePublished\":\"2024-01-18T15:30:19+00:00\",\"dateModified\":\"2025-11-19T13:22:39+00:00\",\"description\":\"Vai juntar-se a n\u00f3s na Semana dos Seguros de 2024? Realizaremos uma confer\u00eancia sobre ciberseguran\u00e7a, regulamenta\u00e7\u00e3o, inova\u00e7\u00e3o operacional e o papel de um prestador de servi\u00e7os de confian\u00e7a qualificado. Participar\u00e3o, entre outros, Rom\u00e1n Ram\u00edrez, especialista em ciberseguran\u00e7a, e Alonso Hurtado, s\u00f3cio da ECIJA nas \u00e1reas de Tecnologia, Media e Telecomunica\u00e7\u00f5es e Conformidade Regulamentar, duas das principais empresas do sector, e Javier Echebarr\u00eda, David Gri\u00f1\u00e1n e Teresa Arandilla, do Grupo MailComms. Nesta publica\u00e7\u00e3o, tamb\u00e9m lhe dizemos como obter o seu convite gratuito.\",\"breadcrumb\":{\"@id\":\"https:\/\/mailcommsgroup.com\/pt\/blog\/este-ano-falaremos-sobre-seguranca-cibernetica-regulamentacao-e-inovacao-operacional-em-seguros-semana-2024\/#breadcrumb\"},\"inLanguage\":\"pt-PT\",\"potentialAction\":[{\"@type\":\"ReadAction\",\"target\":[\"https:\/\/mailcommsgroup.com\/pt\/blog\/este-ano-falaremos-sobre-seguranca-cibernetica-regulamentacao-e-inovacao-operacional-em-seguros-semana-2024\/\"]}]},{\"@type\":\"ImageObject\",\"inLanguage\":\"pt-PT\",\"@id\":\"https:\/\/mailcommsgroup.com\/pt\/blog\/este-ano-falaremos-sobre-seguranca-cibernetica-regulamentacao-e-inovacao-operacional-em-seguros-semana-2024\/#primaryimage\",\"url\":\"https:\/\/mailcommsgroup.com\/wp-content\/uploads\/2024\/01\/Mailteck-CustomerComms_892x623_4-1.jpg\",\"contentUrl\":\"https:\/\/mailcommsgroup.com\/wp-content\/uploads\/2024\/01\/Mailteck-CustomerComms_892x623_4-1.jpg\",\"width\":892,\"height\":623},{\"@type\":\"BreadcrumbList\",\"@id\":\"https:\/\/mailcommsgroup.com\/pt\/blog\/este-ano-falaremos-sobre-seguranca-cibernetica-regulamentacao-e-inovacao-operacional-em-seguros-semana-2024\/#breadcrumb\",\"itemListElement\":[{\"@type\":\"ListItem\",\"position\":1,\"name\":\"Mailcomms Group\",\"item\":\"https:\/\/mailcommsgroup.com\/pt\/\"},{\"@type\":\"ListItem\",\"position\":2,\"name\":\"Blogue\",\"item\":\"https:\/\/mailcommsgroup.com\/pt\/blog\/\"},{\"@type\":\"ListItem\",\"position\":3,\"name\":\"Este ano, iremos debater a ciberseguran\u00e7a, a regulamenta\u00e7\u00e3o e a inova\u00e7\u00e3o operacional na Insurance Week 2024.\"}]},{\"@type\":\"WebSite\",\"@id\":\"https:\/\/mailcommsgroup.com\/pt\/#website\",\"url\":\"https:\/\/mailcommsgroup.com\/pt\/\",\"name\":\"MailComms Group\",\"description\":\"La transformaci\u00f3n digital a trav\u00e9s de la comunicaci\u00f3n omnicanal, con plena validez legal.\",\"publisher\":{\"@id\":\"https:\/\/mailcommsgroup.com\/pt\/#organization\"},\"alternateName\":\"MailComms Group\",\"potentialAction\":[{\"@type\":\"SearchAction\",\"target\":{\"@type\":\"EntryPoint\",\"urlTemplate\":\"https:\/\/mailcommsgroup.com\/pt\/?s={search_term_string}\"},\"query-input\":{\"@type\":\"PropertyValueSpecification\",\"valueRequired\":true,\"valueName\":\"search_term_string\"}}],\"inLanguage\":\"pt-PT\"},{\"@type\":\"Organization\",\"@id\":\"https:\/\/mailcommsgroup.com\/pt\/#organization\",\"name\":\"MailComms Group - Soluciones de comunicaci\u00f3n omnicanal con validez legal.\",\"alternateName\":\"MailComms Group\",\"url\":\"https:\/\/mailcommsgroup.com\/pt\/\",\"logo\":{\"@type\":\"ImageObject\",\"inLanguage\":\"pt-PT\",\"@id\":\"https:\/\/mailcommsgroup.com\/pt\/#\/schema\/logo\/image\/\",\"url\":\"https:\/\/mailcommsgroup.com\/wp-content\/uploads\/2023\/05\/icon_mini_mailcommsgroup.png\",\"contentUrl\":\"https:\/\/mailcommsgroup.com\/wp-content\/uploads\/2023\/05\/icon_mini_mailcommsgroup.png\",\"width\":512,\"height\":512,\"caption\":\"MailComms Group - Soluciones de comunicaci\u00f3n omnicanal con validez legal.\"},\"image\":{\"@id\":\"https:\/\/mailcommsgroup.com\/pt\/#\/schema\/logo\/image\/\"},\"sameAs\":[\"https:\/\/x.com\/CommsCustomer\",\"https:\/\/www.linkedin.com\/company\/customercomms\/\",\"https:\/\/www.youtube.com\/channel\/UCtvYLee1QHy89JS2-gMgnTQ\"]},{\"@type\":\"Person\",\"@id\":\"https:\/\/mailcommsgroup.com\/pt\/#\/schema\/person\/c3a3ecfc795ade78319e6b1af9d65684\",\"name\":\"Mailcomms Group\",\"image\":{\"@type\":\"ImageObject\",\"inLanguage\":\"pt-PT\",\"@id\":\"https:\/\/secure.gravatar.com\/avatar\/f4012bdfd3c1190166ba510602a508ab2a504cafc93cf37f0c8cbdc54e85846a?s=96&d=mm&r=g\",\"url\":\"https:\/\/secure.gravatar.com\/avatar\/f4012bdfd3c1190166ba510602a508ab2a504cafc93cf37f0c8cbdc54e85846a?s=96&d=mm&r=g\",\"contentUrl\":\"https:\/\/secure.gravatar.com\/avatar\/f4012bdfd3c1190166ba510602a508ab2a504cafc93cf37f0c8cbdc54e85846a?s=96&d=mm&r=g\",\"caption\":\"Mailcomms Group\"},\"sameAs\":[\"https:\/\/mailcommsgroup.com\"],\"url\":\"https:\/\/mailcommsgroup.com\/pt\/blog\/author\/ntrwrks_ccmms\/\"}]}<\/script>\n<!-- \/ Yoast SEO plugin. -->","yoast_head_json":{"title":"Este ano, iremos debater a ciberseguran\u00e7a, a regulamenta\u00e7\u00e3o e a inova\u00e7\u00e3o operacional na Insurance Week 2024.","description":"Vai juntar-se a n\u00f3s na Semana dos Seguros de 2024? Realizaremos uma confer\u00eancia sobre ciberseguran\u00e7a, regulamenta\u00e7\u00e3o, inova\u00e7\u00e3o operacional e o papel de um prestador de servi\u00e7os de confian\u00e7a qualificado. Participar\u00e3o, entre outros, Rom\u00e1n Ram\u00edrez, especialista em ciberseguran\u00e7a, e Alonso Hurtado, s\u00f3cio da ECIJA nas \u00e1reas de Tecnologia, Media e Telecomunica\u00e7\u00f5es e Conformidade Regulamentar, duas das principais empresas do sector, e Javier Echebarr\u00eda, David Gri\u00f1\u00e1n e Teresa Arandilla, do Grupo MailComms. Nesta publica\u00e7\u00e3o, tamb\u00e9m lhe dizemos como obter o seu convite gratuito.","robots":{"index":"index","follow":"follow","max-snippet":"max-snippet:-1","max-image-preview":"max-image-preview:large","max-video-preview":"max-video-preview:-1"},"canonical":"https:\/\/mailcommsgroup.com\/pt\/blog\/este-ano-falaremos-sobre-seguranca-cibernetica-regulamentacao-e-inovacao-operacional-em-seguros-semana-2024\/","og_locale":"pt_PT","og_type":"article","og_title":"Este ano, iremos debater a ciberseguran\u00e7a, a regulamenta\u00e7\u00e3o e a inova\u00e7\u00e3o operacional na Insurance Week 2024.","og_description":"Vai juntar-se a n\u00f3s na Semana dos Seguros de 2024? Realizaremos uma confer\u00eancia sobre ciberseguran\u00e7a, regulamenta\u00e7\u00e3o, inova\u00e7\u00e3o operacional e o papel de um prestador de servi\u00e7os de confian\u00e7a qualificado. Participar\u00e3o, entre outros, Rom\u00e1n Ram\u00edrez, especialista em ciberseguran\u00e7a, e Alonso Hurtado, s\u00f3cio da ECIJA nas \u00e1reas de Tecnologia, Media e Telecomunica\u00e7\u00f5es e Conformidade Regulamentar, duas das principais empresas do sector, e Javier Echebarr\u00eda, David Gri\u00f1\u00e1n e Teresa Arandilla, do Grupo MailComms. Nesta publica\u00e7\u00e3o, tamb\u00e9m lhe dizemos como obter o seu convite gratuito.","og_url":"https:\/\/mailcommsgroup.com\/pt\/blog\/este-ano-falaremos-sobre-seguranca-cibernetica-regulamentacao-e-inovacao-operacional-em-seguros-semana-2024\/","og_site_name":"Mailcomms Group","article_published_time":"2024-01-18T15:30:19+00:00","article_modified_time":"2025-11-19T13:22:39+00:00","og_image":[{"url":"https:\/\/mailcommsgroup.com\/wp-content\/uploads\/2024\/01\/Mailteck-CustomerComms_892x623_4-1.jpg","type":"","width":"","height":""}],"author":"Mailcomms Group","twitter_card":"summary_large_image","twitter_title":"Este ano, iremos debater a ciberseguran\u00e7a, a regulamenta\u00e7\u00e3o e a inova\u00e7\u00e3o operacional na Insurance Week 2024.","twitter_description":"Vai juntar-se a n\u00f3s na Semana dos Seguros de 2024? Realizaremos uma confer\u00eancia sobre ciberseguran\u00e7a, regulamenta\u00e7\u00e3o, inova\u00e7\u00e3o operacional e o papel de um prestador de servi\u00e7os de confian\u00e7a qualificado. Participar\u00e3o, entre outros, Rom\u00e1n Ram\u00edrez, especialista em ciberseguran\u00e7a, e Alonso Hurtado, s\u00f3cio da ECIJA nas \u00e1reas de Tecnologia, Media e Telecomunica\u00e7\u00f5es e Conformidade Regulamentar, duas das principais empresas do sector, e Javier Echebarr\u00eda, David Gri\u00f1\u00e1n e Teresa Arandilla, do Grupo MailComms. Nesta publica\u00e7\u00e3o, tamb\u00e9m lhe dizemos como obter o seu convite gratuito.","twitter_creator":"@CommsCustomer","twitter_site":"@CommsCustomer","twitter_misc":{"Escrito por":"Mailcomms Group","Tempo estimado de leitura":"3 minutos"},"schema":{"@context":"https:\/\/schema.org","@graph":[{"@type":"Article","@id":"https:\/\/mailcommsgroup.com\/pt\/blog\/este-ano-falaremos-sobre-seguranca-cibernetica-regulamentacao-e-inovacao-operacional-em-seguros-semana-2024\/#article","isPartOf":{"@id":"https:\/\/mailcommsgroup.com\/pt\/blog\/este-ano-falaremos-sobre-seguranca-cibernetica-regulamentacao-e-inovacao-operacional-em-seguros-semana-2024\/"},"author":{"name":"Mailcomms Group","@id":"https:\/\/mailcommsgroup.com\/pt\/#\/schema\/person\/c3a3ecfc795ade78319e6b1af9d65684"},"headline":"Este ano, iremos debater a ciberseguran\u00e7a, a regulamenta\u00e7\u00e3o e a inova\u00e7\u00e3o operacional na Insurance Week 2024.","datePublished":"2024-01-18T15:30:19+00:00","dateModified":"2025-11-19T13:22:39+00:00","mainEntityOfPage":{"@id":"https:\/\/mailcommsgroup.com\/pt\/blog\/este-ano-falaremos-sobre-seguranca-cibernetica-regulamentacao-e-inovacao-operacional-em-seguros-semana-2024\/"},"wordCount":667,"publisher":{"@id":"https:\/\/mailcommsgroup.com\/pt\/#organization"},"image":{"@id":"https:\/\/mailcommsgroup.com\/pt\/blog\/este-ano-falaremos-sobre-seguranca-cibernetica-regulamentacao-e-inovacao-operacional-em-seguros-semana-2024\/#primaryimage"},"thumbnailUrl":"https:\/\/mailcommsgroup.com\/wp-content\/uploads\/2024\/01\/Mailteck-CustomerComms_892x623_4-1.jpg","articleSection":["Not\u00edcias da empresa"],"inLanguage":"pt-PT"},{"@type":"WebPage","@id":"https:\/\/mailcommsgroup.com\/pt\/blog\/este-ano-falaremos-sobre-seguranca-cibernetica-regulamentacao-e-inovacao-operacional-em-seguros-semana-2024\/","url":"https:\/\/mailcommsgroup.com\/pt\/blog\/este-ano-falaremos-sobre-seguranca-cibernetica-regulamentacao-e-inovacao-operacional-em-seguros-semana-2024\/","name":"Este ano, iremos debater a ciberseguran\u00e7a, a regulamenta\u00e7\u00e3o e a inova\u00e7\u00e3o operacional na Insurance Week 2024.","isPartOf":{"@id":"https:\/\/mailcommsgroup.com\/pt\/#website"},"primaryImageOfPage":{"@id":"https:\/\/mailcommsgroup.com\/pt\/blog\/este-ano-falaremos-sobre-seguranca-cibernetica-regulamentacao-e-inovacao-operacional-em-seguros-semana-2024\/#primaryimage"},"image":{"@id":"https:\/\/mailcommsgroup.com\/pt\/blog\/este-ano-falaremos-sobre-seguranca-cibernetica-regulamentacao-e-inovacao-operacional-em-seguros-semana-2024\/#primaryimage"},"thumbnailUrl":"https:\/\/mailcommsgroup.com\/wp-content\/uploads\/2024\/01\/Mailteck-CustomerComms_892x623_4-1.jpg","datePublished":"2024-01-18T15:30:19+00:00","dateModified":"2025-11-19T13:22:39+00:00","description":"Vai juntar-se a n\u00f3s na Semana dos Seguros de 2024? Realizaremos uma confer\u00eancia sobre ciberseguran\u00e7a, regulamenta\u00e7\u00e3o, inova\u00e7\u00e3o operacional e o papel de um prestador de servi\u00e7os de confian\u00e7a qualificado. Participar\u00e3o, entre outros, Rom\u00e1n Ram\u00edrez, especialista em ciberseguran\u00e7a, e Alonso Hurtado, s\u00f3cio da ECIJA nas \u00e1reas de Tecnologia, Media e Telecomunica\u00e7\u00f5es e Conformidade Regulamentar, duas das principais empresas do sector, e Javier Echebarr\u00eda, David Gri\u00f1\u00e1n e Teresa Arandilla, do Grupo MailComms. Nesta publica\u00e7\u00e3o, tamb\u00e9m lhe dizemos como obter o seu convite gratuito.","breadcrumb":{"@id":"https:\/\/mailcommsgroup.com\/pt\/blog\/este-ano-falaremos-sobre-seguranca-cibernetica-regulamentacao-e-inovacao-operacional-em-seguros-semana-2024\/#breadcrumb"},"inLanguage":"pt-PT","potentialAction":[{"@type":"ReadAction","target":["https:\/\/mailcommsgroup.com\/pt\/blog\/este-ano-falaremos-sobre-seguranca-cibernetica-regulamentacao-e-inovacao-operacional-em-seguros-semana-2024\/"]}]},{"@type":"ImageObject","inLanguage":"pt-PT","@id":"https:\/\/mailcommsgroup.com\/pt\/blog\/este-ano-falaremos-sobre-seguranca-cibernetica-regulamentacao-e-inovacao-operacional-em-seguros-semana-2024\/#primaryimage","url":"https:\/\/mailcommsgroup.com\/wp-content\/uploads\/2024\/01\/Mailteck-CustomerComms_892x623_4-1.jpg","contentUrl":"https:\/\/mailcommsgroup.com\/wp-content\/uploads\/2024\/01\/Mailteck-CustomerComms_892x623_4-1.jpg","width":892,"height":623},{"@type":"BreadcrumbList","@id":"https:\/\/mailcommsgroup.com\/pt\/blog\/este-ano-falaremos-sobre-seguranca-cibernetica-regulamentacao-e-inovacao-operacional-em-seguros-semana-2024\/#breadcrumb","itemListElement":[{"@type":"ListItem","position":1,"name":"Mailcomms Group","item":"https:\/\/mailcommsgroup.com\/pt\/"},{"@type":"ListItem","position":2,"name":"Blogue","item":"https:\/\/mailcommsgroup.com\/pt\/blog\/"},{"@type":"ListItem","position":3,"name":"Este ano, iremos debater a ciberseguran\u00e7a, a regulamenta\u00e7\u00e3o e a inova\u00e7\u00e3o operacional na Insurance Week 2024."}]},{"@type":"WebSite","@id":"https:\/\/mailcommsgroup.com\/pt\/#website","url":"https:\/\/mailcommsgroup.com\/pt\/","name":"MailComms Group","description":"La transformaci\u00f3n digital a trav\u00e9s de la comunicaci\u00f3n omnicanal, con plena validez legal.","publisher":{"@id":"https:\/\/mailcommsgroup.com\/pt\/#organization"},"alternateName":"MailComms Group","potentialAction":[{"@type":"SearchAction","target":{"@type":"EntryPoint","urlTemplate":"https:\/\/mailcommsgroup.com\/pt\/?s={search_term_string}"},"query-input":{"@type":"PropertyValueSpecification","valueRequired":true,"valueName":"search_term_string"}}],"inLanguage":"pt-PT"},{"@type":"Organization","@id":"https:\/\/mailcommsgroup.com\/pt\/#organization","name":"MailComms Group - Soluciones de comunicaci\u00f3n omnicanal con validez legal.","alternateName":"MailComms Group","url":"https:\/\/mailcommsgroup.com\/pt\/","logo":{"@type":"ImageObject","inLanguage":"pt-PT","@id":"https:\/\/mailcommsgroup.com\/pt\/#\/schema\/logo\/image\/","url":"https:\/\/mailcommsgroup.com\/wp-content\/uploads\/2023\/05\/icon_mini_mailcommsgroup.png","contentUrl":"https:\/\/mailcommsgroup.com\/wp-content\/uploads\/2023\/05\/icon_mini_mailcommsgroup.png","width":512,"height":512,"caption":"MailComms Group - Soluciones de comunicaci\u00f3n omnicanal con validez legal."},"image":{"@id":"https:\/\/mailcommsgroup.com\/pt\/#\/schema\/logo\/image\/"},"sameAs":["https:\/\/x.com\/CommsCustomer","https:\/\/www.linkedin.com\/company\/customercomms\/","https:\/\/www.youtube.com\/channel\/UCtvYLee1QHy89JS2-gMgnTQ"]},{"@type":"Person","@id":"https:\/\/mailcommsgroup.com\/pt\/#\/schema\/person\/c3a3ecfc795ade78319e6b1af9d65684","name":"Mailcomms Group","image":{"@type":"ImageObject","inLanguage":"pt-PT","@id":"https:\/\/secure.gravatar.com\/avatar\/f4012bdfd3c1190166ba510602a508ab2a504cafc93cf37f0c8cbdc54e85846a?s=96&d=mm&r=g","url":"https:\/\/secure.gravatar.com\/avatar\/f4012bdfd3c1190166ba510602a508ab2a504cafc93cf37f0c8cbdc54e85846a?s=96&d=mm&r=g","contentUrl":"https:\/\/secure.gravatar.com\/avatar\/f4012bdfd3c1190166ba510602a508ab2a504cafc93cf37f0c8cbdc54e85846a?s=96&d=mm&r=g","caption":"Mailcomms Group"},"sameAs":["https:\/\/mailcommsgroup.com"],"url":"https:\/\/mailcommsgroup.com\/pt\/blog\/author\/ntrwrks_ccmms\/"}]}},"_links":{"self":[{"href":"https:\/\/mailcommsgroup.com\/pt\/wp-json\/wp\/v2\/posts\/24922","targetHints":{"allow":["GET"]}}],"collection":[{"href":"https:\/\/mailcommsgroup.com\/pt\/wp-json\/wp\/v2\/posts"}],"about":[{"href":"https:\/\/mailcommsgroup.com\/pt\/wp-json\/wp\/v2\/types\/post"}],"author":[{"embeddable":true,"href":"https:\/\/mailcommsgroup.com\/pt\/wp-json\/wp\/v2\/users\/1"}],"replies":[{"embeddable":true,"href":"https:\/\/mailcommsgroup.com\/pt\/wp-json\/wp\/v2\/comments?post=24922"}],"version-history":[{"count":10,"href":"https:\/\/mailcommsgroup.com\/pt\/wp-json\/wp\/v2\/posts\/24922\/revisions"}],"predecessor-version":[{"id":39744,"href":"https:\/\/mailcommsgroup.com\/pt\/wp-json\/wp\/v2\/posts\/24922\/revisions\/39744"}],"wp:featuredmedia":[{"embeddable":true,"href":"https:\/\/mailcommsgroup.com\/pt\/wp-json\/wp\/v2\/media\/24966"}],"wp:attachment":[{"href":"https:\/\/mailcommsgroup.com\/pt\/wp-json\/wp\/v2\/media?parent=24922"}],"wp:term":[{"taxonomy":"category","embeddable":true,"href":"https:\/\/mailcommsgroup.com\/pt\/wp-json\/wp\/v2\/categories?post=24922"}],"curies":[{"name":"wp","href":"https:\/\/api.w.org\/{rel}","templated":true}]}}