{"id":24564,"date":"2023-12-28T14:04:39","date_gmt":"2023-12-28T13:04:39","guid":{"rendered":"https:\/\/mailcommsgroup.com\/?p=24564"},"modified":"2024-01-19T11:09:02","modified_gmt":"2024-01-19T10:09:02","slug":"resumo-do-nosso-ano-de-2023-cheio-de-acao-e-gratidao","status":"publish","type":"post","link":"https:\/\/mailcommsgroup.com\/pt\/blog\/resumo-do-nosso-ano-de-2023-cheio-de-acao-e-gratidao\/","title":{"rendered":"S\u00edntese do nosso 2023, um ano cheio de a\u00e7\u00e3o e de a\u00e7\u00e3o de gra\u00e7as"},"content":{"rendered":"<div class=\"wpb-content-wrapper\"><p>[vc_row][vc_column][vc_single_image image=&#8221;24573&#8243; img_size=&#8221;full&#8221;][\/vc_column][\/vc_row][vc_row][vc_column][vc_empty_space height=&#8221;20px&#8221;][vc_column_text]Algumas pessoas pensam que, para ganhar o impulso necess\u00e1rio para avan\u00e7ar para as resolu\u00e7\u00f5es de ano novo, \u00e9 necess\u00e1rio olhar para tr\u00e1s e saborear o que foi alcan\u00e7ado durante o ano que est\u00e1 a chegar ao fim. Outros acreditam que prestar homenagem ao que foi alcan\u00e7ado \u00e9 necess\u00e1rio por si s\u00f3, independentemente do que vir\u00e1 a seguir. Ao refletir sobre este conte\u00fado, n\u00f3s, no Grupo MailComms, apercebemo-nos de que nos inspiramos em ambas as atitudes perante a vida. Assim  <strong>apresentamos-lhe algo que \u00e9 mais do que uma revis\u00e3o de fim de ano.<\/strong> <strong>E fazemo-lo por gratid\u00e3o (fizemos o que fizemos em grande parte gra\u00e7as \u00e0 colabora\u00e7\u00e3o uns com os outros).<\/strong>  e por convic\u00e7\u00e3o:  <strong>Se 2023 nos trouxe tudo o que est\u00e1 prestes a ler, e muito mais, 2024 pode trazer-nos muitas mais coisas.<\/strong>  E n\u00f3s vamos falar-vos deles, claro.<\/p>\n<p>Como foi o ano de 2023 para o MailComms Group? Resumimo-lo com uma s\u00e9rie de marcos.[\/vc_column_text][vc_empty_space height=&#8221;20px&#8221;][vc_column_text css=&#8221;.vc_custom_1703764557689{padding-top: 15px !important;padding-bottom: 15px !important;background-color: #46d6ac !important;}&#8221;]<\/p>\n<h2 style=\"text-align: center; margin-top: 0px;\">Aquisi\u00e7\u00e3o da Contisystems<\/h2>\n<p>[\/vc_column_text][vc_column_text]Em meados do ano <strong><br \/>\n  <a href=\"https:\/\/mailcommsgroup.com\/pt\/blog\/adquirimos-sistemas-de-controlo-e-com-esta-operacao-estamos-a-afirmar-nos-na-peninsula-iberica\/\">anunci\u00e1mos a aquisi\u00e7\u00e3o da Contisystems.<\/a><br \/>\n<\/strong> Esta empresa portuguesa \u00e9 l\u00edder no seu mercado nas comunica\u00e7\u00f5es f\u00edsicas e digitais, bem como na \u00e1rea dos meios de pagamento. A integra\u00e7\u00e3o da empresa no nosso grupo  <strong>\u00e9 um marco fundamental na nossa estrat\u00e9gia de internacionaliza\u00e7\u00e3o que, entre outros aspetos, nos levou a entrar no mercado portugu\u00eas em 2021.<\/strong>  Com a Contisystems, estamos a expandir a nossa atividade no pa\u00eds vizinho e a dar um salto significativo nas nossas capacidades comerciais e de produ\u00e7\u00e3o na pen\u00ednsula (estas \u00faltimas duplicaram).  <strong>Isto torna-nos o principal fornecedor de servi\u00e7os de impress\u00e3o e comunica\u00e7\u00e3o digital na Pen\u00ednsula Ib\u00e9rica.<\/strong>[\/vc_column_text][vc_empty_space height=&#8221;20px&#8221;][vc_column_text css=&#8221;.vc_custom_1703764659129{padding-top: 15px !important;padding-bottom: 15px !important;background-color: #46d6ac !important;}&#8221;]<\/p>\n<h2 style=\"text-align: center; margin-top: 0px;\">Lan\u00e7amento de notifica\u00e7\u00f5es certificadas pelo Whatsapp<\/h2>\n<p>[\/vc_column_text][vc_column_text]Aqueles que nos conhecem sabem que temos um fraco pela conformidade legal, pelas comunica\u00e7\u00f5es legais e pela experi\u00eancia do utilizador. E tudo isto, numa mistura perfeita, \u00e9 o que oferecemos a partir deste ano com  <strong><a href=\"https:\/\/mailcommsgroup.com\/pt\/blog\/bem-vindo-a-era-das-comunicacoes-certificadas-e-dos-contratos-electronicos-por-watsapp\/\">o nosso servi\u00e7o de notifica\u00e7\u00f5es certificadas por Whatsapp.<\/a><\/strong> <strong>Gra\u00e7as a esta solu\u00e7\u00e3o, as empresas e os clientes poder\u00e3o celebrar contratos com todo o valor jur\u00eddico e aspectos como a assinatura eletr\u00f3nica ou o consentimento RPGD,<\/strong>  sem sair de uma conversa na aplica\u00e7\u00e3o de mensagens instant\u00e2neas mais utilizada. As suas possibilidades s\u00e3o enormes, tal como o nosso entusiasmo em p\u00f4-lo em marcha.[\/vc_column_text][vc_empty_space height=&#8221;20px&#8221;][vc_column_text css=&#8221;.vc_custom_1703764722305{padding-top: 15px !important;padding-bottom: 15px !important;background-color: #46d6ac !important;}&#8221;]<\/p>\n<h2 style=\"text-align: center; margin-top: 0px;\">Entrar no CIMA com a CertySign<\/h2>\n<p>[\/vc_column_text][vc_column_text]<strong><a href=\"https:\/\/mailcommsgroup.com\/pt\/blog\/130-spanish-insurance-entities-can-sign-electronically-with-certysign-through-cima2\/\">&#8220;130 companhias de seguros espanholas poder\u00e3o assinar eletronicamente com a CertySign atrav\u00e9s do CIMA&#8221;.<\/a><\/strong>  Este \u00e9 o t\u00edtulo da not\u00edcia em que explicamos que  <strong>A TIREA (Tecnolog\u00edas de la Informaci\u00f3n y Redes para las Entidades Aseguradoras) aprovou-nos como fornecedor de assinaturas electr\u00f3nicas para a sua plataforma CIMA, que \u00e9 utilizada diariamente por 130 entidades do sector segurador espanhol.<\/strong>  Agora, quando qualquer uma destas organiza\u00e7\u00f5es lan\u00e7ar um processo que exija uma assinatura eletr\u00f3nica para a sua conclus\u00e3o, poder\u00e1 escolher-nos na lista de fornecedores. Isto <strong>torna muito mais f\u00e1cil para estas empresas acederem \u00e0 nossa proposta de valor<\/strong> tecnol\u00f3gica, legal, segura e sem descontinuidades.[\/vc_column_text][vc_empty_space height=&#8221;20px&#8221;][vc_column_text css=&#8221;.vc_custom_1703764822441{padding-top: 15px !important;padding-bottom: 15px !important;background-color: #46d6ac !important;}&#8221;]<\/p>\n<h2 style=\"text-align: center; margin-top: 0px;\">Apresenta\u00e7\u00e3o do nosso Plano de Sustentabilidade<\/h2>\n<p>[\/vc_column_text][vc_column_text]Come\u00e7\u00e1mos este post a falar do passado (olhar para tr\u00e1s) e do futuro (resolu\u00e7\u00f5es para o novo ano). O nosso Plano de Sustentabilidade \u00e9 isso mesmo, aplicado ao planeta e \u00e0 sociedade.  <strong>Em 2023, apresent\u00e1mos o nosso documento de orienta\u00e7\u00e3o que inclui o que j\u00e1 fazemos para proteger o planeta (medir, analisar, agir&#8230;) e o que vamos fazer.<\/strong>  Quando se trata de sustentabilidade, temos duas m\u00e1ximas claras: s\u00f3 \u00e9 poss\u00edvel melhorar para ir mais longe e s\u00f3 teremos \u00eaxito se todos dermos o nosso contributo. \u00c9 por isso que destacamos algo que \u00e9 verdade: <strong><br \/>\n  <a href=\"https:\/\/mailcommsgroup.com\/pt\/blog\/apresentamos-lhe-o-seu-plano-de-sustentabilidade-que-ira-bem-com-o-seu\/\">o nosso plano de sustentabilidade combina muito bem com o seu.<\/a><br \/>\n<\/strong>[\/vc_column_text][vc_empty_space height=&#8221;20px&#8221;][vc_column_text css=&#8221;.vc_custom_1703764901858{padding-top: 15px !important;padding-bottom: 15px !important;background-color: #46d6ac !important;}&#8221;]<\/p>\n<h2 style=\"text-align: center; margin-top: 0px;\">Fazemos parte do F\u00f3rum ISMS<\/h2>\n<p>[\/vc_column_text][vc_column_text]Para o MailComms Group, a presen\u00e7a no ISMS Forum foi natural, mas n\u00e3o indesej\u00e1vel.  <strong><br \/>\n  <a href=\"https:\/\/mailcommsgroup.com\/pt\/blog\/grupo-mailcomms-entra-en-isms-forum-associacao-especializada-em-seguranca-da-informacao\/\">A nossa inclus\u00e3o na associa\u00e7\u00e3o especializada em seguran\u00e7a e privacidade da informa\u00e7\u00e3o foi um dos momentos mais gratificantes do ano.<\/a><br \/>\n<\/strong> foi um dos momentos mais gratificantes do ano.  <strong>Isto significa participar ativamente num ecossistema de 250 empresas e 1250 profissionais especializados no sector.<\/strong>  Por outras palavras, \u00e9 o local ideal para aprender e partilhar as nossas experi\u00eancias e melhores pr\u00e1ticas.[\/vc_column_text][vc_empty_space height=&#8221;20px&#8221;][vc_column_text css=&#8221;.vc_custom_1703764962866{padding-top: 15px !important;padding-bottom: 15px !important;background-color: #46d6ac !important;}&#8221;]<\/p>\n<h2 style=\"text-align: center; margin-top: 0px;\">R\u00f3tulo de ciberseguran\u00e7a sustent\u00e1vel<\/h2>\n<p>[\/vc_column_text][vc_column_text]Meses ap\u00f3s a ades\u00e3o ao F\u00f3rum ISMS <strong><br \/>\n  <a href=\"https:\/\/mailcommsgroup.com\/pt\/blog\/e-mailcomms-group-gets-the-sustainable-cybersecurity-seal-from-isms-forum-e-incibe\/\">obtivemos o selo de aprova\u00e7\u00e3o de Ciberseguran\u00e7a Sustent\u00e1vel<\/a><br \/>\n<\/strong> selo oferecido pela associa\u00e7\u00e3o em conjunto com o INCIBE.  <strong>Este selo reconhece as entidades que o exibem como membros do Pacto para a Ciberseguran\u00e7a Sustent\u00e1vel.<\/strong> Trata-se de uma alian\u00e7a atrav\u00e9s da qual os seus membros se comprometem a trabalhar em prol da<strong> seguran\u00e7a da informa\u00e7\u00e3o e da prote\u00e7\u00e3o do ambiente,<\/strong> de forma integrada e colaborativa. Como dissemos na not\u00edcia em que o anunci\u00e1mos: O ODS 17 puro.[\/vc_column_text][vc_empty_space height=&#8221;20px&#8221;][vc_column_text css=&#8221;.vc_custom_1703765020634{padding-top: 15px !important;padding-bottom: 15px !important;background-color: #46d6ac !important;}&#8221;]<\/p>\n<h2 style=\"text-align: center; margin-top: 0px;\">Visita da Associa\u00e7\u00e3o Japonesa de Formul\u00e1rios Comerciais (JBFA)<\/h2>\n<p>[\/vc_column_text][vc_column_text]<strong><a href=\"https:\/\/mailcommsgroup.com\/pt\/blog\/a-associacao-japonesa-de-formas-de-negocios-jbfa-visita-nos-para-ser-interessada-sobre-a-transformacao-do-nosso-modelo-de-negocios\/\">Uma delega\u00e7\u00e3o da Japan Business Forms Association (JBFA) visitou-nos em fevereiro.<\/a><\/strong>  Tal como no caso da Contisystems, recebemos os representantes da associa\u00e7\u00e3o com grande entusiasmo. Foi uma <strong>reuni\u00e3o h\u00e1 muito esperada, nascida da iniciativa pessoal de Keiji Kotani, CEO da Iseto Co., Ltd. e Presidente da JBFA, e de Javier Echeberr\u00eda, CEO do Grupo MailComms<\/strong>, que tamb\u00e9m foi afetado pelas restri\u00e7\u00f5es e incertezas causadas pela Covid-19. De resto, a eForma, a alian\u00e7a internacional do sector, desempenhou um papel importante na coordena\u00e7\u00e3o da reuni\u00e3o.  <strong>Os nossos colegas japoneses estavam particularmente interessados no nosso papel na transi\u00e7\u00e3o digital dos nossos clientes durante a pandemia.<\/strong>[\/vc_column_text][vc_empty_space height=&#8221;20px&#8221;][vc_column_text css=&#8221;.vc_custom_1703765113194{padding-top: 15px !important;padding-bottom: 15px !important;background-color: #46d6ac !important;}&#8221;]<\/p>\n<h2 style=\"text-align: center; margin-top: 0px;\">Eventos do sector dos seguros<\/h2>\n<p>[\/vc_column_text][vc_column_text]Este ano particip\u00e1mos, em diferentes fun\u00e7\u00f5es, nos seguintes eventos especializados no sector dos seguros: <a href=\"https:\/\/mailcommsgroup.com\/pt\/blog\/o-nosso-dia-no-seguro-semana-2023-resumo-e-video-completo-da-sessao\/\">Insurance Week,<\/a> <a href=\"https:\/\/mailcommsgroup.com\/pt\/blog\/participamos-no-congresso-sobre-comunicacao-e-marketing-no-sector-dos-seguros-doicea\/\">ICEA Insurance Marketing Congress<\/a>, <a href=\"https:\/\/mailcommsgroup.com\/pt\/blog\/la-ia-no-sector-segurador-a-nossa-conversa-com-o-generali-spain-sobre-o-10o-assunto-da-revolucao-do-seguro\/\">Insurance Revolution<\/a>.[\/vc_column_text][vc_empty_space height=&#8221;20px&#8221;][vc_column_text css=&#8221;.vc_custom_1703766035187{padding-top: 15px !important;padding-bottom: 15px !important;background-color: #46d6ac !important;}&#8221;]<\/p>\n<h2 style=\"text-align: center; margin-top: 0px;\">Outros Eventos, Turismo | Servi\u00e7os P\u00fablicos | Financeiro<\/h2>\n<p>[\/vc_column_text][vc_column_text]Tamb\u00e9m particip\u00e1mos em v\u00e1rias fun\u00e7\u00f5es em diferentes eventos, tais como <strong><br \/>\n  <a href=\"https:\/\/mailcommsgroup.com\/pt\/blog\/participamos-noithsummit23-para-apresentar-a-solucao-nni-wallet-do-nosso-parceiro-secuware\/\">Cimeira de Inova\u00e7\u00e3o ITH<\/a><br \/>\n<\/strong>, <strong><br \/>\n  <a href=\"https:\/\/mailcommsgroup.com\/pt\/blog\/la-ia-sobre-a-gestao-de-pagamentos-de-reclamacoes-e-fornecimento-corta-a-nossa-participacao-com-a-axpo-e-covline-na-reuniao-futura-da-utilidade\/\">Future Utility,<\/a><br \/>\n<\/strong> <strong><br \/>\n  <a href=\"https:\/\/mailcommsgroup.com\/pt\/blog\/participamos-no-15o-congresso-nacional-de-credito-para-falar-sobre-assinaturas-electronicas-e-comunicacoes-certificadas\/\">Congresso Nacional de Cr\u00e9dito<\/a><br \/>\n<\/strong>.[\/vc_column_text][vc_empty_space height=&#8221;20px&#8221;][vc_column_text css=&#8221;.vc_custom_1703766128842{padding-top: 15px !important;padding-bottom: 15px !important;background-color: #46d6ac !important;}&#8221;]<\/p>\n<h2 style=\"text-align: center; margin-top: 0px;\">Campanha de Natal com a Funda\u00e7\u00e3o Vicente Ferrer<\/h2>\n<p>[\/vc_column_text][vc_column_text]Um resumo dos pontos altos do nosso ano n\u00e3o estaria completo se n\u00e3o fal\u00e1ssemos da nossa campanha de Natal. <strong><br \/>\n  <a href=\"https:\/\/mailcommsgroup.com\/pt\/blog\/este-natal-colaboramos-com-os-nossos-clientes-com-a-fundacao-vicente-ferrer\/\">a nossa campanha de Natal,<\/a><br \/>\n<\/strong> que este ano ser\u00e1 levada a cabo em colabora\u00e7\u00e3o com os nossos clientes (como sempre) e com a  <strong>Funda\u00e7\u00e3o Vicente Ferrer. O resultado ser\u00e1 uma contribui\u00e7\u00e3o para a constru\u00e7\u00e3o do centro Dornala na \u00cdndia. Trata-se de uma escola inclusiva para crian\u00e7as com defici\u00eancia mental em regime de internamento.<\/strong>[\/vc_column_text][vc_empty_space height=&#8221;20px&#8221;][vc_column_text]\u00c9 claro para n\u00f3s que um tal resumo do ano n\u00e3o seria poss\u00edvel sem todos v\u00f3s (empregados, clientes, fornecedores e amigos). Muito obrigado pelo tempo que pass\u00e1mos juntos em congressos, visitas, projectos comuns e outros momentos. E, acima de tudo, obrigado a todos por estarem presentes novamente em 2024, como estamos certos de que estar\u00e3o. Continuamos a crescer![\/vc_column_text][\/vc_column][\/vc_row]<\/p>\n<\/div>","protected":false},"excerpt":{"rendered":"<p>O que vai ler a seguir n\u00e3o \u00e9 um resumo do nosso ano (ou n\u00e3o \u00e9 s\u00f3 isso). Este \u00e9 um agradecimento a todos v\u00f3s por este 2023 em que nos acompanharam de uma forma ou de outra. Eis os nossos marcos do ano que est\u00e1 a chegar ao fim.<\/p>\n","protected":false},"author":1,"featured_media":24575,"comment_status":"closed","ping_status":"open","sticky":false,"template":"","format":"standard","meta":{"_acf_changed":false,"footnotes":""},"categories":[499],"class_list":["post-24564","post","type-post","status-publish","format-standard","has-post-thumbnail","hentry","category-noticias-da-empresa"],"acf":[],"yoast_head":"<!-- This site is optimized with the Yoast SEO plugin v27.2 - https:\/\/yoast.com\/product\/yoast-seo-wordpress\/ -->\n<title>S\u00edntese do nosso 2023, um ano cheio de a\u00e7\u00e3o e de a\u00e7\u00e3o de gra\u00e7as - Mailcomms Group<\/title>\n<meta name=\"robots\" content=\"index, follow, max-snippet:-1, max-image-preview:large, max-video-preview:-1\" \/>\n<link rel=\"canonical\" href=\"https:\/\/mailcommsgroup.com\/pt\/blog\/resumo-do-nosso-ano-de-2023-cheio-de-acao-e-gratidao\/\" \/>\n<meta property=\"og:locale\" content=\"pt_PT\" \/>\n<meta property=\"og:type\" content=\"article\" \/>\n<meta property=\"og:title\" content=\"S\u00edntese do nosso 2023, um ano cheio de a\u00e7\u00e3o e de a\u00e7\u00e3o de gra\u00e7as - Mailcomms Group\" \/>\n<meta property=\"og:description\" content=\"O que vai ler a seguir n\u00e3o \u00e9 um resumo do nosso ano (ou n\u00e3o \u00e9 s\u00f3 isso). Este \u00e9 um agradecimento a todos v\u00f3s por este 2023 em que nos acompanharam de uma forma ou de outra. Eis os nossos marcos do ano que est\u00e1 a chegar ao fim.\" \/>\n<meta property=\"og:url\" content=\"https:\/\/mailcommsgroup.com\/pt\/blog\/resumo-do-nosso-ano-de-2023-cheio-de-acao-e-gratidao\/\" \/>\n<meta property=\"og:site_name\" content=\"Mailcomms Group\" \/>\n<meta property=\"article:published_time\" content=\"2023-12-28T13:04:39+00:00\" \/>\n<meta property=\"article:modified_time\" content=\"2024-01-19T10:09:02+00:00\" \/>\n<meta property=\"og:image\" content=\"https:\/\/mailcommsgroup.com\/wp-content\/uploads\/2023\/12\/Mailteck-CustomerComms_892x623-2.jpg\" \/>\n\t<meta property=\"og:image:width\" content=\"892\" \/>\n\t<meta property=\"og:image:height\" content=\"623\" \/>\n\t<meta property=\"og:image:type\" content=\"image\/jpeg\" \/>\n<meta name=\"author\" content=\"Mailcomms Group\" \/>\n<meta name=\"twitter:card\" content=\"summary_large_image\" \/>\n<meta name=\"twitter:creator\" content=\"@CommsCustomer\" \/>\n<meta name=\"twitter:site\" content=\"@CommsCustomer\" \/>\n<meta name=\"twitter:label1\" content=\"Escrito por\" \/>\n\t<meta name=\"twitter:data1\" content=\"Mailcomms Group\" \/>\n\t<meta name=\"twitter:label2\" content=\"Tempo estimado de leitura\" \/>\n\t<meta name=\"twitter:data2\" content=\"8 minutos\" \/>\n<script type=\"application\/ld+json\" class=\"yoast-schema-graph\">{\"@context\":\"https:\/\/schema.org\",\"@graph\":[{\"@type\":\"Article\",\"@id\":\"https:\/\/mailcommsgroup.com\/pt\/blog\/resumo-do-nosso-ano-de-2023-cheio-de-acao-e-gratidao\/#article\",\"isPartOf\":{\"@id\":\"https:\/\/mailcommsgroup.com\/pt\/blog\/resumo-do-nosso-ano-de-2023-cheio-de-acao-e-gratidao\/\"},\"author\":{\"name\":\"Mailcomms Group\",\"@id\":\"https:\/\/mailcommsgroup.com\/pt\/#\/schema\/person\/c3a3ecfc795ade78319e6b1af9d65684\"},\"headline\":\"S\u00edntese do nosso 2023, um ano cheio de a\u00e7\u00e3o e de a\u00e7\u00e3o de gra\u00e7as\",\"datePublished\":\"2023-12-28T13:04:39+00:00\",\"dateModified\":\"2024-01-19T10:09:02+00:00\",\"mainEntityOfPage\":{\"@id\":\"https:\/\/mailcommsgroup.com\/pt\/blog\/resumo-do-nosso-ano-de-2023-cheio-de-acao-e-gratidao\/\"},\"wordCount\":1521,\"publisher\":{\"@id\":\"https:\/\/mailcommsgroup.com\/pt\/#organization\"},\"image\":{\"@id\":\"https:\/\/mailcommsgroup.com\/pt\/blog\/resumo-do-nosso-ano-de-2023-cheio-de-acao-e-gratidao\/#primaryimage\"},\"thumbnailUrl\":\"https:\/\/mailcommsgroup.com\/wp-content\/uploads\/2023\/12\/Mailteck-CustomerComms_892x623-2.jpg\",\"articleSection\":[\"Not\u00edcias da empresa\"],\"inLanguage\":\"pt-PT\"},{\"@type\":\"WebPage\",\"@id\":\"https:\/\/mailcommsgroup.com\/pt\/blog\/resumo-do-nosso-ano-de-2023-cheio-de-acao-e-gratidao\/\",\"url\":\"https:\/\/mailcommsgroup.com\/pt\/blog\/resumo-do-nosso-ano-de-2023-cheio-de-acao-e-gratidao\/\",\"name\":\"S\u00edntese do nosso 2023, um ano cheio de a\u00e7\u00e3o e de a\u00e7\u00e3o de gra\u00e7as - Mailcomms Group\",\"isPartOf\":{\"@id\":\"https:\/\/mailcommsgroup.com\/pt\/#website\"},\"primaryImageOfPage\":{\"@id\":\"https:\/\/mailcommsgroup.com\/pt\/blog\/resumo-do-nosso-ano-de-2023-cheio-de-acao-e-gratidao\/#primaryimage\"},\"image\":{\"@id\":\"https:\/\/mailcommsgroup.com\/pt\/blog\/resumo-do-nosso-ano-de-2023-cheio-de-acao-e-gratidao\/#primaryimage\"},\"thumbnailUrl\":\"https:\/\/mailcommsgroup.com\/wp-content\/uploads\/2023\/12\/Mailteck-CustomerComms_892x623-2.jpg\",\"datePublished\":\"2023-12-28T13:04:39+00:00\",\"dateModified\":\"2024-01-19T10:09:02+00:00\",\"breadcrumb\":{\"@id\":\"https:\/\/mailcommsgroup.com\/pt\/blog\/resumo-do-nosso-ano-de-2023-cheio-de-acao-e-gratidao\/#breadcrumb\"},\"inLanguage\":\"pt-PT\",\"potentialAction\":[{\"@type\":\"ReadAction\",\"target\":[\"https:\/\/mailcommsgroup.com\/pt\/blog\/resumo-do-nosso-ano-de-2023-cheio-de-acao-e-gratidao\/\"]}]},{\"@type\":\"ImageObject\",\"inLanguage\":\"pt-PT\",\"@id\":\"https:\/\/mailcommsgroup.com\/pt\/blog\/resumo-do-nosso-ano-de-2023-cheio-de-acao-e-gratidao\/#primaryimage\",\"url\":\"https:\/\/mailcommsgroup.com\/wp-content\/uploads\/2023\/12\/Mailteck-CustomerComms_892x623-2.jpg\",\"contentUrl\":\"https:\/\/mailcommsgroup.com\/wp-content\/uploads\/2023\/12\/Mailteck-CustomerComms_892x623-2.jpg\",\"width\":892,\"height\":623},{\"@type\":\"BreadcrumbList\",\"@id\":\"https:\/\/mailcommsgroup.com\/pt\/blog\/resumo-do-nosso-ano-de-2023-cheio-de-acao-e-gratidao\/#breadcrumb\",\"itemListElement\":[{\"@type\":\"ListItem\",\"position\":1,\"name\":\"Mailcomms Group\",\"item\":\"https:\/\/mailcommsgroup.com\/pt\/\"},{\"@type\":\"ListItem\",\"position\":2,\"name\":\"Blogue\",\"item\":\"https:\/\/mailcommsgroup.com\/pt\/blog\/\"},{\"@type\":\"ListItem\",\"position\":3,\"name\":\"S\u00edntese do nosso 2023, um ano cheio de a\u00e7\u00e3o e de a\u00e7\u00e3o de gra\u00e7as\"}]},{\"@type\":\"WebSite\",\"@id\":\"https:\/\/mailcommsgroup.com\/pt\/#website\",\"url\":\"https:\/\/mailcommsgroup.com\/pt\/\",\"name\":\"MailComms Group\",\"description\":\"La transformaci\u00f3n digital a trav\u00e9s de la comunicaci\u00f3n omnicanal, con plena validez legal.\",\"publisher\":{\"@id\":\"https:\/\/mailcommsgroup.com\/pt\/#organization\"},\"alternateName\":\"MailComms Group\",\"potentialAction\":[{\"@type\":\"SearchAction\",\"target\":{\"@type\":\"EntryPoint\",\"urlTemplate\":\"https:\/\/mailcommsgroup.com\/pt\/?s={search_term_string}\"},\"query-input\":{\"@type\":\"PropertyValueSpecification\",\"valueRequired\":true,\"valueName\":\"search_term_string\"}}],\"inLanguage\":\"pt-PT\"},{\"@type\":\"Organization\",\"@id\":\"https:\/\/mailcommsgroup.com\/pt\/#organization\",\"name\":\"MailComms Group - Soluciones de comunicaci\u00f3n omnicanal con validez legal.\",\"alternateName\":\"MailComms Group\",\"url\":\"https:\/\/mailcommsgroup.com\/pt\/\",\"logo\":{\"@type\":\"ImageObject\",\"inLanguage\":\"pt-PT\",\"@id\":\"https:\/\/mailcommsgroup.com\/pt\/#\/schema\/logo\/image\/\",\"url\":\"https:\/\/mailcommsgroup.com\/wp-content\/uploads\/2023\/05\/icon_mini_mailcommsgroup.png\",\"contentUrl\":\"https:\/\/mailcommsgroup.com\/wp-content\/uploads\/2023\/05\/icon_mini_mailcommsgroup.png\",\"width\":512,\"height\":512,\"caption\":\"MailComms Group - Soluciones de comunicaci\u00f3n omnicanal con validez legal.\"},\"image\":{\"@id\":\"https:\/\/mailcommsgroup.com\/pt\/#\/schema\/logo\/image\/\"},\"sameAs\":[\"https:\/\/x.com\/CommsCustomer\",\"https:\/\/www.linkedin.com\/company\/customercomms\/\",\"https:\/\/www.youtube.com\/channel\/UCtvYLee1QHy89JS2-gMgnTQ\"]},{\"@type\":\"Person\",\"@id\":\"https:\/\/mailcommsgroup.com\/pt\/#\/schema\/person\/c3a3ecfc795ade78319e6b1af9d65684\",\"name\":\"Mailcomms Group\",\"image\":{\"@type\":\"ImageObject\",\"inLanguage\":\"pt-PT\",\"@id\":\"https:\/\/secure.gravatar.com\/avatar\/f4012bdfd3c1190166ba510602a508ab2a504cafc93cf37f0c8cbdc54e85846a?s=96&d=mm&r=g\",\"url\":\"https:\/\/secure.gravatar.com\/avatar\/f4012bdfd3c1190166ba510602a508ab2a504cafc93cf37f0c8cbdc54e85846a?s=96&d=mm&r=g\",\"contentUrl\":\"https:\/\/secure.gravatar.com\/avatar\/f4012bdfd3c1190166ba510602a508ab2a504cafc93cf37f0c8cbdc54e85846a?s=96&d=mm&r=g\",\"caption\":\"Mailcomms Group\"},\"sameAs\":[\"https:\/\/mailcommsgroup.com\"],\"url\":\"https:\/\/mailcommsgroup.com\/pt\/blog\/author\/ntrwrks_ccmms\/\"}]}<\/script>\n<!-- \/ Yoast SEO plugin. -->","yoast_head_json":{"title":"S\u00edntese do nosso 2023, um ano cheio de a\u00e7\u00e3o e de a\u00e7\u00e3o de gra\u00e7as - Mailcomms Group","robots":{"index":"index","follow":"follow","max-snippet":"max-snippet:-1","max-image-preview":"max-image-preview:large","max-video-preview":"max-video-preview:-1"},"canonical":"https:\/\/mailcommsgroup.com\/pt\/blog\/resumo-do-nosso-ano-de-2023-cheio-de-acao-e-gratidao\/","og_locale":"pt_PT","og_type":"article","og_title":"S\u00edntese do nosso 2023, um ano cheio de a\u00e7\u00e3o e de a\u00e7\u00e3o de gra\u00e7as - Mailcomms Group","og_description":"O que vai ler a seguir n\u00e3o \u00e9 um resumo do nosso ano (ou n\u00e3o \u00e9 s\u00f3 isso). Este \u00e9 um agradecimento a todos v\u00f3s por este 2023 em que nos acompanharam de uma forma ou de outra. Eis os nossos marcos do ano que est\u00e1 a chegar ao fim.","og_url":"https:\/\/mailcommsgroup.com\/pt\/blog\/resumo-do-nosso-ano-de-2023-cheio-de-acao-e-gratidao\/","og_site_name":"Mailcomms Group","article_published_time":"2023-12-28T13:04:39+00:00","article_modified_time":"2024-01-19T10:09:02+00:00","og_image":[{"width":892,"height":623,"url":"https:\/\/mailcommsgroup.com\/wp-content\/uploads\/2023\/12\/Mailteck-CustomerComms_892x623-2.jpg","type":"image\/jpeg"}],"author":"Mailcomms Group","twitter_card":"summary_large_image","twitter_creator":"@CommsCustomer","twitter_site":"@CommsCustomer","twitter_misc":{"Escrito por":"Mailcomms Group","Tempo estimado de leitura":"8 minutos"},"schema":{"@context":"https:\/\/schema.org","@graph":[{"@type":"Article","@id":"https:\/\/mailcommsgroup.com\/pt\/blog\/resumo-do-nosso-ano-de-2023-cheio-de-acao-e-gratidao\/#article","isPartOf":{"@id":"https:\/\/mailcommsgroup.com\/pt\/blog\/resumo-do-nosso-ano-de-2023-cheio-de-acao-e-gratidao\/"},"author":{"name":"Mailcomms Group","@id":"https:\/\/mailcommsgroup.com\/pt\/#\/schema\/person\/c3a3ecfc795ade78319e6b1af9d65684"},"headline":"S\u00edntese do nosso 2023, um ano cheio de a\u00e7\u00e3o e de a\u00e7\u00e3o de gra\u00e7as","datePublished":"2023-12-28T13:04:39+00:00","dateModified":"2024-01-19T10:09:02+00:00","mainEntityOfPage":{"@id":"https:\/\/mailcommsgroup.com\/pt\/blog\/resumo-do-nosso-ano-de-2023-cheio-de-acao-e-gratidao\/"},"wordCount":1521,"publisher":{"@id":"https:\/\/mailcommsgroup.com\/pt\/#organization"},"image":{"@id":"https:\/\/mailcommsgroup.com\/pt\/blog\/resumo-do-nosso-ano-de-2023-cheio-de-acao-e-gratidao\/#primaryimage"},"thumbnailUrl":"https:\/\/mailcommsgroup.com\/wp-content\/uploads\/2023\/12\/Mailteck-CustomerComms_892x623-2.jpg","articleSection":["Not\u00edcias da empresa"],"inLanguage":"pt-PT"},{"@type":"WebPage","@id":"https:\/\/mailcommsgroup.com\/pt\/blog\/resumo-do-nosso-ano-de-2023-cheio-de-acao-e-gratidao\/","url":"https:\/\/mailcommsgroup.com\/pt\/blog\/resumo-do-nosso-ano-de-2023-cheio-de-acao-e-gratidao\/","name":"S\u00edntese do nosso 2023, um ano cheio de a\u00e7\u00e3o e de a\u00e7\u00e3o de gra\u00e7as - Mailcomms Group","isPartOf":{"@id":"https:\/\/mailcommsgroup.com\/pt\/#website"},"primaryImageOfPage":{"@id":"https:\/\/mailcommsgroup.com\/pt\/blog\/resumo-do-nosso-ano-de-2023-cheio-de-acao-e-gratidao\/#primaryimage"},"image":{"@id":"https:\/\/mailcommsgroup.com\/pt\/blog\/resumo-do-nosso-ano-de-2023-cheio-de-acao-e-gratidao\/#primaryimage"},"thumbnailUrl":"https:\/\/mailcommsgroup.com\/wp-content\/uploads\/2023\/12\/Mailteck-CustomerComms_892x623-2.jpg","datePublished":"2023-12-28T13:04:39+00:00","dateModified":"2024-01-19T10:09:02+00:00","breadcrumb":{"@id":"https:\/\/mailcommsgroup.com\/pt\/blog\/resumo-do-nosso-ano-de-2023-cheio-de-acao-e-gratidao\/#breadcrumb"},"inLanguage":"pt-PT","potentialAction":[{"@type":"ReadAction","target":["https:\/\/mailcommsgroup.com\/pt\/blog\/resumo-do-nosso-ano-de-2023-cheio-de-acao-e-gratidao\/"]}]},{"@type":"ImageObject","inLanguage":"pt-PT","@id":"https:\/\/mailcommsgroup.com\/pt\/blog\/resumo-do-nosso-ano-de-2023-cheio-de-acao-e-gratidao\/#primaryimage","url":"https:\/\/mailcommsgroup.com\/wp-content\/uploads\/2023\/12\/Mailteck-CustomerComms_892x623-2.jpg","contentUrl":"https:\/\/mailcommsgroup.com\/wp-content\/uploads\/2023\/12\/Mailteck-CustomerComms_892x623-2.jpg","width":892,"height":623},{"@type":"BreadcrumbList","@id":"https:\/\/mailcommsgroup.com\/pt\/blog\/resumo-do-nosso-ano-de-2023-cheio-de-acao-e-gratidao\/#breadcrumb","itemListElement":[{"@type":"ListItem","position":1,"name":"Mailcomms Group","item":"https:\/\/mailcommsgroup.com\/pt\/"},{"@type":"ListItem","position":2,"name":"Blogue","item":"https:\/\/mailcommsgroup.com\/pt\/blog\/"},{"@type":"ListItem","position":3,"name":"S\u00edntese do nosso 2023, um ano cheio de a\u00e7\u00e3o e de a\u00e7\u00e3o de gra\u00e7as"}]},{"@type":"WebSite","@id":"https:\/\/mailcommsgroup.com\/pt\/#website","url":"https:\/\/mailcommsgroup.com\/pt\/","name":"MailComms Group","description":"La transformaci\u00f3n digital a trav\u00e9s de la comunicaci\u00f3n omnicanal, con plena validez legal.","publisher":{"@id":"https:\/\/mailcommsgroup.com\/pt\/#organization"},"alternateName":"MailComms Group","potentialAction":[{"@type":"SearchAction","target":{"@type":"EntryPoint","urlTemplate":"https:\/\/mailcommsgroup.com\/pt\/?s={search_term_string}"},"query-input":{"@type":"PropertyValueSpecification","valueRequired":true,"valueName":"search_term_string"}}],"inLanguage":"pt-PT"},{"@type":"Organization","@id":"https:\/\/mailcommsgroup.com\/pt\/#organization","name":"MailComms Group - Soluciones de comunicaci\u00f3n omnicanal con validez legal.","alternateName":"MailComms Group","url":"https:\/\/mailcommsgroup.com\/pt\/","logo":{"@type":"ImageObject","inLanguage":"pt-PT","@id":"https:\/\/mailcommsgroup.com\/pt\/#\/schema\/logo\/image\/","url":"https:\/\/mailcommsgroup.com\/wp-content\/uploads\/2023\/05\/icon_mini_mailcommsgroup.png","contentUrl":"https:\/\/mailcommsgroup.com\/wp-content\/uploads\/2023\/05\/icon_mini_mailcommsgroup.png","width":512,"height":512,"caption":"MailComms Group - Soluciones de comunicaci\u00f3n omnicanal con validez legal."},"image":{"@id":"https:\/\/mailcommsgroup.com\/pt\/#\/schema\/logo\/image\/"},"sameAs":["https:\/\/x.com\/CommsCustomer","https:\/\/www.linkedin.com\/company\/customercomms\/","https:\/\/www.youtube.com\/channel\/UCtvYLee1QHy89JS2-gMgnTQ"]},{"@type":"Person","@id":"https:\/\/mailcommsgroup.com\/pt\/#\/schema\/person\/c3a3ecfc795ade78319e6b1af9d65684","name":"Mailcomms Group","image":{"@type":"ImageObject","inLanguage":"pt-PT","@id":"https:\/\/secure.gravatar.com\/avatar\/f4012bdfd3c1190166ba510602a508ab2a504cafc93cf37f0c8cbdc54e85846a?s=96&d=mm&r=g","url":"https:\/\/secure.gravatar.com\/avatar\/f4012bdfd3c1190166ba510602a508ab2a504cafc93cf37f0c8cbdc54e85846a?s=96&d=mm&r=g","contentUrl":"https:\/\/secure.gravatar.com\/avatar\/f4012bdfd3c1190166ba510602a508ab2a504cafc93cf37f0c8cbdc54e85846a?s=96&d=mm&r=g","caption":"Mailcomms Group"},"sameAs":["https:\/\/mailcommsgroup.com"],"url":"https:\/\/mailcommsgroup.com\/pt\/blog\/author\/ntrwrks_ccmms\/"}]}},"_links":{"self":[{"href":"https:\/\/mailcommsgroup.com\/pt\/wp-json\/wp\/v2\/posts\/24564","targetHints":{"allow":["GET"]}}],"collection":[{"href":"https:\/\/mailcommsgroup.com\/pt\/wp-json\/wp\/v2\/posts"}],"about":[{"href":"https:\/\/mailcommsgroup.com\/pt\/wp-json\/wp\/v2\/types\/post"}],"author":[{"embeddable":true,"href":"https:\/\/mailcommsgroup.com\/pt\/wp-json\/wp\/v2\/users\/1"}],"replies":[{"embeddable":true,"href":"https:\/\/mailcommsgroup.com\/pt\/wp-json\/wp\/v2\/comments?post=24564"}],"version-history":[{"count":8,"href":"https:\/\/mailcommsgroup.com\/pt\/wp-json\/wp\/v2\/posts\/24564\/revisions"}],"predecessor-version":[{"id":24683,"href":"https:\/\/mailcommsgroup.com\/pt\/wp-json\/wp\/v2\/posts\/24564\/revisions\/24683"}],"wp:featuredmedia":[{"embeddable":true,"href":"https:\/\/mailcommsgroup.com\/pt\/wp-json\/wp\/v2\/media\/24575"}],"wp:attachment":[{"href":"https:\/\/mailcommsgroup.com\/pt\/wp-json\/wp\/v2\/media?parent=24564"}],"wp:term":[{"taxonomy":"category","embeddable":true,"href":"https:\/\/mailcommsgroup.com\/pt\/wp-json\/wp\/v2\/categories?post=24564"}],"curies":[{"name":"wp","href":"https:\/\/api.w.org\/{rel}","templated":true}]}}