{"id":22382,"date":"2016-02-29T10:04:01","date_gmt":"2016-02-29T09:04:01","guid":{"rendered":"https:\/\/mailcommsgroup.com\/blog\/falar-com-os-seus-clientes-nao-e-uma-opcao-mailteck-sabe-como-voce-pode-ouvir\/"},"modified":"2023-09-08T09:40:07","modified_gmt":"2023-09-08T07:40:07","slug":"falar-com-os-seus-clientes-nao-e-uma-opcao-mailteck-sabe-como-voce-pode-ouvir","status":"publish","type":"post","link":"https:\/\/mailcommsgroup.com\/pt\/blog\/falar-com-os-seus-clientes-nao-e-uma-opcao-mailteck-sabe-como-voce-pode-ouvir\/","title":{"rendered":"Falar com os seus clientes n\u00e3o \u00e9 uma op\u00e7\u00e3o e a MailtecK sabe como os ouvir."},"content":{"rendered":"<div class=\"wpb-content-wrapper\"><p>[vc_row css=&#8221;.vc_custom_1459266224606{padding-right: 10px !important;padding-left: 10px !important;}&#8221; type=&#8221;grid&#8221; parallax_speed=&#8221;0.3&#8243; mute=&#8221;muted&#8221;][vc_column][vc_single_image image=&#8221;6525&#8243; img_size=&#8221;full&#8221;][vc_column_text]&#8221;Falar com os seus clientes n\u00e3o \u00e9 uma op\u00e7\u00e3o e a MailtecK sabe como ouvi-los&#8221;, diz-nos o nosso CEO, Javier Echebarr\u00eda, sobre os novos produtos apresentados pela MailTecK e pela Customer Comms na Semana dos Seguros.<br \/>\n[\/vc_column_text][vc_row_inner css=&#8221;.vc_custom_1459421286742{margin-bottom: 30px !important;}&#8221;][vc_column_inner][vc_column_text]<\/p>\n<p>Encontrar e falar com os clientes deixou de ser uma op\u00e7\u00e3o para as empresas. Vivemos na era da personaliza\u00e7\u00e3o e chegou o momento de as empresas verdadeiramente empenhadas no futuro colocarem os seus clientes no centro de todos os processos, tendo em conta tudo o que t\u00eam para dizer. As solu\u00e7\u00f5es multicanal posicionam-se como uma das melhores respostas e para aprofundar a forma como podemos trabalhar com elas, a partir de MarketingDirecto.com, entrevist\u00e1mos Javier Echebarr\u00eda, CEO da Mailteck, uma empresa especializada na presta\u00e7\u00e3o de servi\u00e7os integrais de comunica\u00e7\u00e3o.<\/p>\n<p>[\/vc_column_text][\/vc_column_inner][\/vc_row_inner][vc_column_text]<a class=\"ss-globe\" style=\"line-height: 1em!important;\" href=\"https:\/\/www.marketingdirecto.com\/actualidad\/marketing\/conversar-clientes-no-es-opcion-mailteck-sabe-como-puede-escucharles\/\" target=\"_blank\" rel=\"noopener\">Aceder a marketingdirecto.com<\/a>[\/vc_column_text][\/vc_column][\/vc_row][vc_row][vc_column][vc_column_text]<\/p>\n<p><strong>1) Que tipo de servi\u00e7os e solu\u00e7\u00f5es podem as empresas encontrar na vossa empresa?<\/strong><\/p>\n<p><strong>A MailTecK<\/strong>, juntamente com a <strong>Customer Comms<\/strong>, que tamb\u00e9m est\u00e1 presente no evento Insurance 2016, representa a MailComms, um grupo de empresas dedicadas a servi\u00e7os e solu\u00e7\u00f5es <strong>de comunica\u00e7\u00e3o multicanal com o cliente<\/strong>, tanto de marketing como transaccionais, com um forte enfoque no sector dos seguros. Dado que este sector \u00e9 o que apresenta maior complexidade na comunica\u00e7\u00e3o com clientes, intermedi\u00e1rios e fornecedores.<\/p>\n<p>Por exemplo, sendo a regulamenta\u00e7\u00e3o do sector t\u00e3o forte, a seguran\u00e7a da informa\u00e7\u00e3o e a obten\u00e7\u00e3o de valor legal nas comunica\u00e7\u00f5es, atrav\u00e9s de comunica\u00e7\u00f5es certificadas e assinaturas electr\u00f3nicas, \u00e9 uma quest\u00e3o fundamental quando se depende de fornecedores de confian\u00e7a.<\/p>\n<p>Por outro lado, a interven\u00e7\u00e3o da media\u00e7\u00e3o \u00e9 o aspeto fundamental nas rela\u00e7\u00f5es com os tomadores de seguros e os restantes intervenientes nos processos de contrata\u00e7\u00e3o, gest\u00e3o de sinistros e renova\u00e7\u00e3o de ap\u00f3lices.<\/p>\n<p>Por \u00faltimo, os prestadores de servi\u00e7os, tais como inspectores, oficinas e profissionais de repara\u00e7\u00e3o, s\u00e3o particularmente valiosos na  <strong>perce\u00e7\u00e3o do servi\u00e7o pelo cliente<\/strong>  Por isso, a sua capacidade de comunicar com a empresa e com o segurado \u00e9 um elemento-chave da experi\u00eancia do cliente.<\/p>\n<p>O nosso grupo disp\u00f5e de solu\u00e7\u00f5es espec\u00edficas, como a Communicalia e o CommsPortal, para que todos estes grupos tenham \u00e0 sua disposi\u00e7\u00e3o a possibilidade de conceber, gerar e lan\u00e7ar comunica\u00e7\u00f5es multicanais atrav\u00e9s de um navegador Web, em qualquer altura, atrav\u00e9s de um computador port\u00e1til, de um tablet ou de um smartphone.<\/p>\n<p><strong>2. Falar com os clientes deixou de ser uma op\u00e7\u00e3o para as empresas. Oferece uma solu\u00e7\u00e3o tudo-em-um para conseguir isso mesmo, mas em que consiste?<\/strong><\/p>\n<p><strong>As comunica\u00e7\u00f5es com os clientes<\/strong>, tanto de marketing como transaccionais, tornaram-se conversas, ou seja, <strong>comunica\u00e7\u00f5es interactivas<\/strong>, que ocorrem a qualquer momento e em qualquer canal e dispositivo, com <strong>o cliente no controlo<\/strong>. Dizem o que, quando e como querem falar e a seguradora tem de o facilitar com tecnologias que automatizem o processo em tempo real.<\/p>\n<p>Para gerir estas comunica\u00e7\u00f5es interactivas de forma integrada, a seguradora deve dispor de uma solu\u00e7\u00e3o &#8220;tudo em um&#8221; que funcione a todos os n\u00edveis da empresa, do canal de media\u00e7\u00e3o e dos seus fornecedores para dar uma resposta ao cliente. A solu\u00e7\u00e3o \u00e9 a <strong>Communicalia<\/strong>, uma plataforma de comunica\u00e7\u00e3o multicanal individualizada que analisa dados, concebe suportes em qualquer formato e <strong>distribui<\/strong> as comunica\u00e7\u00f5es que moldam as conversas dos clientes de forma <strong>integrada em todos os canais<\/strong>.<\/p>\n<p><strong>3) Que novidades e tend\u00eancias encontrou na Insurance Week 2016? Que li\u00e7\u00f5es conseguiu retirar para aplicar nos servi\u00e7os da empresa?<\/strong><\/p>\n<p><strong>A Semana dos Seguros<\/strong> \u00e9 um ponto de encontro anual de refer\u00eancia para os profissionais do sector. Em 2016, os temas mais actuais s\u00e3o a utiliza\u00e7\u00e3o de <strong>Big Data<\/strong> e de <strong>an\u00e1lises avan\u00e7adas<\/strong>, a Internet das coisas, <strong>os riscos cibern\u00e9ticos<\/strong>, os novos modelos de neg\u00f3cio e a <strong>transforma\u00e7\u00e3o digital<\/strong> das comunica\u00e7\u00f5es com os clientes.<\/p>\n<p>As novas tend\u00eancias no sector dos seguros levaram-nos a concentrar-nos em ajudar as companhias de seguros a embarcar na viagem da transforma\u00e7\u00e3o digital em comunica\u00e7\u00f5es omnicanal com os seus clientes, intermedi\u00e1rios e fornecedores. Para o efeito, fornecemos servi\u00e7os e solu\u00e7\u00f5es com tecnologias de ponta, tanto pr\u00f3prias como de terceiros.<\/p>\n<p>Fornecemos a mais vasta gama de servi\u00e7os e solu\u00e7\u00f5es em <strong>formato de outsourcing (BPO)<\/strong> e Software as a Service (SaaS), embora tamb\u00e9m implementemos solu\u00e7\u00f5es de clientes (on-premise). Todas as solu\u00e7\u00f5es podem ter uma cad\u00eancia temporal para que se possa come\u00e7ar com um BPO e passar para um SaaS e acabar com uma solu\u00e7\u00e3o interna no local com o servi\u00e7o e a tecnologia dispon\u00edveis num curto espa\u00e7o de tempo para serem adaptados a uma solu\u00e7\u00e3o interna numa data posterior.<\/p>\n<p><strong>4. Ap\u00f3s a experi\u00eancia da Semana dos Seguros, para onde est\u00e3o a evoluir as solu\u00e7\u00f5es de comunica\u00e7\u00e3o multicanal com os clientes?<\/strong><\/p>\n<p><strong>As solu\u00e7\u00f5es de comunica\u00e7\u00e3o multicanal com o cliente<\/strong> est\u00e3o a evoluir de uma utiliza\u00e7\u00e3o multicanal ou dispersa de canais para uma utiliza\u00e7\u00e3o omnicanal ou integra\u00e7\u00e3o de todos os canais em tempo real com uma vis\u00e3o de 360\u00b0 da intera\u00e7\u00e3o com o cliente.<\/p>\n<p><strong>5) Como surgiu a rela\u00e7\u00e3o com a Customer Comms?<\/strong><\/p>\n<p>A Customer Comms \u00e9 uma empresa do mesmo grupo que a MailTecK.<\/p>\n<p>\u00c9 uma empresa que nasceu de um processo de spinoff do departamento de tecnologia da  <strong>MailTecK<\/strong>  Por isso, contamos com especialistas com mais de 20 anos de experi\u00eancia em comunica\u00e7\u00e3o personalizada com o cliente e uma voca\u00e7\u00e3o de lideran\u00e7a em solu\u00e7\u00f5es de comunica\u00e7\u00e3o multicanal, tanto para marketing como para comunica\u00e7\u00e3o transacional com o cliente.<\/p>\n<p><strong>6. Nesta feira, apresentou uma plataforma inovadora conhecida como Communicalia. Em que \u00e9 que consiste? O que pode oferecer aos seus clientes?<\/strong><\/p>\n<p>Communicalia \u00e9 a \u00fanica plataforma capaz de integrar as comunica\u00e7\u00f5es online, como a impress\u00e3o, as chamadas telef\u00f3nicas e o ponto de venda, com as comunica\u00e7\u00f5es online, como o e-mail, o SMS, o telem\u00f3vel, a web, o v\u00eddeo e a caixa de correio digital, proporcionando, al\u00e9m disso, um processo de melhoria e enriquecimento dos dados e an\u00e1lises avan\u00e7adas do comportamento do cliente nos processos de comunica\u00e7\u00e3o, atrav\u00e9s de todos os canais que se reflectem no seu percurso de cliente.<\/p>\n<p><strong>7) Porque \u00e9 que recomendaria este evento?<\/strong><\/p>\n<p>Com mais de vinte actividades divididas em f\u00f3runs, confer\u00eancias, encontros e debates, bem como mais de 300 oradores, profissionais especialistas do sector em diferentes \u00e1reas de atividade, a Semana dos Seguros apresenta e analisa, atrav\u00e9s da diversidade do seu programa, as solu\u00e7\u00f5es estrat\u00e9gicas futuras, as altera\u00e7\u00f5es regulamentares, os novos produtos, a rela\u00e7\u00e3o com os clientes, as tend\u00eancias e as particularidades segundo os ramos, a tecnologia, a marca e a imagem, a assist\u00eancia e outros temas de interesse para o sector.<\/p>\n<p>A Insurance Week, enquanto principal refer\u00eancia do sector para as companhias de seguros, \u00e9 o evento mais importante do seu g\u00e9nero no mundo.  <strong>seguradoras em Espanha, Portugal e LATAM<\/strong>Trata-se de uma oportunidade para se dar a conhecer a este grupo de empresas, tanto de seguros como de servi\u00e7os conexos, e, por \u00faltimo, aos mediadores, uma parte essencial deste sector, para compreender as tend\u00eancias que ir\u00e3o moldar o futuro imediato desta atividade.[\/vc_column_text][\/vc_column][\/vc_row][vc_row][vc_column][vc_empty_space height=&#8221;20px&#8221;][\/vc_column][\/vc_row]<\/p>\n<\/div>","protected":false},"excerpt":{"rendered":"<p>[vc_row css=&#8221;.vc_custom_1459266224606{padding-right: 10px !important;padding-left: 10px !important;}&#8221; type=&#8221;grid&#8221; parallax_speed=&#8221;0.3&#8243; mute=&#8221;muted&#8221;][vc_column][vc_single_image image=&#8221;6525&#8243; img_size=&#8221;full&#8221;][vc_column_text]&#8221;Falar com os seus clientes n\u00e3o \u00e9 uma op\u00e7\u00e3o e a MailtecK sabe como ouvi-los&#8221;, diz-nos o nosso CEO, Javier Echebarr\u00eda, sobre os novos produtos apresentados pela MailTecK e pela Customer Comms na Semana dos Seguros. [\/vc_column_text][vc_row_inner css=&#8221;.vc_custom_1459421286742{margin-bottom: 30px !important;}&#8221;][vc_column_inner][vc_column_text] Encontrar e falar com os [&hellip;]<\/p>\n","protected":false},"author":7,"featured_media":19337,"comment_status":"closed","ping_status":"closed","sticky":false,"template":"","format":"standard","meta":{"_acf_changed":false,"footnotes":""},"categories":[499],"class_list":["post-22382","post","type-post","status-publish","format-standard","has-post-thumbnail","hentry","category-noticias-da-empresa"],"acf":[],"yoast_head":"<!-- This site is optimized with the Yoast SEO plugin v27.2 - https:\/\/yoast.com\/product\/yoast-seo-wordpress\/ -->\n<title>Falar com os seus clientes n\u00e3o \u00e9 uma op\u00e7\u00e3o e a MailtecK sabe como os ouvir. - Mailcomms Group<\/title>\n<meta name=\"robots\" content=\"index, follow, max-snippet:-1, max-image-preview:large, max-video-preview:-1\" \/>\n<link rel=\"canonical\" href=\"https:\/\/mailcommsgroup.com\/pt\/blog\/falar-com-os-seus-clientes-nao-e-uma-opcao-mailteck-sabe-como-voce-pode-ouvir\/\" \/>\n<meta property=\"og:locale\" content=\"pt_PT\" \/>\n<meta property=\"og:type\" content=\"article\" \/>\n<meta property=\"og:title\" content=\"Falar com os seus clientes n\u00e3o \u00e9 uma op\u00e7\u00e3o e a MailtecK sabe como os ouvir. - Mailcomms Group\" \/>\n<meta property=\"og:description\" content=\"[vc_row css=&#8221;.vc_custom_1459266224606{padding-right: 10px !important;padding-left: 10px !important;}&#8221; type=&#8221;grid&#8221; parallax_speed=&#8221;0.3&#8243; mute=&#8221;muted&#8221;][vc_column][vc_single_image image=&#8221;6525&#8243; img_size=&#8221;full&#8221;][vc_column_text]&#8221;Falar com os seus clientes n\u00e3o \u00e9 uma op\u00e7\u00e3o e a MailtecK sabe como ouvi-los&#8221;, diz-nos o nosso CEO, Javier Echebarr\u00eda, sobre os novos produtos apresentados pela MailTecK e pela Customer Comms na Semana dos Seguros. [\/vc_column_text][vc_row_inner css=&#8221;.vc_custom_1459421286742{margin-bottom: 30px !important;}&#8221;][vc_column_inner][vc_column_text] Encontrar e falar com os [&hellip;]\" \/>\n<meta property=\"og:url\" content=\"https:\/\/mailcommsgroup.com\/pt\/blog\/falar-com-os-seus-clientes-nao-e-uma-opcao-mailteck-sabe-como-voce-pode-ouvir\/\" \/>\n<meta property=\"og:site_name\" content=\"Mailcomms Group\" \/>\n<meta property=\"article:published_time\" content=\"2016-02-29T09:04:01+00:00\" \/>\n<meta property=\"article:modified_time\" content=\"2023-09-08T07:40:07+00:00\" \/>\n<meta property=\"og:image\" content=\"https:\/\/mailcommsgroup.com\/wp-content\/uploads\/2016\/02\/Conversar-con-sus-clientes-marketingdirecto.com_.jpg\" \/>\n\t<meta property=\"og:image:width\" content=\"892\" \/>\n\t<meta property=\"og:image:height\" content=\"496\" \/>\n\t<meta property=\"og:image:type\" content=\"image\/jpeg\" \/>\n<meta name=\"author\" content=\"Victoria Garcia\" \/>\n<meta name=\"twitter:card\" content=\"summary_large_image\" \/>\n<meta name=\"twitter:creator\" content=\"@CommsCustomer\" \/>\n<meta name=\"twitter:site\" content=\"@CommsCustomer\" \/>\n<meta name=\"twitter:label1\" content=\"Escrito por\" \/>\n\t<meta name=\"twitter:data1\" content=\"Victoria Garcia\" \/>\n\t<meta name=\"twitter:label2\" content=\"Tempo estimado de leitura\" \/>\n\t<meta name=\"twitter:data2\" content=\"7 minutos\" \/>\n<script type=\"application\/ld+json\" class=\"yoast-schema-graph\">{\"@context\":\"https:\/\/schema.org\",\"@graph\":[{\"@type\":\"Article\",\"@id\":\"https:\/\/mailcommsgroup.com\/pt\/blog\/falar-com-os-seus-clientes-nao-e-uma-opcao-mailteck-sabe-como-voce-pode-ouvir\/#article\",\"isPartOf\":{\"@id\":\"https:\/\/mailcommsgroup.com\/pt\/blog\/falar-com-os-seus-clientes-nao-e-uma-opcao-mailteck-sabe-como-voce-pode-ouvir\/\"},\"author\":{\"name\":\"Victoria Garcia\",\"@id\":\"https:\/\/mailcommsgroup.com\/pt\/#\/schema\/person\/f80f8b8ba697698a1f5872c674be0139\"},\"headline\":\"Falar com os seus clientes n\u00e3o \u00e9 uma op\u00e7\u00e3o e a MailtecK sabe como os ouvir.\",\"datePublished\":\"2016-02-29T09:04:01+00:00\",\"dateModified\":\"2023-09-08T07:40:07+00:00\",\"mainEntityOfPage\":{\"@id\":\"https:\/\/mailcommsgroup.com\/pt\/blog\/falar-com-os-seus-clientes-nao-e-uma-opcao-mailteck-sabe-como-voce-pode-ouvir\/\"},\"wordCount\":1351,\"publisher\":{\"@id\":\"https:\/\/mailcommsgroup.com\/pt\/#organization\"},\"image\":{\"@id\":\"https:\/\/mailcommsgroup.com\/pt\/blog\/falar-com-os-seus-clientes-nao-e-uma-opcao-mailteck-sabe-como-voce-pode-ouvir\/#primaryimage\"},\"thumbnailUrl\":\"https:\/\/mailcommsgroup.com\/wp-content\/uploads\/2016\/02\/Conversar-con-sus-clientes-marketingdirecto.com_.jpg\",\"articleSection\":[\"Not\u00edcias da empresa\"],\"inLanguage\":\"pt-PT\"},{\"@type\":\"WebPage\",\"@id\":\"https:\/\/mailcommsgroup.com\/pt\/blog\/falar-com-os-seus-clientes-nao-e-uma-opcao-mailteck-sabe-como-voce-pode-ouvir\/\",\"url\":\"https:\/\/mailcommsgroup.com\/pt\/blog\/falar-com-os-seus-clientes-nao-e-uma-opcao-mailteck-sabe-como-voce-pode-ouvir\/\",\"name\":\"Falar com os seus clientes n\u00e3o \u00e9 uma op\u00e7\u00e3o e a MailtecK sabe como os ouvir. - Mailcomms Group\",\"isPartOf\":{\"@id\":\"https:\/\/mailcommsgroup.com\/pt\/#website\"},\"primaryImageOfPage\":{\"@id\":\"https:\/\/mailcommsgroup.com\/pt\/blog\/falar-com-os-seus-clientes-nao-e-uma-opcao-mailteck-sabe-como-voce-pode-ouvir\/#primaryimage\"},\"image\":{\"@id\":\"https:\/\/mailcommsgroup.com\/pt\/blog\/falar-com-os-seus-clientes-nao-e-uma-opcao-mailteck-sabe-como-voce-pode-ouvir\/#primaryimage\"},\"thumbnailUrl\":\"https:\/\/mailcommsgroup.com\/wp-content\/uploads\/2016\/02\/Conversar-con-sus-clientes-marketingdirecto.com_.jpg\",\"datePublished\":\"2016-02-29T09:04:01+00:00\",\"dateModified\":\"2023-09-08T07:40:07+00:00\",\"breadcrumb\":{\"@id\":\"https:\/\/mailcommsgroup.com\/pt\/blog\/falar-com-os-seus-clientes-nao-e-uma-opcao-mailteck-sabe-como-voce-pode-ouvir\/#breadcrumb\"},\"inLanguage\":\"pt-PT\",\"potentialAction\":[{\"@type\":\"ReadAction\",\"target\":[\"https:\/\/mailcommsgroup.com\/pt\/blog\/falar-com-os-seus-clientes-nao-e-uma-opcao-mailteck-sabe-como-voce-pode-ouvir\/\"]}]},{\"@type\":\"ImageObject\",\"inLanguage\":\"pt-PT\",\"@id\":\"https:\/\/mailcommsgroup.com\/pt\/blog\/falar-com-os-seus-clientes-nao-e-uma-opcao-mailteck-sabe-como-voce-pode-ouvir\/#primaryimage\",\"url\":\"https:\/\/mailcommsgroup.com\/wp-content\/uploads\/2016\/02\/Conversar-con-sus-clientes-marketingdirecto.com_.jpg\",\"contentUrl\":\"https:\/\/mailcommsgroup.com\/wp-content\/uploads\/2016\/02\/Conversar-con-sus-clientes-marketingdirecto.com_.jpg\",\"width\":892,\"height\":496,\"caption\":\"marketingdirecto\"},{\"@type\":\"BreadcrumbList\",\"@id\":\"https:\/\/mailcommsgroup.com\/pt\/blog\/falar-com-os-seus-clientes-nao-e-uma-opcao-mailteck-sabe-como-voce-pode-ouvir\/#breadcrumb\",\"itemListElement\":[{\"@type\":\"ListItem\",\"position\":1,\"name\":\"Mailcomms Group\",\"item\":\"https:\/\/mailcommsgroup.com\/pt\/\"},{\"@type\":\"ListItem\",\"position\":2,\"name\":\"Blogue\",\"item\":\"https:\/\/mailcommsgroup.com\/pt\/blog\/\"},{\"@type\":\"ListItem\",\"position\":3,\"name\":\"Falar com os seus clientes n\u00e3o \u00e9 uma op\u00e7\u00e3o e a MailtecK sabe como os ouvir.\"}]},{\"@type\":\"WebSite\",\"@id\":\"https:\/\/mailcommsgroup.com\/pt\/#website\",\"url\":\"https:\/\/mailcommsgroup.com\/pt\/\",\"name\":\"MailComms Group\",\"description\":\"La transformaci\u00f3n digital a trav\u00e9s de la comunicaci\u00f3n omnicanal, con plena validez legal.\",\"publisher\":{\"@id\":\"https:\/\/mailcommsgroup.com\/pt\/#organization\"},\"alternateName\":\"MailComms Group\",\"potentialAction\":[{\"@type\":\"SearchAction\",\"target\":{\"@type\":\"EntryPoint\",\"urlTemplate\":\"https:\/\/mailcommsgroup.com\/pt\/?s={search_term_string}\"},\"query-input\":{\"@type\":\"PropertyValueSpecification\",\"valueRequired\":true,\"valueName\":\"search_term_string\"}}],\"inLanguage\":\"pt-PT\"},{\"@type\":\"Organization\",\"@id\":\"https:\/\/mailcommsgroup.com\/pt\/#organization\",\"name\":\"MailComms Group - Soluciones de comunicaci\u00f3n omnicanal con validez legal.\",\"alternateName\":\"MailComms Group\",\"url\":\"https:\/\/mailcommsgroup.com\/pt\/\",\"logo\":{\"@type\":\"ImageObject\",\"inLanguage\":\"pt-PT\",\"@id\":\"https:\/\/mailcommsgroup.com\/pt\/#\/schema\/logo\/image\/\",\"url\":\"https:\/\/mailcommsgroup.com\/wp-content\/uploads\/2023\/05\/icon_mini_mailcommsgroup.png\",\"contentUrl\":\"https:\/\/mailcommsgroup.com\/wp-content\/uploads\/2023\/05\/icon_mini_mailcommsgroup.png\",\"width\":512,\"height\":512,\"caption\":\"MailComms Group - Soluciones de comunicaci\u00f3n omnicanal con validez legal.\"},\"image\":{\"@id\":\"https:\/\/mailcommsgroup.com\/pt\/#\/schema\/logo\/image\/\"},\"sameAs\":[\"https:\/\/x.com\/CommsCustomer\",\"https:\/\/www.linkedin.com\/company\/customercomms\/\",\"https:\/\/www.youtube.com\/channel\/UCtvYLee1QHy89JS2-gMgnTQ\"]},{\"@type\":\"Person\",\"@id\":\"https:\/\/mailcommsgroup.com\/pt\/#\/schema\/person\/f80f8b8ba697698a1f5872c674be0139\",\"name\":\"Victoria Garcia\",\"image\":{\"@type\":\"ImageObject\",\"inLanguage\":\"pt-PT\",\"@id\":\"https:\/\/secure.gravatar.com\/avatar\/84a2f1c42bc546dc20404b985f989aa0d0d7df03277d89aaa5d33a95b108a9b1?s=96&d=mm&r=g\",\"url\":\"https:\/\/secure.gravatar.com\/avatar\/84a2f1c42bc546dc20404b985f989aa0d0d7df03277d89aaa5d33a95b108a9b1?s=96&d=mm&r=g\",\"contentUrl\":\"https:\/\/secure.gravatar.com\/avatar\/84a2f1c42bc546dc20404b985f989aa0d0d7df03277d89aaa5d33a95b108a9b1?s=96&d=mm&r=g\",\"caption\":\"Victoria Garcia\"},\"url\":\"https:\/\/mailcommsgroup.com\/pt\/blog\/author\/v_garcia\/\"}]}<\/script>\n<!-- \/ Yoast SEO plugin. -->","yoast_head_json":{"title":"Falar com os seus clientes n\u00e3o \u00e9 uma op\u00e7\u00e3o e a MailtecK sabe como os ouvir. - Mailcomms Group","robots":{"index":"index","follow":"follow","max-snippet":"max-snippet:-1","max-image-preview":"max-image-preview:large","max-video-preview":"max-video-preview:-1"},"canonical":"https:\/\/mailcommsgroup.com\/pt\/blog\/falar-com-os-seus-clientes-nao-e-uma-opcao-mailteck-sabe-como-voce-pode-ouvir\/","og_locale":"pt_PT","og_type":"article","og_title":"Falar com os seus clientes n\u00e3o \u00e9 uma op\u00e7\u00e3o e a MailtecK sabe como os ouvir. - Mailcomms Group","og_description":"[vc_row css=&#8221;.vc_custom_1459266224606{padding-right: 10px !important;padding-left: 10px !important;}&#8221; type=&#8221;grid&#8221; parallax_speed=&#8221;0.3&#8243; mute=&#8221;muted&#8221;][vc_column][vc_single_image image=&#8221;6525&#8243; img_size=&#8221;full&#8221;][vc_column_text]&#8221;Falar com os seus clientes n\u00e3o \u00e9 uma op\u00e7\u00e3o e a MailtecK sabe como ouvi-los&#8221;, diz-nos o nosso CEO, Javier Echebarr\u00eda, sobre os novos produtos apresentados pela MailTecK e pela Customer Comms na Semana dos Seguros. [\/vc_column_text][vc_row_inner css=&#8221;.vc_custom_1459421286742{margin-bottom: 30px !important;}&#8221;][vc_column_inner][vc_column_text] Encontrar e falar com os [&hellip;]","og_url":"https:\/\/mailcommsgroup.com\/pt\/blog\/falar-com-os-seus-clientes-nao-e-uma-opcao-mailteck-sabe-como-voce-pode-ouvir\/","og_site_name":"Mailcomms Group","article_published_time":"2016-02-29T09:04:01+00:00","article_modified_time":"2023-09-08T07:40:07+00:00","og_image":[{"width":892,"height":496,"url":"https:\/\/mailcommsgroup.com\/wp-content\/uploads\/2016\/02\/Conversar-con-sus-clientes-marketingdirecto.com_.jpg","type":"image\/jpeg"}],"author":"Victoria Garcia","twitter_card":"summary_large_image","twitter_creator":"@CommsCustomer","twitter_site":"@CommsCustomer","twitter_misc":{"Escrito por":"Victoria Garcia","Tempo estimado de leitura":"7 minutos"},"schema":{"@context":"https:\/\/schema.org","@graph":[{"@type":"Article","@id":"https:\/\/mailcommsgroup.com\/pt\/blog\/falar-com-os-seus-clientes-nao-e-uma-opcao-mailteck-sabe-como-voce-pode-ouvir\/#article","isPartOf":{"@id":"https:\/\/mailcommsgroup.com\/pt\/blog\/falar-com-os-seus-clientes-nao-e-uma-opcao-mailteck-sabe-como-voce-pode-ouvir\/"},"author":{"name":"Victoria Garcia","@id":"https:\/\/mailcommsgroup.com\/pt\/#\/schema\/person\/f80f8b8ba697698a1f5872c674be0139"},"headline":"Falar com os seus clientes n\u00e3o \u00e9 uma op\u00e7\u00e3o e a MailtecK sabe como os ouvir.","datePublished":"2016-02-29T09:04:01+00:00","dateModified":"2023-09-08T07:40:07+00:00","mainEntityOfPage":{"@id":"https:\/\/mailcommsgroup.com\/pt\/blog\/falar-com-os-seus-clientes-nao-e-uma-opcao-mailteck-sabe-como-voce-pode-ouvir\/"},"wordCount":1351,"publisher":{"@id":"https:\/\/mailcommsgroup.com\/pt\/#organization"},"image":{"@id":"https:\/\/mailcommsgroup.com\/pt\/blog\/falar-com-os-seus-clientes-nao-e-uma-opcao-mailteck-sabe-como-voce-pode-ouvir\/#primaryimage"},"thumbnailUrl":"https:\/\/mailcommsgroup.com\/wp-content\/uploads\/2016\/02\/Conversar-con-sus-clientes-marketingdirecto.com_.jpg","articleSection":["Not\u00edcias da empresa"],"inLanguage":"pt-PT"},{"@type":"WebPage","@id":"https:\/\/mailcommsgroup.com\/pt\/blog\/falar-com-os-seus-clientes-nao-e-uma-opcao-mailteck-sabe-como-voce-pode-ouvir\/","url":"https:\/\/mailcommsgroup.com\/pt\/blog\/falar-com-os-seus-clientes-nao-e-uma-opcao-mailteck-sabe-como-voce-pode-ouvir\/","name":"Falar com os seus clientes n\u00e3o \u00e9 uma op\u00e7\u00e3o e a MailtecK sabe como os ouvir. - Mailcomms Group","isPartOf":{"@id":"https:\/\/mailcommsgroup.com\/pt\/#website"},"primaryImageOfPage":{"@id":"https:\/\/mailcommsgroup.com\/pt\/blog\/falar-com-os-seus-clientes-nao-e-uma-opcao-mailteck-sabe-como-voce-pode-ouvir\/#primaryimage"},"image":{"@id":"https:\/\/mailcommsgroup.com\/pt\/blog\/falar-com-os-seus-clientes-nao-e-uma-opcao-mailteck-sabe-como-voce-pode-ouvir\/#primaryimage"},"thumbnailUrl":"https:\/\/mailcommsgroup.com\/wp-content\/uploads\/2016\/02\/Conversar-con-sus-clientes-marketingdirecto.com_.jpg","datePublished":"2016-02-29T09:04:01+00:00","dateModified":"2023-09-08T07:40:07+00:00","breadcrumb":{"@id":"https:\/\/mailcommsgroup.com\/pt\/blog\/falar-com-os-seus-clientes-nao-e-uma-opcao-mailteck-sabe-como-voce-pode-ouvir\/#breadcrumb"},"inLanguage":"pt-PT","potentialAction":[{"@type":"ReadAction","target":["https:\/\/mailcommsgroup.com\/pt\/blog\/falar-com-os-seus-clientes-nao-e-uma-opcao-mailteck-sabe-como-voce-pode-ouvir\/"]}]},{"@type":"ImageObject","inLanguage":"pt-PT","@id":"https:\/\/mailcommsgroup.com\/pt\/blog\/falar-com-os-seus-clientes-nao-e-uma-opcao-mailteck-sabe-como-voce-pode-ouvir\/#primaryimage","url":"https:\/\/mailcommsgroup.com\/wp-content\/uploads\/2016\/02\/Conversar-con-sus-clientes-marketingdirecto.com_.jpg","contentUrl":"https:\/\/mailcommsgroup.com\/wp-content\/uploads\/2016\/02\/Conversar-con-sus-clientes-marketingdirecto.com_.jpg","width":892,"height":496,"caption":"marketingdirecto"},{"@type":"BreadcrumbList","@id":"https:\/\/mailcommsgroup.com\/pt\/blog\/falar-com-os-seus-clientes-nao-e-uma-opcao-mailteck-sabe-como-voce-pode-ouvir\/#breadcrumb","itemListElement":[{"@type":"ListItem","position":1,"name":"Mailcomms Group","item":"https:\/\/mailcommsgroup.com\/pt\/"},{"@type":"ListItem","position":2,"name":"Blogue","item":"https:\/\/mailcommsgroup.com\/pt\/blog\/"},{"@type":"ListItem","position":3,"name":"Falar com os seus clientes n\u00e3o \u00e9 uma op\u00e7\u00e3o e a MailtecK sabe como os ouvir."}]},{"@type":"WebSite","@id":"https:\/\/mailcommsgroup.com\/pt\/#website","url":"https:\/\/mailcommsgroup.com\/pt\/","name":"MailComms Group","description":"La transformaci\u00f3n digital a trav\u00e9s de la comunicaci\u00f3n omnicanal, con plena validez legal.","publisher":{"@id":"https:\/\/mailcommsgroup.com\/pt\/#organization"},"alternateName":"MailComms Group","potentialAction":[{"@type":"SearchAction","target":{"@type":"EntryPoint","urlTemplate":"https:\/\/mailcommsgroup.com\/pt\/?s={search_term_string}"},"query-input":{"@type":"PropertyValueSpecification","valueRequired":true,"valueName":"search_term_string"}}],"inLanguage":"pt-PT"},{"@type":"Organization","@id":"https:\/\/mailcommsgroup.com\/pt\/#organization","name":"MailComms Group - Soluciones de comunicaci\u00f3n omnicanal con validez legal.","alternateName":"MailComms Group","url":"https:\/\/mailcommsgroup.com\/pt\/","logo":{"@type":"ImageObject","inLanguage":"pt-PT","@id":"https:\/\/mailcommsgroup.com\/pt\/#\/schema\/logo\/image\/","url":"https:\/\/mailcommsgroup.com\/wp-content\/uploads\/2023\/05\/icon_mini_mailcommsgroup.png","contentUrl":"https:\/\/mailcommsgroup.com\/wp-content\/uploads\/2023\/05\/icon_mini_mailcommsgroup.png","width":512,"height":512,"caption":"MailComms Group - Soluciones de comunicaci\u00f3n omnicanal con validez legal."},"image":{"@id":"https:\/\/mailcommsgroup.com\/pt\/#\/schema\/logo\/image\/"},"sameAs":["https:\/\/x.com\/CommsCustomer","https:\/\/www.linkedin.com\/company\/customercomms\/","https:\/\/www.youtube.com\/channel\/UCtvYLee1QHy89JS2-gMgnTQ"]},{"@type":"Person","@id":"https:\/\/mailcommsgroup.com\/pt\/#\/schema\/person\/f80f8b8ba697698a1f5872c674be0139","name":"Victoria Garcia","image":{"@type":"ImageObject","inLanguage":"pt-PT","@id":"https:\/\/secure.gravatar.com\/avatar\/84a2f1c42bc546dc20404b985f989aa0d0d7df03277d89aaa5d33a95b108a9b1?s=96&d=mm&r=g","url":"https:\/\/secure.gravatar.com\/avatar\/84a2f1c42bc546dc20404b985f989aa0d0d7df03277d89aaa5d33a95b108a9b1?s=96&d=mm&r=g","contentUrl":"https:\/\/secure.gravatar.com\/avatar\/84a2f1c42bc546dc20404b985f989aa0d0d7df03277d89aaa5d33a95b108a9b1?s=96&d=mm&r=g","caption":"Victoria Garcia"},"url":"https:\/\/mailcommsgroup.com\/pt\/blog\/author\/v_garcia\/"}]}},"_links":{"self":[{"href":"https:\/\/mailcommsgroup.com\/pt\/wp-json\/wp\/v2\/posts\/22382","targetHints":{"allow":["GET"]}}],"collection":[{"href":"https:\/\/mailcommsgroup.com\/pt\/wp-json\/wp\/v2\/posts"}],"about":[{"href":"https:\/\/mailcommsgroup.com\/pt\/wp-json\/wp\/v2\/types\/post"}],"author":[{"embeddable":true,"href":"https:\/\/mailcommsgroup.com\/pt\/wp-json\/wp\/v2\/users\/7"}],"replies":[{"embeddable":true,"href":"https:\/\/mailcommsgroup.com\/pt\/wp-json\/wp\/v2\/comments?post=22382"}],"version-history":[{"count":1,"href":"https:\/\/mailcommsgroup.com\/pt\/wp-json\/wp\/v2\/posts\/22382\/revisions"}],"predecessor-version":[{"id":22408,"href":"https:\/\/mailcommsgroup.com\/pt\/wp-json\/wp\/v2\/posts\/22382\/revisions\/22408"}],"wp:featuredmedia":[{"embeddable":true,"href":"https:\/\/mailcommsgroup.com\/pt\/wp-json\/wp\/v2\/media\/19337"}],"wp:attachment":[{"href":"https:\/\/mailcommsgroup.com\/pt\/wp-json\/wp\/v2\/media?parent=22382"}],"wp:term":[{"taxonomy":"category","embeddable":true,"href":"https:\/\/mailcommsgroup.com\/pt\/wp-json\/wp\/v2\/categories?post=22382"}],"curies":[{"name":"wp","href":"https:\/\/api.w.org\/{rel}","templated":true}]}}