{"id":21872,"date":"2021-02-04T19:35:30","date_gmt":"2021-02-04T18:35:30","guid":{"rendered":"https:\/\/mailcommsgroup.com\/blog\/teresa-arandilla-direcciona-a-estrategia-comercial-da-comunicacao-juridica-dos-comunicadores-clientes\/"},"modified":"2023-09-08T09:36:58","modified_gmt":"2023-09-08T07:36:58","slug":"teresa-arandilla-direcciona-a-estrategia-comercial-da-comunicacao-juridica-dos-comunicadores-clientes","status":"publish","type":"post","link":"https:\/\/mailcommsgroup.com\/pt\/blog\/teresa-arandilla-direcciona-a-estrategia-comercial-da-comunicacao-juridica-dos-comunicadores-clientes\/","title":{"rendered":"Teresa Arandilla vai chefiar a estrat\u00e9gia empresarial de Comunica\u00e7\u00f5es Jur\u00eddicas da Customer Comms"},"content":{"rendered":"<div class=\"wpb-content-wrapper\"><p>[vc_row type=&#8221;grid&#8221;][vc_column dp_animation=&#8221;&#8221;][vc_single_image image=&#8221;6034&#8243; img_size=&#8221;full&#8221;][vc_column_text dp_animation=&#8221;&#8221;]<\/p>\n<h2>O gestor, licenciado em Ci\u00eancias Empresariais, com MBA da IE Business School e Mestrado em Com\u00e9rcio Internacional, gerir\u00e1 a estrat\u00e9gia comercial da \u00e1rea, analisar\u00e1 o mercado em busca de novas oportunidades de neg\u00f3cio e estar\u00e1 em permanente di\u00e1logo com os nossos clientes para compreender as suas necessidades e oferecer-lhes as solu\u00e7\u00f5es mais adequadas a cada caso.<\/h2>\n<p>Teresa Arandilla traz para a Customer Comms <b>mais de 20 anos de experi\u00eancia em Gest\u00e3o Comercial, gerindo equipas em empresas dos sectores das TI e das Telecomunica\u00e7\u00f5es<\/b>. Ocupou tamb\u00e9m cargos semelhantes em empresas multinacionais de BPO (Business Process Outsourcing) como a Capgemini, a Bertelsmann e a Grant Thornton. Ao longo destas duas d\u00e9cadas, o novo diretor tem acompanhado empresas de \u00e1reas como a banca, seguros, <i>utilities<\/i>, log\u00edstica, retalho e servi\u00e7os, entre outras, nos seus processos de transforma\u00e7\u00e3o digital atrav\u00e9s da integra\u00e7\u00e3o de solu\u00e7\u00f5es tecnol\u00f3gicas, outsourcing de servi\u00e7os e vendas consultivas.<\/p>\n<blockquote><p>&#8220;Estou a entrar nesta nova etapa da minha carreira com entusiasmo e empenho em desenvolver a linha de neg\u00f3cio de comunica\u00e7\u00f5es jur\u00eddicas, trabalhando com grandes profissionais e numa empresa com um historial de sucesso na gest\u00e3o da transforma\u00e7\u00e3o digital de comunica\u00e7\u00f5es multicanais para grandes clientes&#8221;, explicou Teresa. &#8220;O Grupo MailTecK &amp; Customer Comms conseguiu desenvolver uma oferta de produtos diferenciada, muito orientada para o cliente e em constante adapta\u00e7\u00e3o \u00e0s tend\u00eancias do mercado e aos avan\u00e7os tecnol\u00f3gicos. Estou muito motivado por fazer parte deste projeto e contribuir para a sua evolu\u00e7\u00e3o&#8221;.<\/p><\/blockquote>\n<p style=\"margin-top: 30px;\"><b>As comunica\u00e7\u00f5es multicanais legalmente v\u00e1lidas s\u00e3o fundamentais para a implementa\u00e7\u00e3o de uma transforma\u00e7\u00e3o digital<\/b> bem sucedida em sectores como o financeiro, os seguros, as telecomunica\u00e7\u00f5es e a energia, entre outros. Teresa Arandilla desempenhar\u00e1 um papel fundamental na moderniza\u00e7\u00e3o e competitividade das empresas l\u00edderes, representativas do tecido econ\u00f3mico nacional.<\/p>\n<p>[\/vc_column_text][\/vc_column][\/vc_row]<\/p>\n<\/div>","protected":false},"excerpt":{"rendered":"<p>A Customer Comms, pertencente ao grupo MailTecK &amp; Customer Comms, nomeou Teresa Arandilla como nova directora comercial da sua \u00e1rea de Comunica\u00e7\u00f5es Jur\u00eddicas, um dos principais pilares da atividade da empresa.  <\/p>\n","protected":false},"author":1,"featured_media":19224,"comment_status":"closed","ping_status":"closed","sticky":false,"template":"","format":"standard","meta":{"_acf_changed":false,"footnotes":""},"categories":[499],"class_list":["post-21872","post","type-post","status-publish","format-standard","has-post-thumbnail","hentry","category-noticias-da-empresa"],"acf":[],"yoast_head":"<!-- This site is optimized with the Yoast SEO plugin v27.2 - https:\/\/yoast.com\/product\/yoast-seo-wordpress\/ -->\n<title>Teresa Arandilla, Dtra. de estrat\u00e9gia empresarial de comunica\u00e7\u00e3o Jur\u00eddica<\/title>\n<meta name=\"description\" content=\"Teresa Arandilla, mais de 20 anos de experi\u00eancia em Gest\u00e3o Comercial gerindo equipas em empresas de TI e Telecomunica\u00e7\u00f5es.\" \/>\n<meta name=\"robots\" content=\"index, follow, max-snippet:-1, max-image-preview:large, max-video-preview:-1\" \/>\n<link rel=\"canonical\" href=\"https:\/\/mailcommsgroup.com\/pt\/blog\/teresa-arandilla-direcciona-a-estrategia-comercial-da-comunicacao-juridica-dos-comunicadores-clientes\/\" \/>\n<meta property=\"og:locale\" content=\"pt_PT\" \/>\n<meta property=\"og:type\" content=\"article\" \/>\n<meta property=\"og:title\" content=\"Teresa Arandilla, Dtra. de estrat\u00e9gia empresarial de comunica\u00e7\u00e3o Jur\u00eddica\" \/>\n<meta property=\"og:description\" content=\"Teresa Arandilla, mais de 20 anos de experi\u00eancia em Gest\u00e3o Comercial gerindo equipas em empresas de TI e Telecomunica\u00e7\u00f5es.\" \/>\n<meta property=\"og:url\" content=\"https:\/\/mailcommsgroup.com\/pt\/blog\/teresa-arandilla-direcciona-a-estrategia-comercial-da-comunicacao-juridica-dos-comunicadores-clientes\/\" \/>\n<meta property=\"og:site_name\" content=\"Mailcomms Group\" \/>\n<meta property=\"article:published_time\" content=\"2021-02-04T18:35:30+00:00\" \/>\n<meta property=\"article:modified_time\" content=\"2023-09-08T07:36:58+00:00\" \/>\n<meta property=\"og:image\" content=\"https:\/\/mailcommsgroup.com\/wp-content\/uploads\/2021\/03\/Teresa-Arandilla-Customer-Comms.jpg\" \/>\n\t<meta property=\"og:image:width\" content=\"892\" \/>\n\t<meta property=\"og:image:height\" content=\"623\" \/>\n\t<meta property=\"og:image:type\" content=\"image\/jpeg\" \/>\n<meta name=\"author\" content=\"Mailcomms Group\" \/>\n<meta name=\"twitter:card\" content=\"summary_large_image\" \/>\n<meta name=\"twitter:title\" content=\"11\" \/>\n<meta name=\"twitter:creator\" content=\"@CommsCustomer\" \/>\n<meta name=\"twitter:site\" content=\"@CommsCustomer\" \/>\n<meta name=\"twitter:label1\" content=\"Escrito por\" \/>\n\t<meta name=\"twitter:data1\" content=\"Mailcomms Group\" \/>\n\t<meta name=\"twitter:label2\" content=\"Tempo estimado de leitura\" \/>\n\t<meta name=\"twitter:data2\" content=\"2 minutos\" \/>\n<script type=\"application\/ld+json\" class=\"yoast-schema-graph\">{\"@context\":\"https:\/\/schema.org\",\"@graph\":[{\"@type\":\"Article\",\"@id\":\"https:\/\/mailcommsgroup.com\/pt\/blog\/teresa-arandilla-direcciona-a-estrategia-comercial-da-comunicacao-juridica-dos-comunicadores-clientes\/#article\",\"isPartOf\":{\"@id\":\"https:\/\/mailcommsgroup.com\/pt\/blog\/teresa-arandilla-direcciona-a-estrategia-comercial-da-comunicacao-juridica-dos-comunicadores-clientes\/\"},\"author\":{\"name\":\"Mailcomms Group\",\"@id\":\"https:\/\/mailcommsgroup.com\/pt\/#\/schema\/person\/c3a3ecfc795ade78319e6b1af9d65684\"},\"headline\":\"Teresa Arandilla vai chefiar a estrat\u00e9gia empresarial de Comunica\u00e7\u00f5es Jur\u00eddicas da Customer Comms\",\"datePublished\":\"2021-02-04T18:35:30+00:00\",\"dateModified\":\"2023-09-08T07:36:58+00:00\",\"mainEntityOfPage\":{\"@id\":\"https:\/\/mailcommsgroup.com\/pt\/blog\/teresa-arandilla-direcciona-a-estrategia-comercial-da-comunicacao-juridica-dos-comunicadores-clientes\/\"},\"wordCount\":366,\"publisher\":{\"@id\":\"https:\/\/mailcommsgroup.com\/pt\/#organization\"},\"image\":{\"@id\":\"https:\/\/mailcommsgroup.com\/pt\/blog\/teresa-arandilla-direcciona-a-estrategia-comercial-da-comunicacao-juridica-dos-comunicadores-clientes\/#primaryimage\"},\"thumbnailUrl\":\"https:\/\/mailcommsgroup.com\/wp-content\/uploads\/2021\/03\/Teresa-Arandilla-Customer-Comms.jpg\",\"articleSection\":[\"Not\u00edcias da empresa\"],\"inLanguage\":\"pt-PT\"},{\"@type\":\"WebPage\",\"@id\":\"https:\/\/mailcommsgroup.com\/pt\/blog\/teresa-arandilla-direcciona-a-estrategia-comercial-da-comunicacao-juridica-dos-comunicadores-clientes\/\",\"url\":\"https:\/\/mailcommsgroup.com\/pt\/blog\/teresa-arandilla-direcciona-a-estrategia-comercial-da-comunicacao-juridica-dos-comunicadores-clientes\/\",\"name\":\"Teresa Arandilla, Dtra. de estrat\u00e9gia empresarial de comunica\u00e7\u00e3o Jur\u00eddica\",\"isPartOf\":{\"@id\":\"https:\/\/mailcommsgroup.com\/pt\/#website\"},\"primaryImageOfPage\":{\"@id\":\"https:\/\/mailcommsgroup.com\/pt\/blog\/teresa-arandilla-direcciona-a-estrategia-comercial-da-comunicacao-juridica-dos-comunicadores-clientes\/#primaryimage\"},\"image\":{\"@id\":\"https:\/\/mailcommsgroup.com\/pt\/blog\/teresa-arandilla-direcciona-a-estrategia-comercial-da-comunicacao-juridica-dos-comunicadores-clientes\/#primaryimage\"},\"thumbnailUrl\":\"https:\/\/mailcommsgroup.com\/wp-content\/uploads\/2021\/03\/Teresa-Arandilla-Customer-Comms.jpg\",\"datePublished\":\"2021-02-04T18:35:30+00:00\",\"dateModified\":\"2023-09-08T07:36:58+00:00\",\"description\":\"Teresa Arandilla, mais de 20 anos de experi\u00eancia em Gest\u00e3o Comercial gerindo equipas em empresas de TI e Telecomunica\u00e7\u00f5es.\",\"breadcrumb\":{\"@id\":\"https:\/\/mailcommsgroup.com\/pt\/blog\/teresa-arandilla-direcciona-a-estrategia-comercial-da-comunicacao-juridica-dos-comunicadores-clientes\/#breadcrumb\"},\"inLanguage\":\"pt-PT\",\"potentialAction\":[{\"@type\":\"ReadAction\",\"target\":[\"https:\/\/mailcommsgroup.com\/pt\/blog\/teresa-arandilla-direcciona-a-estrategia-comercial-da-comunicacao-juridica-dos-comunicadores-clientes\/\"]}]},{\"@type\":\"ImageObject\",\"inLanguage\":\"pt-PT\",\"@id\":\"https:\/\/mailcommsgroup.com\/pt\/blog\/teresa-arandilla-direcciona-a-estrategia-comercial-da-comunicacao-juridica-dos-comunicadores-clientes\/#primaryimage\",\"url\":\"https:\/\/mailcommsgroup.com\/wp-content\/uploads\/2021\/03\/Teresa-Arandilla-Customer-Comms.jpg\",\"contentUrl\":\"https:\/\/mailcommsgroup.com\/wp-content\/uploads\/2021\/03\/Teresa-Arandilla-Customer-Comms.jpg\",\"width\":892,\"height\":623},{\"@type\":\"BreadcrumbList\",\"@id\":\"https:\/\/mailcommsgroup.com\/pt\/blog\/teresa-arandilla-direcciona-a-estrategia-comercial-da-comunicacao-juridica-dos-comunicadores-clientes\/#breadcrumb\",\"itemListElement\":[{\"@type\":\"ListItem\",\"position\":1,\"name\":\"Mailcomms Group\",\"item\":\"https:\/\/mailcommsgroup.com\/pt\/\"},{\"@type\":\"ListItem\",\"position\":2,\"name\":\"Blogue\",\"item\":\"https:\/\/mailcommsgroup.com\/pt\/blog\/\"},{\"@type\":\"ListItem\",\"position\":3,\"name\":\"Teresa Arandilla vai chefiar a estrat\u00e9gia empresarial de Comunica\u00e7\u00f5es Jur\u00eddicas da Customer Comms\"}]},{\"@type\":\"WebSite\",\"@id\":\"https:\/\/mailcommsgroup.com\/pt\/#website\",\"url\":\"https:\/\/mailcommsgroup.com\/pt\/\",\"name\":\"MailComms Group\",\"description\":\"La transformaci\u00f3n digital a trav\u00e9s de la comunicaci\u00f3n omnicanal, con plena validez legal.\",\"publisher\":{\"@id\":\"https:\/\/mailcommsgroup.com\/pt\/#organization\"},\"alternateName\":\"MailComms Group\",\"potentialAction\":[{\"@type\":\"SearchAction\",\"target\":{\"@type\":\"EntryPoint\",\"urlTemplate\":\"https:\/\/mailcommsgroup.com\/pt\/?s={search_term_string}\"},\"query-input\":{\"@type\":\"PropertyValueSpecification\",\"valueRequired\":true,\"valueName\":\"search_term_string\"}}],\"inLanguage\":\"pt-PT\"},{\"@type\":\"Organization\",\"@id\":\"https:\/\/mailcommsgroup.com\/pt\/#organization\",\"name\":\"MailComms Group - Soluciones de comunicaci\u00f3n omnicanal con validez legal.\",\"alternateName\":\"MailComms Group\",\"url\":\"https:\/\/mailcommsgroup.com\/pt\/\",\"logo\":{\"@type\":\"ImageObject\",\"inLanguage\":\"pt-PT\",\"@id\":\"https:\/\/mailcommsgroup.com\/pt\/#\/schema\/logo\/image\/\",\"url\":\"https:\/\/mailcommsgroup.com\/wp-content\/uploads\/2023\/05\/icon_mini_mailcommsgroup.png\",\"contentUrl\":\"https:\/\/mailcommsgroup.com\/wp-content\/uploads\/2023\/05\/icon_mini_mailcommsgroup.png\",\"width\":512,\"height\":512,\"caption\":\"MailComms Group - Soluciones de comunicaci\u00f3n omnicanal con validez legal.\"},\"image\":{\"@id\":\"https:\/\/mailcommsgroup.com\/pt\/#\/schema\/logo\/image\/\"},\"sameAs\":[\"https:\/\/x.com\/CommsCustomer\",\"https:\/\/www.linkedin.com\/company\/customercomms\/\",\"https:\/\/www.youtube.com\/channel\/UCtvYLee1QHy89JS2-gMgnTQ\"]},{\"@type\":\"Person\",\"@id\":\"https:\/\/mailcommsgroup.com\/pt\/#\/schema\/person\/c3a3ecfc795ade78319e6b1af9d65684\",\"name\":\"Mailcomms Group\",\"image\":{\"@type\":\"ImageObject\",\"inLanguage\":\"pt-PT\",\"@id\":\"https:\/\/secure.gravatar.com\/avatar\/f4012bdfd3c1190166ba510602a508ab2a504cafc93cf37f0c8cbdc54e85846a?s=96&d=mm&r=g\",\"url\":\"https:\/\/secure.gravatar.com\/avatar\/f4012bdfd3c1190166ba510602a508ab2a504cafc93cf37f0c8cbdc54e85846a?s=96&d=mm&r=g\",\"contentUrl\":\"https:\/\/secure.gravatar.com\/avatar\/f4012bdfd3c1190166ba510602a508ab2a504cafc93cf37f0c8cbdc54e85846a?s=96&d=mm&r=g\",\"caption\":\"Mailcomms Group\"},\"sameAs\":[\"https:\/\/mailcommsgroup.com\"],\"url\":\"https:\/\/mailcommsgroup.com\/pt\/blog\/author\/ntrwrks_ccmms\/\"}]}<\/script>\n<!-- \/ Yoast SEO plugin. -->","yoast_head_json":{"title":"Teresa Arandilla, Dtra. de estrat\u00e9gia empresarial de comunica\u00e7\u00e3o Jur\u00eddica","description":"Teresa Arandilla, mais de 20 anos de experi\u00eancia em Gest\u00e3o Comercial gerindo equipas em empresas de TI e Telecomunica\u00e7\u00f5es.","robots":{"index":"index","follow":"follow","max-snippet":"max-snippet:-1","max-image-preview":"max-image-preview:large","max-video-preview":"max-video-preview:-1"},"canonical":"https:\/\/mailcommsgroup.com\/pt\/blog\/teresa-arandilla-direcciona-a-estrategia-comercial-da-comunicacao-juridica-dos-comunicadores-clientes\/","og_locale":"pt_PT","og_type":"article","og_title":"Teresa Arandilla, Dtra. de estrat\u00e9gia empresarial de comunica\u00e7\u00e3o Jur\u00eddica","og_description":"Teresa Arandilla, mais de 20 anos de experi\u00eancia em Gest\u00e3o Comercial gerindo equipas em empresas de TI e Telecomunica\u00e7\u00f5es.","og_url":"https:\/\/mailcommsgroup.com\/pt\/blog\/teresa-arandilla-direcciona-a-estrategia-comercial-da-comunicacao-juridica-dos-comunicadores-clientes\/","og_site_name":"Mailcomms Group","article_published_time":"2021-02-04T18:35:30+00:00","article_modified_time":"2023-09-08T07:36:58+00:00","og_image":[{"width":892,"height":623,"url":"https:\/\/mailcommsgroup.com\/wp-content\/uploads\/2021\/03\/Teresa-Arandilla-Customer-Comms.jpg","type":"image\/jpeg"}],"author":"Mailcomms Group","twitter_card":"summary_large_image","twitter_title":"11","twitter_creator":"@CommsCustomer","twitter_site":"@CommsCustomer","twitter_misc":{"Escrito por":"Mailcomms Group","Tempo estimado de leitura":"2 minutos"},"schema":{"@context":"https:\/\/schema.org","@graph":[{"@type":"Article","@id":"https:\/\/mailcommsgroup.com\/pt\/blog\/teresa-arandilla-direcciona-a-estrategia-comercial-da-comunicacao-juridica-dos-comunicadores-clientes\/#article","isPartOf":{"@id":"https:\/\/mailcommsgroup.com\/pt\/blog\/teresa-arandilla-direcciona-a-estrategia-comercial-da-comunicacao-juridica-dos-comunicadores-clientes\/"},"author":{"name":"Mailcomms Group","@id":"https:\/\/mailcommsgroup.com\/pt\/#\/schema\/person\/c3a3ecfc795ade78319e6b1af9d65684"},"headline":"Teresa Arandilla vai chefiar a estrat\u00e9gia empresarial de Comunica\u00e7\u00f5es Jur\u00eddicas da Customer Comms","datePublished":"2021-02-04T18:35:30+00:00","dateModified":"2023-09-08T07:36:58+00:00","mainEntityOfPage":{"@id":"https:\/\/mailcommsgroup.com\/pt\/blog\/teresa-arandilla-direcciona-a-estrategia-comercial-da-comunicacao-juridica-dos-comunicadores-clientes\/"},"wordCount":366,"publisher":{"@id":"https:\/\/mailcommsgroup.com\/pt\/#organization"},"image":{"@id":"https:\/\/mailcommsgroup.com\/pt\/blog\/teresa-arandilla-direcciona-a-estrategia-comercial-da-comunicacao-juridica-dos-comunicadores-clientes\/#primaryimage"},"thumbnailUrl":"https:\/\/mailcommsgroup.com\/wp-content\/uploads\/2021\/03\/Teresa-Arandilla-Customer-Comms.jpg","articleSection":["Not\u00edcias da empresa"],"inLanguage":"pt-PT"},{"@type":"WebPage","@id":"https:\/\/mailcommsgroup.com\/pt\/blog\/teresa-arandilla-direcciona-a-estrategia-comercial-da-comunicacao-juridica-dos-comunicadores-clientes\/","url":"https:\/\/mailcommsgroup.com\/pt\/blog\/teresa-arandilla-direcciona-a-estrategia-comercial-da-comunicacao-juridica-dos-comunicadores-clientes\/","name":"Teresa Arandilla, Dtra. de estrat\u00e9gia empresarial de comunica\u00e7\u00e3o Jur\u00eddica","isPartOf":{"@id":"https:\/\/mailcommsgroup.com\/pt\/#website"},"primaryImageOfPage":{"@id":"https:\/\/mailcommsgroup.com\/pt\/blog\/teresa-arandilla-direcciona-a-estrategia-comercial-da-comunicacao-juridica-dos-comunicadores-clientes\/#primaryimage"},"image":{"@id":"https:\/\/mailcommsgroup.com\/pt\/blog\/teresa-arandilla-direcciona-a-estrategia-comercial-da-comunicacao-juridica-dos-comunicadores-clientes\/#primaryimage"},"thumbnailUrl":"https:\/\/mailcommsgroup.com\/wp-content\/uploads\/2021\/03\/Teresa-Arandilla-Customer-Comms.jpg","datePublished":"2021-02-04T18:35:30+00:00","dateModified":"2023-09-08T07:36:58+00:00","description":"Teresa Arandilla, mais de 20 anos de experi\u00eancia em Gest\u00e3o Comercial gerindo equipas em empresas de TI e Telecomunica\u00e7\u00f5es.","breadcrumb":{"@id":"https:\/\/mailcommsgroup.com\/pt\/blog\/teresa-arandilla-direcciona-a-estrategia-comercial-da-comunicacao-juridica-dos-comunicadores-clientes\/#breadcrumb"},"inLanguage":"pt-PT","potentialAction":[{"@type":"ReadAction","target":["https:\/\/mailcommsgroup.com\/pt\/blog\/teresa-arandilla-direcciona-a-estrategia-comercial-da-comunicacao-juridica-dos-comunicadores-clientes\/"]}]},{"@type":"ImageObject","inLanguage":"pt-PT","@id":"https:\/\/mailcommsgroup.com\/pt\/blog\/teresa-arandilla-direcciona-a-estrategia-comercial-da-comunicacao-juridica-dos-comunicadores-clientes\/#primaryimage","url":"https:\/\/mailcommsgroup.com\/wp-content\/uploads\/2021\/03\/Teresa-Arandilla-Customer-Comms.jpg","contentUrl":"https:\/\/mailcommsgroup.com\/wp-content\/uploads\/2021\/03\/Teresa-Arandilla-Customer-Comms.jpg","width":892,"height":623},{"@type":"BreadcrumbList","@id":"https:\/\/mailcommsgroup.com\/pt\/blog\/teresa-arandilla-direcciona-a-estrategia-comercial-da-comunicacao-juridica-dos-comunicadores-clientes\/#breadcrumb","itemListElement":[{"@type":"ListItem","position":1,"name":"Mailcomms Group","item":"https:\/\/mailcommsgroup.com\/pt\/"},{"@type":"ListItem","position":2,"name":"Blogue","item":"https:\/\/mailcommsgroup.com\/pt\/blog\/"},{"@type":"ListItem","position":3,"name":"Teresa Arandilla vai chefiar a estrat\u00e9gia empresarial de Comunica\u00e7\u00f5es Jur\u00eddicas da Customer Comms"}]},{"@type":"WebSite","@id":"https:\/\/mailcommsgroup.com\/pt\/#website","url":"https:\/\/mailcommsgroup.com\/pt\/","name":"MailComms Group","description":"La transformaci\u00f3n digital a trav\u00e9s de la comunicaci\u00f3n omnicanal, con plena validez legal.","publisher":{"@id":"https:\/\/mailcommsgroup.com\/pt\/#organization"},"alternateName":"MailComms Group","potentialAction":[{"@type":"SearchAction","target":{"@type":"EntryPoint","urlTemplate":"https:\/\/mailcommsgroup.com\/pt\/?s={search_term_string}"},"query-input":{"@type":"PropertyValueSpecification","valueRequired":true,"valueName":"search_term_string"}}],"inLanguage":"pt-PT"},{"@type":"Organization","@id":"https:\/\/mailcommsgroup.com\/pt\/#organization","name":"MailComms Group - Soluciones de comunicaci\u00f3n omnicanal con validez legal.","alternateName":"MailComms Group","url":"https:\/\/mailcommsgroup.com\/pt\/","logo":{"@type":"ImageObject","inLanguage":"pt-PT","@id":"https:\/\/mailcommsgroup.com\/pt\/#\/schema\/logo\/image\/","url":"https:\/\/mailcommsgroup.com\/wp-content\/uploads\/2023\/05\/icon_mini_mailcommsgroup.png","contentUrl":"https:\/\/mailcommsgroup.com\/wp-content\/uploads\/2023\/05\/icon_mini_mailcommsgroup.png","width":512,"height":512,"caption":"MailComms Group - Soluciones de comunicaci\u00f3n omnicanal con validez legal."},"image":{"@id":"https:\/\/mailcommsgroup.com\/pt\/#\/schema\/logo\/image\/"},"sameAs":["https:\/\/x.com\/CommsCustomer","https:\/\/www.linkedin.com\/company\/customercomms\/","https:\/\/www.youtube.com\/channel\/UCtvYLee1QHy89JS2-gMgnTQ"]},{"@type":"Person","@id":"https:\/\/mailcommsgroup.com\/pt\/#\/schema\/person\/c3a3ecfc795ade78319e6b1af9d65684","name":"Mailcomms Group","image":{"@type":"ImageObject","inLanguage":"pt-PT","@id":"https:\/\/secure.gravatar.com\/avatar\/f4012bdfd3c1190166ba510602a508ab2a504cafc93cf37f0c8cbdc54e85846a?s=96&d=mm&r=g","url":"https:\/\/secure.gravatar.com\/avatar\/f4012bdfd3c1190166ba510602a508ab2a504cafc93cf37f0c8cbdc54e85846a?s=96&d=mm&r=g","contentUrl":"https:\/\/secure.gravatar.com\/avatar\/f4012bdfd3c1190166ba510602a508ab2a504cafc93cf37f0c8cbdc54e85846a?s=96&d=mm&r=g","caption":"Mailcomms Group"},"sameAs":["https:\/\/mailcommsgroup.com"],"url":"https:\/\/mailcommsgroup.com\/pt\/blog\/author\/ntrwrks_ccmms\/"}]}},"_links":{"self":[{"href":"https:\/\/mailcommsgroup.com\/pt\/wp-json\/wp\/v2\/posts\/21872","targetHints":{"allow":["GET"]}}],"collection":[{"href":"https:\/\/mailcommsgroup.com\/pt\/wp-json\/wp\/v2\/posts"}],"about":[{"href":"https:\/\/mailcommsgroup.com\/pt\/wp-json\/wp\/v2\/types\/post"}],"author":[{"embeddable":true,"href":"https:\/\/mailcommsgroup.com\/pt\/wp-json\/wp\/v2\/users\/1"}],"replies":[{"embeddable":true,"href":"https:\/\/mailcommsgroup.com\/pt\/wp-json\/wp\/v2\/comments?post=21872"}],"version-history":[{"count":1,"href":"https:\/\/mailcommsgroup.com\/pt\/wp-json\/wp\/v2\/posts\/21872\/revisions"}],"predecessor-version":[{"id":21892,"href":"https:\/\/mailcommsgroup.com\/pt\/wp-json\/wp\/v2\/posts\/21872\/revisions\/21892"}],"wp:featuredmedia":[{"embeddable":true,"href":"https:\/\/mailcommsgroup.com\/pt\/wp-json\/wp\/v2\/media\/19224"}],"wp:attachment":[{"href":"https:\/\/mailcommsgroup.com\/pt\/wp-json\/wp\/v2\/media?parent=21872"}],"wp:term":[{"taxonomy":"category","embeddable":true,"href":"https:\/\/mailcommsgroup.com\/pt\/wp-json\/wp\/v2\/categories?post=21872"}],"curies":[{"name":"wp","href":"https:\/\/api.w.org\/{rel}","templated":true}]}}