{"id":21306,"date":"2022-11-10T14:33:08","date_gmt":"2022-11-10T13:33:08","guid":{"rendered":"https:\/\/mailcommsgroup.com\/blog\/participamos-na-revolucao-dos-seguros-2022-e-convidamo-lo-a-juntar-se-a-nos\/"},"modified":"2023-09-20T16:59:52","modified_gmt":"2023-09-20T14:59:52","slug":"participamos-na-revolucao-dos-seguros-2022-e-convidamo-lo-a-juntar-se-a-nos","status":"publish","type":"post","link":"https:\/\/mailcommsgroup.com\/pt\/blog\/participamos-na-revolucao-dos-seguros-2022-e-convidamo-lo-a-juntar-se-a-nos\/","title":{"rendered":"Estamos a participar na Revolu\u00e7\u00e3o dos Seguros 2022 e convidamo-lo a juntar-se a n\u00f3s"},"content":{"rendered":"<div class=\"wpb-content-wrapper\"><p>[vc_row type=&#8221;grid&#8221; css=&#8221;.vc_custom_1658303954478{margin-top: 0px !important;padding-right: 0px !important;padding-bottom: 35px !important;padding-left: 0px !important;}&#8221;][vc_column dp_animation=&#8221;&#8221; css=&#8221;.vc_custom_1646912863207{padding-top: 0px !important;}&#8221;][vc_single_image image=&#8221;11739&#8243; img_size=&#8221;full&#8221;][\/vc_column][\/vc_row][vc_row type=&#8221;grid&#8221; css=&#8221;.vc_custom_1667912544284{margin-top: 0px !important;padding-right: 0px !important;padding-bottom: 25px !important;padding-left: 0px !important;}&#8221;][vc_column dp_animation=&#8221;&#8221; css=&#8221;.vc_custom_1646912863207{padding-top: 0px !important;}&#8221;][vc_empty_space height=&#8221;100px&#8221; el_id=&#8221;uno&#8221; css=&#8221;.vc_custom_1666180590409{margin-top: -100px !important;}&#8221;][vc_column_text css=&#8221;.vc_custom_1695221887762{padding-bottom: 0px !important;}&#8221;]O evento Insurance Revolution 2022, organizado pela iKN Espanha, ter\u00e1 lugar na ter\u00e7a-feira, 15 de novembro, no hotel Novotel de Madrid, sob o lema &#8220;Redesenhar o sector dos seguros, o impulso definitivo para a digitaliza\u00e7\u00e3o&#8221;. E na Customer Comms, como consultora tecnol\u00f3gica especializada na transforma\u00e7\u00e3o digital e como especialistas no sector dos seguros, n\u00e3o faltaremos ao evento.<\/p>\n<p>A nossa participa\u00e7\u00e3o na Revolu\u00e7\u00e3o dos Seguros 2022 ser\u00e1 tripla. Por um lado, somos um <em>patrocinador platina do<\/em> evento, juntamente com o nosso parceiro OneSpan. Teremos um stand para receber os profissionais que nos queiram visitar e trocar ideias, e <a href=\"https:\/\/www.linkedin.com\/in\/tarandilla\/\">Teresa Arandilla<\/a>, directora comercial da \u00e1rea de <a href=\"https:\/\/mailcommsgroup.com\/pt\/notificacoes-certificadas\/\">Comunica\u00e7\u00e3o Jur\u00eddica<\/a>, participar\u00e1 numa das mesas redondas do encontro.<\/p>\n<p>A mesa redonda centrar-se-\u00e1 no impacto da legisla\u00e7\u00e3o na comunica\u00e7\u00e3o das empresas com os tomadores de seguros. Luc\u00eda Cuadrado Mateos, da Santaluc\u00eda Seguros, e Alonso Hurtado Bueno, da Ecija, juntar-se-\u00e3o a Teresa Arandilla na conversa e contribuir\u00e3o com os seus pontos de vista qualificados para o debate.[\/vc_column_text][\/vc_column][\/vc_row][vc_row type=&#8221;grid&#8221; css=&#8221;.vc_custom_1667911983913{margin-top: 0px !important;padding-right: 0px !important;padding-bottom: 35px !important;padding-left: 0px !important;background-color: #f4f4f4 !important;border-radius: 10px !important;}&#8221;][vc_column dp_animation=&#8221;&#8221; css=&#8221;.vc_custom_1646912863207{padding-top: 0px !important;}&#8221;][vc_column_text css=&#8221;.vc_custom_1668093491071{padding-top: 30px !important;padding-right: 30px !important;padding-bottom: 5px !important;padding-left: 30px !important;}&#8221;]Eis todos os factos pr\u00e1ticos do debate:<\/p>\n<ul>\n<li><strong>Dia.<\/strong>  15 de novembro.<\/li>\n<li><strong>Tempo.<\/strong>  Das 13:00 \u00e0s 13:30.<\/li>\n<li><strong>Quarto.  <\/strong>N.\u00ba 1. Cliente e produto: o cliente j\u00e1 est\u00e1 no centro.<\/li>\n<li><strong>T\u00edtulo.  <\/strong>Estudo de caso. Legisla\u00e7\u00e3o vs Experi\u00eancia do Cliente: gerir processos de comunica\u00e7\u00e3o conformes atrav\u00e9s da otimiza\u00e7\u00e3o da experi\u00eancia do cliente<\/li>\n<\/ul>\n<p>Se \u00e9 um profissional do sector dos seguros, pode inscrever-se gratuitamente no evento. Caso contr\u00e1rio, consulte os pre\u00e7os dos bilhetes na p\u00e1gina de inscri\u00e7\u00e3o.[\/vc_column_text][vc_btn title=&#8221;REGISTO&#8221; style=&#8221;classic&#8221; shape=&#8221;round&#8221; color=&#8221;violet&#8221; align=&#8221;left&#8221; link=&#8221;url:https%3A%2F%2Fwww.insurancerevolution.es%2Finscripcion%2F|title:REGISTO|target:_blank|&#8221; el_class=&#8221;boton-blog&#8221; css=&#8221;.vc_custom_1668081765948{padding-left: 35px !important;}&#8221;][\/vc_column][\/vc_row][vc_row css=&#8221;.vc_custom_1667912334882{padding-top: 15px !important;}&#8221;][vc_column][vc_cta h2=&#8221;Vemo-nos na Revolu\u00e7\u00e3o dos Seguros?&#8221; h4=&#8221;Se precisar de mais informa\u00e7\u00f5es sobre o evento ou se quiser que nos encontremos consigo no local, deixe-nos os seus dados e entraremos em contacto consigo.&#8221;]\n<div class=\"wpcf7 no-js\" id=\"wpcf7-f22880-o1\" lang=\"pt-PT\" dir=\"ltr\" data-wpcf7-id=\"22880\">\n<div class=\"screen-reader-response\"><p role=\"status\" aria-live=\"polite\" aria-atomic=\"true\"><\/p> <ul><\/ul><\/div>\n<form action=\"\/pt\/wp-json\/wp\/v2\/posts\/21306#wpcf7-f22880-o1\" method=\"post\" class=\"wpcf7-form init\" aria-label=\"Formul\u00e1rio de contacto\" novalidate=\"novalidate\" data-status=\"init\">\n<fieldset class=\"hidden-fields-container\"><input type=\"hidden\" name=\"_wpcf7\" value=\"22880\" \/><input type=\"hidden\" name=\"_wpcf7_version\" value=\"6.1.5\" \/><input type=\"hidden\" name=\"_wpcf7_locale\" value=\"pt_PT\" \/><input type=\"hidden\" name=\"_wpcf7_unit_tag\" value=\"wpcf7-f22880-o1\" \/><input type=\"hidden\" name=\"_wpcf7_container_post\" value=\"0\" \/><input type=\"hidden\" name=\"_wpcf7_posted_data_hash\" value=\"\" \/><input type=\"hidden\" name=\"_wpcf7_recaptcha_response\" value=\"\" \/>\n<\/fieldset>\n<div class=\"col1-2 pd-10\">\n\t<p>Nome*<span class=\"wpcf7-form-control-wrap\" data-name=\"Nombre\"><input size=\"40\" maxlength=\"400\" class=\"wpcf7-form-control wpcf7-text wpcf7-validates-as-required\" aria-required=\"true\" aria-invalid=\"false\" value=\"\" type=\"text\" name=\"Nombre\" \/><\/span>\n\t<\/p>\n<\/div>\n<div class=\"col1-2 pd-10\">\n\t<p>Apelido*<span class=\"wpcf7-form-control-wrap\" data-name=\"Apellidos\"><input size=\"40\" maxlength=\"400\" class=\"wpcf7-form-control wpcf7-text wpcf7-validates-as-required\" aria-required=\"true\" aria-invalid=\"false\" value=\"\" type=\"text\" name=\"Apellidos\" \/><\/span>\n\t<\/p>\n<\/div>\n<div class=\"col1-2 pd-10\">\n\t<p>Endere\u00e7o de correio eletr\u00f3nico da empresa*<span class=\"wpcf7-form-control-wrap\" data-name=\"Email\"><input size=\"40\" maxlength=\"400\" class=\"wpcf7-form-control wpcf7-email wpcf7-validates-as-required wpcf7-text wpcf7-validates-as-email\" aria-required=\"true\" aria-invalid=\"false\" value=\"\" type=\"email\" name=\"Email\" \/><\/span>\n\t<\/p>\n<\/div>\n<div class=\"col1-2 pd-10\">\n\t<p>Telefone<span class=\"wpcf7-form-control-wrap\" data-name=\"Telefono\"><input size=\"40\" maxlength=\"400\" class=\"wpcf7-form-control wpcf7-tel wpcf7-text wpcf7-validates-as-tel\" aria-invalid=\"false\" value=\"\" type=\"tel\" name=\"Telefono\" \/><\/span>\n\t<\/p>\n<\/div>\n<div class=\"col1-1 pd-10\">\n\t<p><label class=\"checkbox-label\"><span>Concordo com o processamento dos meus dados pessoais para receber informa\u00e7\u00f5es de marketing de acordo com a nossa <a class=\"post entry-content\" href=\"https:\/\/mailcommsgroup.com\/politica-de-privacidad\/\" target=\"_blank\"><strong>pol\u00edtica de privacidade.<\/strong><\/a><\/span><span class=\"wpcf7-form-control-wrap\" data-name=\"conditions\"><span class=\"wpcf7-form-control wpcf7-checkbox wpcf7-validates-as-required\"><span class=\"wpcf7-list-item first last\"><input type=\"checkbox\" name=\"conditions[]\" value=\"1\" \/><span class=\"wpcf7-list-item-label\">1<\/span><\/span><\/span><\/span><\/label>\n\t<\/p>\n<\/div>\n<div class=\"col1-1 pd-10 submit-col\">\n\t<p><input class=\"wpcf7-form-control wpcf7-submit has-spinner\" type=\"submit\" value=\"Envia\" \/><br \/>\n<span class=\"wpcf7-form-control-wrap\" data-name=\"url\"><input size=\"40\" maxlength=\"400\" class=\"wpcf7-form-control wpcf7-text displaynone\" aria-invalid=\"false\" value=\"clientescomms.com\" type=\"text\" name=\"url\" \/><\/span>\n\t<\/p>\n<\/div><div class=\"wpcf7-response-output\" aria-hidden=\"true\"><\/div>\n<\/form>\n<\/div>\n[\/vc_cta][\/vc_column][\/vc_row]<\/p>\n<\/div>","protected":false},"excerpt":{"rendered":"<p>Na ter\u00e7a-feira, 15 de novembro, estaremos presentes na Insurance Revolution 2022, onde faremos parte de um painel de discuss\u00e3o sobre o impacto da legisla\u00e7\u00e3o na comunica\u00e7\u00e3o com os clientes. Trabalha no sector dos seguros? Venha e junte-se a n\u00f3s.<\/p>\n","protected":false},"author":1,"featured_media":20044,"comment_status":"closed","ping_status":"closed","sticky":false,"template":"","format":"standard","meta":{"_acf_changed":false,"footnotes":""},"categories":[499],"class_list":["post-21306","post","type-post","status-publish","format-standard","has-post-thumbnail","hentry","category-noticias-da-empresa"],"acf":[],"yoast_head":"<!-- This site is optimized with the Yoast SEO plugin v27.2 - https:\/\/yoast.com\/product\/yoast-seo-wordpress\/ -->\n<title>Estamos a participar na Revolu\u00e7\u00e3o dos Seguros 2022 e convidamo-lo a juntar-se a n\u00f3s<\/title>\n<meta name=\"description\" content=\"Na ter\u00e7a-feira, 15 de novembro, estaremos presentes na Revolu\u00e7\u00e3o dos Seguros 2022. Vemo-nos no nosso stand ou na mesa redonda sobre o impacto da legisla\u00e7\u00e3o na comunica\u00e7\u00e3o com os clientes.\" \/>\n<meta name=\"robots\" content=\"index, follow, max-snippet:-1, max-image-preview:large, max-video-preview:-1\" \/>\n<link rel=\"canonical\" href=\"https:\/\/mailcommsgroup.com\/pt\/blog\/participamos-na-revolucao-dos-seguros-2022-e-convidamo-lo-a-juntar-se-a-nos\/\" \/>\n<meta property=\"og:locale\" content=\"pt_PT\" \/>\n<meta property=\"og:type\" content=\"article\" \/>\n<meta property=\"og:title\" content=\"Estamos a participar na Revolu\u00e7\u00e3o dos Seguros 2022 e convidamo-lo a juntar-se a n\u00f3s\" \/>\n<meta property=\"og:description\" content=\"Na ter\u00e7a-feira, 15 de novembro, estaremos presentes na Revolu\u00e7\u00e3o dos Seguros 2022. Vemo-nos no nosso stand ou na mesa redonda sobre o impacto da legisla\u00e7\u00e3o na comunica\u00e7\u00e3o com os clientes.\" \/>\n<meta property=\"og:url\" content=\"https:\/\/mailcommsgroup.com\/pt\/blog\/participamos-na-revolucao-dos-seguros-2022-e-convidamo-lo-a-juntar-se-a-nos\/\" \/>\n<meta property=\"og:site_name\" content=\"Mailcomms Group\" \/>\n<meta property=\"article:published_time\" content=\"2022-11-10T13:33:08+00:00\" \/>\n<meta property=\"article:modified_time\" content=\"2023-09-20T14:59:52+00:00\" \/>\n<meta property=\"og:image\" content=\"https:\/\/mailcommsgroup.com\/wp-content\/uploads\/2022\/11\/Mailteck-CustomerComms_892x623_B.jpg\" \/>\n\t<meta property=\"og:image:width\" content=\"892\" \/>\n\t<meta property=\"og:image:height\" content=\"623\" \/>\n\t<meta property=\"og:image:type\" content=\"image\/jpeg\" \/>\n<meta name=\"author\" content=\"Mailcomms Group\" \/>\n<meta name=\"twitter:card\" content=\"summary_large_image\" \/>\n<meta name=\"twitter:creator\" content=\"@CommsCustomer\" \/>\n<meta name=\"twitter:site\" content=\"@CommsCustomer\" \/>\n<meta name=\"twitter:label1\" content=\"Escrito por\" \/>\n\t<meta name=\"twitter:data1\" content=\"Mailcomms Group\" \/>\n\t<meta name=\"twitter:label2\" content=\"Tempo estimado de leitura\" \/>\n\t<meta name=\"twitter:data2\" content=\"3 minutos\" \/>\n<script type=\"application\/ld+json\" class=\"yoast-schema-graph\">{\"@context\":\"https:\/\/schema.org\",\"@graph\":[{\"@type\":\"Article\",\"@id\":\"https:\/\/mailcommsgroup.com\/pt\/blog\/participamos-na-revolucao-dos-seguros-2022-e-convidamo-lo-a-juntar-se-a-nos\/#article\",\"isPartOf\":{\"@id\":\"https:\/\/mailcommsgroup.com\/pt\/blog\/participamos-na-revolucao-dos-seguros-2022-e-convidamo-lo-a-juntar-se-a-nos\/\"},\"author\":{\"name\":\"Mailcomms Group\",\"@id\":\"https:\/\/mailcommsgroup.com\/pt\/#\/schema\/person\/c3a3ecfc795ade78319e6b1af9d65684\"},\"headline\":\"Estamos a participar na Revolu\u00e7\u00e3o dos Seguros 2022 e convidamo-lo a juntar-se a n\u00f3s\",\"datePublished\":\"2022-11-10T13:33:08+00:00\",\"dateModified\":\"2023-09-20T14:59:52+00:00\",\"mainEntityOfPage\":{\"@id\":\"https:\/\/mailcommsgroup.com\/pt\/blog\/participamos-na-revolucao-dos-seguros-2022-e-convidamo-lo-a-juntar-se-a-nos\/\"},\"wordCount\":521,\"publisher\":{\"@id\":\"https:\/\/mailcommsgroup.com\/pt\/#organization\"},\"image\":{\"@id\":\"https:\/\/mailcommsgroup.com\/pt\/blog\/participamos-na-revolucao-dos-seguros-2022-e-convidamo-lo-a-juntar-se-a-nos\/#primaryimage\"},\"thumbnailUrl\":\"https:\/\/mailcommsgroup.com\/wp-content\/uploads\/2022\/11\/Mailteck-CustomerComms_892x623_B.jpg\",\"articleSection\":[\"Not\u00edcias da empresa\"],\"inLanguage\":\"pt-PT\"},{\"@type\":\"WebPage\",\"@id\":\"https:\/\/mailcommsgroup.com\/pt\/blog\/participamos-na-revolucao-dos-seguros-2022-e-convidamo-lo-a-juntar-se-a-nos\/\",\"url\":\"https:\/\/mailcommsgroup.com\/pt\/blog\/participamos-na-revolucao-dos-seguros-2022-e-convidamo-lo-a-juntar-se-a-nos\/\",\"name\":\"Estamos a participar na Revolu\u00e7\u00e3o dos Seguros 2022 e convidamo-lo a juntar-se a n\u00f3s\",\"isPartOf\":{\"@id\":\"https:\/\/mailcommsgroup.com\/pt\/#website\"},\"primaryImageOfPage\":{\"@id\":\"https:\/\/mailcommsgroup.com\/pt\/blog\/participamos-na-revolucao-dos-seguros-2022-e-convidamo-lo-a-juntar-se-a-nos\/#primaryimage\"},\"image\":{\"@id\":\"https:\/\/mailcommsgroup.com\/pt\/blog\/participamos-na-revolucao-dos-seguros-2022-e-convidamo-lo-a-juntar-se-a-nos\/#primaryimage\"},\"thumbnailUrl\":\"https:\/\/mailcommsgroup.com\/wp-content\/uploads\/2022\/11\/Mailteck-CustomerComms_892x623_B.jpg\",\"datePublished\":\"2022-11-10T13:33:08+00:00\",\"dateModified\":\"2023-09-20T14:59:52+00:00\",\"description\":\"Na ter\u00e7a-feira, 15 de novembro, estaremos presentes na Revolu\u00e7\u00e3o dos Seguros 2022. Vemo-nos no nosso stand ou na mesa redonda sobre o impacto da legisla\u00e7\u00e3o na comunica\u00e7\u00e3o com os clientes.\",\"breadcrumb\":{\"@id\":\"https:\/\/mailcommsgroup.com\/pt\/blog\/participamos-na-revolucao-dos-seguros-2022-e-convidamo-lo-a-juntar-se-a-nos\/#breadcrumb\"},\"inLanguage\":\"pt-PT\",\"potentialAction\":[{\"@type\":\"ReadAction\",\"target\":[\"https:\/\/mailcommsgroup.com\/pt\/blog\/participamos-na-revolucao-dos-seguros-2022-e-convidamo-lo-a-juntar-se-a-nos\/\"]}]},{\"@type\":\"ImageObject\",\"inLanguage\":\"pt-PT\",\"@id\":\"https:\/\/mailcommsgroup.com\/pt\/blog\/participamos-na-revolucao-dos-seguros-2022-e-convidamo-lo-a-juntar-se-a-nos\/#primaryimage\",\"url\":\"https:\/\/mailcommsgroup.com\/wp-content\/uploads\/2022\/11\/Mailteck-CustomerComms_892x623_B.jpg\",\"contentUrl\":\"https:\/\/mailcommsgroup.com\/wp-content\/uploads\/2022\/11\/Mailteck-CustomerComms_892x623_B.jpg\",\"width\":892,\"height\":623,\"caption\":\"Participamos en el Insurance Revolution 2022 y te invitamos a acompa\u00f1arnos\"},{\"@type\":\"BreadcrumbList\",\"@id\":\"https:\/\/mailcommsgroup.com\/pt\/blog\/participamos-na-revolucao-dos-seguros-2022-e-convidamo-lo-a-juntar-se-a-nos\/#breadcrumb\",\"itemListElement\":[{\"@type\":\"ListItem\",\"position\":1,\"name\":\"Mailcomms Group\",\"item\":\"https:\/\/mailcommsgroup.com\/pt\/\"},{\"@type\":\"ListItem\",\"position\":2,\"name\":\"Blogue\",\"item\":\"https:\/\/mailcommsgroup.com\/pt\/blog\/\"},{\"@type\":\"ListItem\",\"position\":3,\"name\":\"Estamos a participar na Revolu\u00e7\u00e3o dos Seguros 2022 e convidamo-lo a juntar-se a n\u00f3s\"}]},{\"@type\":\"WebSite\",\"@id\":\"https:\/\/mailcommsgroup.com\/pt\/#website\",\"url\":\"https:\/\/mailcommsgroup.com\/pt\/\",\"name\":\"MailComms Group\",\"description\":\"La transformaci\u00f3n digital a trav\u00e9s de la comunicaci\u00f3n omnicanal, con plena validez legal.\",\"publisher\":{\"@id\":\"https:\/\/mailcommsgroup.com\/pt\/#organization\"},\"alternateName\":\"MailComms Group\",\"potentialAction\":[{\"@type\":\"SearchAction\",\"target\":{\"@type\":\"EntryPoint\",\"urlTemplate\":\"https:\/\/mailcommsgroup.com\/pt\/?s={search_term_string}\"},\"query-input\":{\"@type\":\"PropertyValueSpecification\",\"valueRequired\":true,\"valueName\":\"search_term_string\"}}],\"inLanguage\":\"pt-PT\"},{\"@type\":\"Organization\",\"@id\":\"https:\/\/mailcommsgroup.com\/pt\/#organization\",\"name\":\"MailComms Group - Soluciones de comunicaci\u00f3n omnicanal con validez legal.\",\"alternateName\":\"MailComms Group\",\"url\":\"https:\/\/mailcommsgroup.com\/pt\/\",\"logo\":{\"@type\":\"ImageObject\",\"inLanguage\":\"pt-PT\",\"@id\":\"https:\/\/mailcommsgroup.com\/pt\/#\/schema\/logo\/image\/\",\"url\":\"https:\/\/mailcommsgroup.com\/wp-content\/uploads\/2023\/05\/icon_mini_mailcommsgroup.png\",\"contentUrl\":\"https:\/\/mailcommsgroup.com\/wp-content\/uploads\/2023\/05\/icon_mini_mailcommsgroup.png\",\"width\":512,\"height\":512,\"caption\":\"MailComms Group - Soluciones de comunicaci\u00f3n omnicanal con validez legal.\"},\"image\":{\"@id\":\"https:\/\/mailcommsgroup.com\/pt\/#\/schema\/logo\/image\/\"},\"sameAs\":[\"https:\/\/x.com\/CommsCustomer\",\"https:\/\/www.linkedin.com\/company\/customercomms\/\",\"https:\/\/www.youtube.com\/channel\/UCtvYLee1QHy89JS2-gMgnTQ\"]},{\"@type\":\"Person\",\"@id\":\"https:\/\/mailcommsgroup.com\/pt\/#\/schema\/person\/c3a3ecfc795ade78319e6b1af9d65684\",\"name\":\"Mailcomms Group\",\"image\":{\"@type\":\"ImageObject\",\"inLanguage\":\"pt-PT\",\"@id\":\"https:\/\/secure.gravatar.com\/avatar\/f4012bdfd3c1190166ba510602a508ab2a504cafc93cf37f0c8cbdc54e85846a?s=96&d=mm&r=g\",\"url\":\"https:\/\/secure.gravatar.com\/avatar\/f4012bdfd3c1190166ba510602a508ab2a504cafc93cf37f0c8cbdc54e85846a?s=96&d=mm&r=g\",\"contentUrl\":\"https:\/\/secure.gravatar.com\/avatar\/f4012bdfd3c1190166ba510602a508ab2a504cafc93cf37f0c8cbdc54e85846a?s=96&d=mm&r=g\",\"caption\":\"Mailcomms Group\"},\"sameAs\":[\"https:\/\/mailcommsgroup.com\"],\"url\":\"https:\/\/mailcommsgroup.com\/pt\/blog\/author\/ntrwrks_ccmms\/\"}]}<\/script>\n<!-- \/ Yoast SEO plugin. -->","yoast_head_json":{"title":"Estamos a participar na Revolu\u00e7\u00e3o dos Seguros 2022 e convidamo-lo a juntar-se a n\u00f3s","description":"Na ter\u00e7a-feira, 15 de novembro, estaremos presentes na Revolu\u00e7\u00e3o dos Seguros 2022. Vemo-nos no nosso stand ou na mesa redonda sobre o impacto da legisla\u00e7\u00e3o na comunica\u00e7\u00e3o com os clientes.","robots":{"index":"index","follow":"follow","max-snippet":"max-snippet:-1","max-image-preview":"max-image-preview:large","max-video-preview":"max-video-preview:-1"},"canonical":"https:\/\/mailcommsgroup.com\/pt\/blog\/participamos-na-revolucao-dos-seguros-2022-e-convidamo-lo-a-juntar-se-a-nos\/","og_locale":"pt_PT","og_type":"article","og_title":"Estamos a participar na Revolu\u00e7\u00e3o dos Seguros 2022 e convidamo-lo a juntar-se a n\u00f3s","og_description":"Na ter\u00e7a-feira, 15 de novembro, estaremos presentes na Revolu\u00e7\u00e3o dos Seguros 2022. Vemo-nos no nosso stand ou na mesa redonda sobre o impacto da legisla\u00e7\u00e3o na comunica\u00e7\u00e3o com os clientes.","og_url":"https:\/\/mailcommsgroup.com\/pt\/blog\/participamos-na-revolucao-dos-seguros-2022-e-convidamo-lo-a-juntar-se-a-nos\/","og_site_name":"Mailcomms Group","article_published_time":"2022-11-10T13:33:08+00:00","article_modified_time":"2023-09-20T14:59:52+00:00","og_image":[{"width":892,"height":623,"url":"https:\/\/mailcommsgroup.com\/wp-content\/uploads\/2022\/11\/Mailteck-CustomerComms_892x623_B.jpg","type":"image\/jpeg"}],"author":"Mailcomms Group","twitter_card":"summary_large_image","twitter_creator":"@CommsCustomer","twitter_site":"@CommsCustomer","twitter_misc":{"Escrito por":"Mailcomms Group","Tempo estimado de leitura":"3 minutos"},"schema":{"@context":"https:\/\/schema.org","@graph":[{"@type":"Article","@id":"https:\/\/mailcommsgroup.com\/pt\/blog\/participamos-na-revolucao-dos-seguros-2022-e-convidamo-lo-a-juntar-se-a-nos\/#article","isPartOf":{"@id":"https:\/\/mailcommsgroup.com\/pt\/blog\/participamos-na-revolucao-dos-seguros-2022-e-convidamo-lo-a-juntar-se-a-nos\/"},"author":{"name":"Mailcomms Group","@id":"https:\/\/mailcommsgroup.com\/pt\/#\/schema\/person\/c3a3ecfc795ade78319e6b1af9d65684"},"headline":"Estamos a participar na Revolu\u00e7\u00e3o dos Seguros 2022 e convidamo-lo a juntar-se a n\u00f3s","datePublished":"2022-11-10T13:33:08+00:00","dateModified":"2023-09-20T14:59:52+00:00","mainEntityOfPage":{"@id":"https:\/\/mailcommsgroup.com\/pt\/blog\/participamos-na-revolucao-dos-seguros-2022-e-convidamo-lo-a-juntar-se-a-nos\/"},"wordCount":521,"publisher":{"@id":"https:\/\/mailcommsgroup.com\/pt\/#organization"},"image":{"@id":"https:\/\/mailcommsgroup.com\/pt\/blog\/participamos-na-revolucao-dos-seguros-2022-e-convidamo-lo-a-juntar-se-a-nos\/#primaryimage"},"thumbnailUrl":"https:\/\/mailcommsgroup.com\/wp-content\/uploads\/2022\/11\/Mailteck-CustomerComms_892x623_B.jpg","articleSection":["Not\u00edcias da empresa"],"inLanguage":"pt-PT"},{"@type":"WebPage","@id":"https:\/\/mailcommsgroup.com\/pt\/blog\/participamos-na-revolucao-dos-seguros-2022-e-convidamo-lo-a-juntar-se-a-nos\/","url":"https:\/\/mailcommsgroup.com\/pt\/blog\/participamos-na-revolucao-dos-seguros-2022-e-convidamo-lo-a-juntar-se-a-nos\/","name":"Estamos a participar na Revolu\u00e7\u00e3o dos Seguros 2022 e convidamo-lo a juntar-se a n\u00f3s","isPartOf":{"@id":"https:\/\/mailcommsgroup.com\/pt\/#website"},"primaryImageOfPage":{"@id":"https:\/\/mailcommsgroup.com\/pt\/blog\/participamos-na-revolucao-dos-seguros-2022-e-convidamo-lo-a-juntar-se-a-nos\/#primaryimage"},"image":{"@id":"https:\/\/mailcommsgroup.com\/pt\/blog\/participamos-na-revolucao-dos-seguros-2022-e-convidamo-lo-a-juntar-se-a-nos\/#primaryimage"},"thumbnailUrl":"https:\/\/mailcommsgroup.com\/wp-content\/uploads\/2022\/11\/Mailteck-CustomerComms_892x623_B.jpg","datePublished":"2022-11-10T13:33:08+00:00","dateModified":"2023-09-20T14:59:52+00:00","description":"Na ter\u00e7a-feira, 15 de novembro, estaremos presentes na Revolu\u00e7\u00e3o dos Seguros 2022. Vemo-nos no nosso stand ou na mesa redonda sobre o impacto da legisla\u00e7\u00e3o na comunica\u00e7\u00e3o com os clientes.","breadcrumb":{"@id":"https:\/\/mailcommsgroup.com\/pt\/blog\/participamos-na-revolucao-dos-seguros-2022-e-convidamo-lo-a-juntar-se-a-nos\/#breadcrumb"},"inLanguage":"pt-PT","potentialAction":[{"@type":"ReadAction","target":["https:\/\/mailcommsgroup.com\/pt\/blog\/participamos-na-revolucao-dos-seguros-2022-e-convidamo-lo-a-juntar-se-a-nos\/"]}]},{"@type":"ImageObject","inLanguage":"pt-PT","@id":"https:\/\/mailcommsgroup.com\/pt\/blog\/participamos-na-revolucao-dos-seguros-2022-e-convidamo-lo-a-juntar-se-a-nos\/#primaryimage","url":"https:\/\/mailcommsgroup.com\/wp-content\/uploads\/2022\/11\/Mailteck-CustomerComms_892x623_B.jpg","contentUrl":"https:\/\/mailcommsgroup.com\/wp-content\/uploads\/2022\/11\/Mailteck-CustomerComms_892x623_B.jpg","width":892,"height":623,"caption":"Participamos en el Insurance Revolution 2022 y te invitamos a acompa\u00f1arnos"},{"@type":"BreadcrumbList","@id":"https:\/\/mailcommsgroup.com\/pt\/blog\/participamos-na-revolucao-dos-seguros-2022-e-convidamo-lo-a-juntar-se-a-nos\/#breadcrumb","itemListElement":[{"@type":"ListItem","position":1,"name":"Mailcomms Group","item":"https:\/\/mailcommsgroup.com\/pt\/"},{"@type":"ListItem","position":2,"name":"Blogue","item":"https:\/\/mailcommsgroup.com\/pt\/blog\/"},{"@type":"ListItem","position":3,"name":"Estamos a participar na Revolu\u00e7\u00e3o dos Seguros 2022 e convidamo-lo a juntar-se a n\u00f3s"}]},{"@type":"WebSite","@id":"https:\/\/mailcommsgroup.com\/pt\/#website","url":"https:\/\/mailcommsgroup.com\/pt\/","name":"MailComms Group","description":"La transformaci\u00f3n digital a trav\u00e9s de la comunicaci\u00f3n omnicanal, con plena validez legal.","publisher":{"@id":"https:\/\/mailcommsgroup.com\/pt\/#organization"},"alternateName":"MailComms Group","potentialAction":[{"@type":"SearchAction","target":{"@type":"EntryPoint","urlTemplate":"https:\/\/mailcommsgroup.com\/pt\/?s={search_term_string}"},"query-input":{"@type":"PropertyValueSpecification","valueRequired":true,"valueName":"search_term_string"}}],"inLanguage":"pt-PT"},{"@type":"Organization","@id":"https:\/\/mailcommsgroup.com\/pt\/#organization","name":"MailComms Group - Soluciones de comunicaci\u00f3n omnicanal con validez legal.","alternateName":"MailComms Group","url":"https:\/\/mailcommsgroup.com\/pt\/","logo":{"@type":"ImageObject","inLanguage":"pt-PT","@id":"https:\/\/mailcommsgroup.com\/pt\/#\/schema\/logo\/image\/","url":"https:\/\/mailcommsgroup.com\/wp-content\/uploads\/2023\/05\/icon_mini_mailcommsgroup.png","contentUrl":"https:\/\/mailcommsgroup.com\/wp-content\/uploads\/2023\/05\/icon_mini_mailcommsgroup.png","width":512,"height":512,"caption":"MailComms Group - Soluciones de comunicaci\u00f3n omnicanal con validez legal."},"image":{"@id":"https:\/\/mailcommsgroup.com\/pt\/#\/schema\/logo\/image\/"},"sameAs":["https:\/\/x.com\/CommsCustomer","https:\/\/www.linkedin.com\/company\/customercomms\/","https:\/\/www.youtube.com\/channel\/UCtvYLee1QHy89JS2-gMgnTQ"]},{"@type":"Person","@id":"https:\/\/mailcommsgroup.com\/pt\/#\/schema\/person\/c3a3ecfc795ade78319e6b1af9d65684","name":"Mailcomms Group","image":{"@type":"ImageObject","inLanguage":"pt-PT","@id":"https:\/\/secure.gravatar.com\/avatar\/f4012bdfd3c1190166ba510602a508ab2a504cafc93cf37f0c8cbdc54e85846a?s=96&d=mm&r=g","url":"https:\/\/secure.gravatar.com\/avatar\/f4012bdfd3c1190166ba510602a508ab2a504cafc93cf37f0c8cbdc54e85846a?s=96&d=mm&r=g","contentUrl":"https:\/\/secure.gravatar.com\/avatar\/f4012bdfd3c1190166ba510602a508ab2a504cafc93cf37f0c8cbdc54e85846a?s=96&d=mm&r=g","caption":"Mailcomms Group"},"sameAs":["https:\/\/mailcommsgroup.com"],"url":"https:\/\/mailcommsgroup.com\/pt\/blog\/author\/ntrwrks_ccmms\/"}]}},"_links":{"self":[{"href":"https:\/\/mailcommsgroup.com\/pt\/wp-json\/wp\/v2\/posts\/21306","targetHints":{"allow":["GET"]}}],"collection":[{"href":"https:\/\/mailcommsgroup.com\/pt\/wp-json\/wp\/v2\/posts"}],"about":[{"href":"https:\/\/mailcommsgroup.com\/pt\/wp-json\/wp\/v2\/types\/post"}],"author":[{"embeddable":true,"href":"https:\/\/mailcommsgroup.com\/pt\/wp-json\/wp\/v2\/users\/1"}],"replies":[{"embeddable":true,"href":"https:\/\/mailcommsgroup.com\/pt\/wp-json\/wp\/v2\/comments?post=21306"}],"version-history":[{"count":14,"href":"https:\/\/mailcommsgroup.com\/pt\/wp-json\/wp\/v2\/posts\/21306\/revisions"}],"predecessor-version":[{"id":23110,"href":"https:\/\/mailcommsgroup.com\/pt\/wp-json\/wp\/v2\/posts\/21306\/revisions\/23110"}],"wp:featuredmedia":[{"embeddable":true,"href":"https:\/\/mailcommsgroup.com\/pt\/wp-json\/wp\/v2\/media\/20044"}],"wp:attachment":[{"href":"https:\/\/mailcommsgroup.com\/pt\/wp-json\/wp\/v2\/media?parent=21306"}],"wp:term":[{"taxonomy":"category","embeddable":true,"href":"https:\/\/mailcommsgroup.com\/pt\/wp-json\/wp\/v2\/categories?post=21306"}],"curies":[{"name":"wp","href":"https:\/\/api.w.org\/{rel}","templated":true}]}}