{"id":21166,"date":"2023-02-03T11:42:07","date_gmt":"2023-02-03T10:42:07","guid":{"rendered":"https:\/\/mailcommsgroup.com\/blog\/organizamos-uma-discussao-dia-com-mapfre-santalucia-accenture-ecija-e-ecix-em-seguros-semana-que-somos-acompanhados\/"},"modified":"2023-09-07T17:09:53","modified_gmt":"2023-09-07T15:09:53","slug":"organizamos-uma-discussao-dia-com-mapfre-santalucia-accenture-ecija-e-ecix-em-seguros-semana-que-somos-acompanhados","status":"publish","type":"post","link":"https:\/\/mailcommsgroup.com\/pt\/blog\/organizamos-uma-discussao-dia-com-mapfre-santalucia-accenture-ecija-e-ecix-em-seguros-semana-que-somos-acompanhados\/","title":{"rendered":"Organiz\u00e1mos uma jornada de debate com a Mapfre, a Santaluc\u00eda, a Accenture, a ECIJA e a Ecix na Semana dos Seguros. Junta-se a n\u00f3s?"},"content":{"rendered":"<div class=\"wpb-content-wrapper\"><p>[vc_row type=&#8221;grid&#8221; css=&#8221;.vc_custom_1658303954478{margin-top: 0px !important;padding-right: 0px !important;padding-bottom: 35px !important;padding-left: 0px !important;}&#8221;][vc_column dp_animation=&#8221;&#8221; css=&#8221;.vc_custom_1646912863207{padding-top: 0px !important;}&#8221;][vc_single_image image=&#8221;12320&#8243; img_size=&#8221;full&#8221;][\/vc_column][\/vc_row][vc_row type=&#8221;grid&#8221; css=&#8221;.vc_custom_1667912544284{margin-top: 0px !important;padding-right: 0px !important;padding-bottom: 25px !important;padding-left: 0px !important;}&#8221;][vc_column dp_animation=&#8221;&#8221; css=&#8221;.vc_custom_1646912863207{padding-top: 0px !important;}&#8221;][vc_empty_space height=&#8221;100px&#8221; el_id=&#8221;uno&#8221; css=&#8221;.vc_custom_1666180590409{margin-top: -100px !important;}&#8221;][vc_column_text css=&#8221;.vc_custom_1675687277911{padding-bottom: 0px !important;}&#8221;]A Semana dos Seguros est\u00e1 de volta (organizada pelo INESE na IFEMA Madrid) e, por mais um ano, n\u00e3o falt\u00e1mos a este evento. No 30\u00ba anivers\u00e1rio do evento mais relevante do sector, organizaremos e conduziremos uma palestra profissional sob o lema: &#8220;As pessoas, eixo central dos processos empresariais e  <em>conformidade. Mapfre e Santaluc\u00eda em busca de equil\u00edbrio&#8221;.<\/em>. O evento ter\u00e1 lugar na quarta-feira, 15 de fevereiro, das 12h00 \u00e0s 13h30, na sala 113-114. Estamos ansiosos por o receber.[\/vc_column_text][vc_btn title=&#8221;CONSULTAR A AGENDA&#8221; style=&#8221;classic&#8221; shape=&#8221;round&#8221; color=&#8221;violet&#8221; align=&#8221;left&#8221; link=&#8221;url:https%3A%2F%2Fsemanadelseguro.inese.es%2Fjornada-mailteck-custommer-comms%2F|title:CONSULTAR%20A%20AGENDA|target:_blank|&#8221; el_class=&#8221;boton-blog&#8221;][vc_column_text css=&#8221;.vc_custom_1675689294086{padding-bottom: 0px !important;}&#8221;]A apresenta\u00e7\u00e3o e o resumo da ordem de trabalhos ser\u00e3o efectuados pelo nosso CEO, Javier Echebarr\u00eda. A seguir, Quim Carbon\u00e9s,  <em>Gestor s\u00e9nior na Accenture<\/em>n\u00f3s  <span class=\"ui-provider wo b c d e f g h i j k l m n o p q r s t u v w x y z ab ac ae af ag ah ai aj ak\" dir=\"ltr\">  falar\u00e1 sobre a mudan\u00e7a de paradigma de uma focaliza\u00e7\u00e3o no cliente para uma focaliza\u00e7\u00e3o na pessoa.  <\/span>Javier Echebarria voltar\u00e1 depois ao debate para explicar como \u00e9 que a comunica\u00e7\u00e3o com os clientes cria confian\u00e7a num mundo em que a  <em>phygital<\/em>  atrav\u00e9s de comunica\u00e7\u00f5es fi\u00e1veis, experi\u00eancias de utilizador cativantes e concep\u00e7\u00f5es omnicanal, entre outros aspectos.<\/p>\n<p>Durante a interven\u00e7\u00e3o conduzida por Santaluc\u00eda, os oradores partilhar\u00e3o as pr\u00e1ticas mais bem sucedidas para otimizar as taxas de convers\u00e3o das assinaturas pol\u00edticas. Luc\u00eda Cuadrado, Directora de Opera\u00e7\u00f5es da Santaluc\u00eda, Alonso Hurtado, <em>S\u00f3cio<\/em> da ECIJA, e Teresa Arandilla, Directora Comercial da Customer Comms.<\/p>\n<p>Depois ser\u00e1 a vez da Mapfre falar sobre a conformidade com o RGPD. Durante este \u00faltimo bloco, Rosa M\u00aa Lago, DPO da Mapfre Espanha, Carlos Alberto Saiz, vice-presidente \/ s\u00f3cio do Grupo ECIX e, mais uma vez, Teresa Arandilla, discutir\u00e3o as estrat\u00e9gias para cumprir corretamente o regulamento e evitar multas pesadas, especialmente em rela\u00e7\u00e3o \u00e0 correcta obten\u00e7\u00e3o e gest\u00e3o das autoriza\u00e7\u00f5es do RGPD.<\/p>\n<p>Javier Echebarr\u00eda encerrar\u00e1 a mesa redonda com uma breve an\u00e1lise das principais conclus\u00f5es que surgiram durante a apresenta\u00e7\u00e3o.[\/vc_column_text][vc_column_text]<img loading=\"lazy\" decoding=\"async\" class=\"aligncenter wp-image-12352 size-full\" src=\"https:\/\/mailcommsgroup.com\/wp-content\/uploads\/2023\/02\/Logos-4-e1675762092837.jpg\" alt=\"\" width=\"600\" height=\"102\" srcset=\"https:\/\/mailcommsgroup.com\/wp-content\/uploads\/2023\/02\/Logos-4-e1675762092837.jpg 600w, https:\/\/mailcommsgroup.com\/wp-content\/uploads\/2023\/02\/Logos-4-e1675762092837-300x51.jpg 300w\" sizes=\"auto, (max-width: 600px) 100vw, 600px\" \/>[\/vc_column_text][\/vc_column][\/vc_row][vc_row type=&#8221;grid&#8221; css=&#8221;.vc_custom_1667911983913{margin-top: 0px !important;padding-right: 0px !important;padding-bottom: 35px !important;padding-left: 0px !important;background-color: #f4f4f4 !important;border-radius: 10px !important;}&#8221;][vc_column dp_animation=&#8221;&#8221; css=&#8221;.vc_custom_1646912863207{padding-top: 0px !important;}&#8221;][vc_column_text css=&#8221;.vc_custom_1675687785433{padding-top: 30px !important;padding-right: 30px !important;padding-bottom: 5px !important;padding-left: 30px !important;}&#8221;]Lembra-te:<\/p>\n<ul>\n<li><strong>Dia: <\/strong> 15 de fevereiro.<\/li>\n<li><strong>Hor\u00e1rio: <\/strong>das 12h00 \u00e0s 13h30<\/li>\n<li><strong>Local: <\/strong>Sala 113-114. Centro de Conven\u00e7\u00f5es Norte da IFEMA Madrid.<\/li>\n<li><strong>Estacionamento gratuito <\/strong>para os participantes.<\/li>\n<\/ul>\n<p>Se \u00e9 um profissional do sector dos seguros, pode inscrever-se gratuitamente com o nosso c\u00f3digo de desconto. Contacte-nos para o obter. Se n\u00e3o pertencer ao sector dos seguros, consulte os pre\u00e7os dos bilhetes na p\u00e1gina de inscri\u00e7\u00e3o.[\/vc_column_text][vc_btn title=&#8221;REGISTO&#8221; style=&#8221;classic&#8221; shape=&#8221;round&#8221; color=&#8221;violet&#8221; align=&#8221;left&#8221; link=&#8221;url:https%3A%2F%2Fsemanadelseguro.tufabricadeventos.com%2Fasistente_798729567_41902.html|title:REGISTO|target:_blank|&#8221; el_class=&#8221;boton-blog&#8221; css=&#8221;.vc_custom_1675424201583{padding-left: 35px !important;}&#8221;][\/vc_column][\/vc_row][vc_row css=&#8221;.vc_custom_1667912334882{padding-top: 15px !important;}&#8221;][vc_column][vc_cta h2=&#8221;Vemo-nos na Semana dos Seguros?&#8221; h4=&#8221;Se precisar de mais informa\u00e7\u00f5es sobre o evento ou se quiser que nos encontremos consigo no local, deixe-nos os seus dados e entraremos em contacto consigo.&#8221;]\n<div class=\"wpcf7 no-js\" id=\"wpcf7-f22880-o1\" lang=\"pt-PT\" dir=\"ltr\" data-wpcf7-id=\"22880\">\n<div class=\"screen-reader-response\"><p role=\"status\" aria-live=\"polite\" aria-atomic=\"true\"><\/p> <ul><\/ul><\/div>\n<form action=\"\/pt\/wp-json\/wp\/v2\/posts\/21166#wpcf7-f22880-o1\" method=\"post\" class=\"wpcf7-form init\" aria-label=\"Formul\u00e1rio de contacto\" novalidate=\"novalidate\" data-status=\"init\">\n<fieldset class=\"hidden-fields-container\"><input type=\"hidden\" name=\"_wpcf7\" value=\"22880\" \/><input type=\"hidden\" name=\"_wpcf7_version\" value=\"6.1.5\" \/><input type=\"hidden\" name=\"_wpcf7_locale\" value=\"pt_PT\" \/><input type=\"hidden\" name=\"_wpcf7_unit_tag\" value=\"wpcf7-f22880-o1\" \/><input type=\"hidden\" name=\"_wpcf7_container_post\" value=\"0\" \/><input type=\"hidden\" name=\"_wpcf7_posted_data_hash\" value=\"\" \/><input type=\"hidden\" name=\"_wpcf7_recaptcha_response\" value=\"\" \/>\n<\/fieldset>\n<div class=\"col1-2 pd-10\">\n\t<p>Nome*<span class=\"wpcf7-form-control-wrap\" data-name=\"Nombre\"><input size=\"40\" maxlength=\"400\" class=\"wpcf7-form-control wpcf7-text wpcf7-validates-as-required\" aria-required=\"true\" aria-invalid=\"false\" value=\"\" type=\"text\" name=\"Nombre\" \/><\/span>\n\t<\/p>\n<\/div>\n<div class=\"col1-2 pd-10\">\n\t<p>Apelido*<span class=\"wpcf7-form-control-wrap\" data-name=\"Apellidos\"><input size=\"40\" maxlength=\"400\" class=\"wpcf7-form-control wpcf7-text wpcf7-validates-as-required\" aria-required=\"true\" aria-invalid=\"false\" value=\"\" type=\"text\" name=\"Apellidos\" \/><\/span>\n\t<\/p>\n<\/div>\n<div class=\"col1-2 pd-10\">\n\t<p>Endere\u00e7o de correio eletr\u00f3nico da empresa*<span class=\"wpcf7-form-control-wrap\" data-name=\"Email\"><input size=\"40\" maxlength=\"400\" class=\"wpcf7-form-control wpcf7-email wpcf7-validates-as-required wpcf7-text wpcf7-validates-as-email\" aria-required=\"true\" aria-invalid=\"false\" value=\"\" type=\"email\" name=\"Email\" \/><\/span>\n\t<\/p>\n<\/div>\n<div class=\"col1-2 pd-10\">\n\t<p>Telefone<span class=\"wpcf7-form-control-wrap\" data-name=\"Telefono\"><input size=\"40\" maxlength=\"400\" class=\"wpcf7-form-control wpcf7-tel wpcf7-text wpcf7-validates-as-tel\" aria-invalid=\"false\" value=\"\" type=\"tel\" name=\"Telefono\" \/><\/span>\n\t<\/p>\n<\/div>\n<div class=\"col1-1 pd-10\">\n\t<p><label class=\"checkbox-label\"><span>Concordo com o processamento dos meus dados pessoais para receber informa\u00e7\u00f5es de marketing de acordo com a nossa <a class=\"post entry-content\" href=\"https:\/\/mailcommsgroup.com\/politica-de-privacidad\/\" target=\"_blank\"><strong>pol\u00edtica de privacidade.<\/strong><\/a><\/span><span class=\"wpcf7-form-control-wrap\" data-name=\"conditions\"><span class=\"wpcf7-form-control wpcf7-checkbox wpcf7-validates-as-required\"><span class=\"wpcf7-list-item first last\"><input type=\"checkbox\" name=\"conditions[]\" value=\"1\" \/><span class=\"wpcf7-list-item-label\">1<\/span><\/span><\/span><\/span><\/label>\n\t<\/p>\n<\/div>\n<div class=\"col1-1 pd-10 submit-col\">\n\t<p><input class=\"wpcf7-form-control wpcf7-submit has-spinner\" type=\"submit\" value=\"Envia\" \/><br \/>\n<span class=\"wpcf7-form-control-wrap\" data-name=\"url\"><input size=\"40\" maxlength=\"400\" class=\"wpcf7-form-control wpcf7-text displaynone\" aria-invalid=\"false\" value=\"clientescomms.com\" type=\"text\" name=\"url\" \/><\/span>\n\t<\/p>\n<\/div><div class=\"wpcf7-response-output\" aria-hidden=\"true\"><\/div>\n<\/form>\n<\/div>\n[\/vc_cta][\/vc_column][\/vc_row]<\/p>\n<\/div>","protected":false},"excerpt":{"rendered":"<p>No dia 15 de fevereiro organizaremos a palestra &#8220;As pessoas, eixo central dos processos de neg\u00f3cio e compliance. Mapfre e Santaluc\u00eda em busca do equil\u00edbrio&#8221; na Semana do Seguro do INESE (IFEMA Madrid). Contaremos com a presen\u00e7a de oradores da Mapfre, Santaluc\u00eda, Accenture, ECIJA e Ecix, bem como de Javier Echebarr\u00eda e Teresa Arandilla, da MailTecK &amp; Customer Comms. Junta-se a n\u00f3s? Se \u00e9 um profissional do sector dos seguros, a inscri\u00e7\u00e3o \u00e9 gratuita.<\/p>\n","protected":false},"author":1,"featured_media":20090,"comment_status":"closed","ping_status":"closed","sticky":false,"template":"","format":"standard","meta":{"_acf_changed":false,"footnotes":""},"categories":[499],"class_list":["post-21166","post","type-post","status-publish","format-standard","has-post-thumbnail","hentry","category-noticias-da-empresa"],"acf":[],"yoast_head":"<!-- This site is optimized with the Yoast SEO plugin v27.2 - https:\/\/yoast.com\/product\/yoast-seo-wordpress\/ -->\n<title>Organiz\u00e1mos uma jornada de debate com a Mapfre, a Santaluc\u00eda, a Accenture, a ECIJA e a Ecix na Semana dos Seguros. Junta-se a n\u00f3s?<\/title>\n<meta name=\"description\" content=\"No dia 15 de fevereiro, organizaremos a palestra &quot;As pessoas, eixo central dos processos de neg\u00f3cio e compliance, Mapfre e Santaluc\u00eda em busca de equil\u00edbrio&quot; na Semana do Seguro do INESE (IFEMA Madrid).\" \/>\n<meta name=\"robots\" content=\"index, follow, max-snippet:-1, max-image-preview:large, max-video-preview:-1\" \/>\n<link rel=\"canonical\" href=\"https:\/\/mailcommsgroup.com\/pt\/blog\/organizamos-uma-discussao-dia-com-mapfre-santalucia-accenture-ecija-e-ecix-em-seguros-semana-que-somos-acompanhados\/\" \/>\n<meta property=\"og:locale\" content=\"pt_PT\" \/>\n<meta property=\"og:type\" content=\"article\" \/>\n<meta property=\"og:title\" content=\"Organiz\u00e1mos uma jornada de debate com a Mapfre, a Santaluc\u00eda, a Accenture, a ECIJA e a Ecix na Semana dos Seguros. Junta-se a n\u00f3s?\" \/>\n<meta property=\"og:description\" content=\"No dia 15 de fevereiro, organizaremos a palestra &quot;As pessoas, eixo central dos processos de neg\u00f3cio e compliance, Mapfre e Santaluc\u00eda em busca de equil\u00edbrio&quot; na Semana do Seguro do INESE (IFEMA Madrid).\" \/>\n<meta property=\"og:url\" content=\"https:\/\/mailcommsgroup.com\/pt\/blog\/organizamos-uma-discussao-dia-com-mapfre-santalucia-accenture-ecija-e-ecix-em-seguros-semana-que-somos-acompanhados\/\" \/>\n<meta property=\"og:site_name\" content=\"Mailcomms Group\" \/>\n<meta property=\"article:published_time\" content=\"2023-02-03T10:42:07+00:00\" \/>\n<meta property=\"article:modified_time\" content=\"2023-09-07T15:09:53+00:00\" \/>\n<meta property=\"og:image\" content=\"https:\/\/mailcommsgroup.com\/wp-content\/uploads\/2023\/01\/Mailteck-CustomerComms_892x623_01.jpg\" \/>\n\t<meta property=\"og:image:width\" content=\"892\" \/>\n\t<meta property=\"og:image:height\" content=\"623\" \/>\n\t<meta property=\"og:image:type\" content=\"image\/jpeg\" \/>\n<meta name=\"author\" content=\"Mailcomms Group\" \/>\n<meta name=\"twitter:card\" content=\"summary_large_image\" \/>\n<meta name=\"twitter:creator\" content=\"@CommsCustomer\" \/>\n<meta name=\"twitter:site\" content=\"@CommsCustomer\" \/>\n<meta name=\"twitter:label1\" content=\"Escrito por\" \/>\n\t<meta name=\"twitter:data1\" content=\"Mailcomms Group\" \/>\n\t<meta name=\"twitter:label2\" content=\"Tempo estimado de leitura\" \/>\n\t<meta name=\"twitter:data2\" content=\"3 minutos\" \/>\n<script type=\"application\/ld+json\" class=\"yoast-schema-graph\">{\"@context\":\"https:\/\/schema.org\",\"@graph\":[{\"@type\":\"Article\",\"@id\":\"https:\/\/mailcommsgroup.com\/pt\/blog\/organizamos-uma-discussao-dia-com-mapfre-santalucia-accenture-ecija-e-ecix-em-seguros-semana-que-somos-acompanhados\/#article\",\"isPartOf\":{\"@id\":\"https:\/\/mailcommsgroup.com\/pt\/blog\/organizamos-uma-discussao-dia-com-mapfre-santalucia-accenture-ecija-e-ecix-em-seguros-semana-que-somos-acompanhados\/\"},\"author\":{\"name\":\"Mailcomms Group\",\"@id\":\"https:\/\/mailcommsgroup.com\/pt\/#\/schema\/person\/c3a3ecfc795ade78319e6b1af9d65684\"},\"headline\":\"Organiz\u00e1mos uma jornada de debate com a Mapfre, a Santaluc\u00eda, a Accenture, a ECIJA e a Ecix na Semana dos Seguros. Junta-se a n\u00f3s?\",\"datePublished\":\"2023-02-03T10:42:07+00:00\",\"dateModified\":\"2023-09-07T15:09:53+00:00\",\"mainEntityOfPage\":{\"@id\":\"https:\/\/mailcommsgroup.com\/pt\/blog\/organizamos-uma-discussao-dia-com-mapfre-santalucia-accenture-ecija-e-ecix-em-seguros-semana-que-somos-acompanhados\/\"},\"wordCount\":715,\"publisher\":{\"@id\":\"https:\/\/mailcommsgroup.com\/pt\/#organization\"},\"image\":{\"@id\":\"https:\/\/mailcommsgroup.com\/pt\/blog\/organizamos-uma-discussao-dia-com-mapfre-santalucia-accenture-ecija-e-ecix-em-seguros-semana-que-somos-acompanhados\/#primaryimage\"},\"thumbnailUrl\":\"https:\/\/mailcommsgroup.com\/wp-content\/uploads\/2023\/01\/Mailteck-CustomerComms_892x623_01.jpg\",\"articleSection\":[\"Not\u00edcias da empresa\"],\"inLanguage\":\"pt-PT\"},{\"@type\":\"WebPage\",\"@id\":\"https:\/\/mailcommsgroup.com\/pt\/blog\/organizamos-uma-discussao-dia-com-mapfre-santalucia-accenture-ecija-e-ecix-em-seguros-semana-que-somos-acompanhados\/\",\"url\":\"https:\/\/mailcommsgroup.com\/pt\/blog\/organizamos-uma-discussao-dia-com-mapfre-santalucia-accenture-ecija-e-ecix-em-seguros-semana-que-somos-acompanhados\/\",\"name\":\"Organiz\u00e1mos uma jornada de debate com a Mapfre, a Santaluc\u00eda, a Accenture, a ECIJA e a Ecix na Semana dos Seguros. Junta-se a n\u00f3s?\",\"isPartOf\":{\"@id\":\"https:\/\/mailcommsgroup.com\/pt\/#website\"},\"primaryImageOfPage\":{\"@id\":\"https:\/\/mailcommsgroup.com\/pt\/blog\/organizamos-uma-discussao-dia-com-mapfre-santalucia-accenture-ecija-e-ecix-em-seguros-semana-que-somos-acompanhados\/#primaryimage\"},\"image\":{\"@id\":\"https:\/\/mailcommsgroup.com\/pt\/blog\/organizamos-uma-discussao-dia-com-mapfre-santalucia-accenture-ecija-e-ecix-em-seguros-semana-que-somos-acompanhados\/#primaryimage\"},\"thumbnailUrl\":\"https:\/\/mailcommsgroup.com\/wp-content\/uploads\/2023\/01\/Mailteck-CustomerComms_892x623_01.jpg\",\"datePublished\":\"2023-02-03T10:42:07+00:00\",\"dateModified\":\"2023-09-07T15:09:53+00:00\",\"description\":\"No dia 15 de fevereiro, organizaremos a palestra \\\"As pessoas, eixo central dos processos de neg\u00f3cio e compliance, Mapfre e Santaluc\u00eda em busca de equil\u00edbrio\\\" na Semana do Seguro do INESE (IFEMA Madrid).\",\"breadcrumb\":{\"@id\":\"https:\/\/mailcommsgroup.com\/pt\/blog\/organizamos-uma-discussao-dia-com-mapfre-santalucia-accenture-ecija-e-ecix-em-seguros-semana-que-somos-acompanhados\/#breadcrumb\"},\"inLanguage\":\"pt-PT\",\"potentialAction\":[{\"@type\":\"ReadAction\",\"target\":[\"https:\/\/mailcommsgroup.com\/pt\/blog\/organizamos-uma-discussao-dia-com-mapfre-santalucia-accenture-ecija-e-ecix-em-seguros-semana-que-somos-acompanhados\/\"]}]},{\"@type\":\"ImageObject\",\"inLanguage\":\"pt-PT\",\"@id\":\"https:\/\/mailcommsgroup.com\/pt\/blog\/organizamos-uma-discussao-dia-com-mapfre-santalucia-accenture-ecija-e-ecix-em-seguros-semana-que-somos-acompanhados\/#primaryimage\",\"url\":\"https:\/\/mailcommsgroup.com\/wp-content\/uploads\/2023\/01\/Mailteck-CustomerComms_892x623_01.jpg\",\"contentUrl\":\"https:\/\/mailcommsgroup.com\/wp-content\/uploads\/2023\/01\/Mailteck-CustomerComms_892x623_01.jpg\",\"width\":892,\"height\":623,\"caption\":\"Organizamos una jornada debate con Mapfre, Santaluc\u00eda, Accenture, ECIJA y Ecix en la Semana del Seguro. \u00bfNos acompa\u00f1as?\"},{\"@type\":\"BreadcrumbList\",\"@id\":\"https:\/\/mailcommsgroup.com\/pt\/blog\/organizamos-uma-discussao-dia-com-mapfre-santalucia-accenture-ecija-e-ecix-em-seguros-semana-que-somos-acompanhados\/#breadcrumb\",\"itemListElement\":[{\"@type\":\"ListItem\",\"position\":1,\"name\":\"Mailcomms Group\",\"item\":\"https:\/\/mailcommsgroup.com\/pt\/\"},{\"@type\":\"ListItem\",\"position\":2,\"name\":\"Blogue\",\"item\":\"https:\/\/mailcommsgroup.com\/pt\/blog\/\"},{\"@type\":\"ListItem\",\"position\":3,\"name\":\"Organiz\u00e1mos uma jornada de debate com a Mapfre, a Santaluc\u00eda, a Accenture, a ECIJA e a Ecix na Semana dos Seguros. Junta-se a n\u00f3s?\"}]},{\"@type\":\"WebSite\",\"@id\":\"https:\/\/mailcommsgroup.com\/pt\/#website\",\"url\":\"https:\/\/mailcommsgroup.com\/pt\/\",\"name\":\"MailComms Group\",\"description\":\"La transformaci\u00f3n digital a trav\u00e9s de la comunicaci\u00f3n omnicanal, con plena validez legal.\",\"publisher\":{\"@id\":\"https:\/\/mailcommsgroup.com\/pt\/#organization\"},\"alternateName\":\"MailComms Group\",\"potentialAction\":[{\"@type\":\"SearchAction\",\"target\":{\"@type\":\"EntryPoint\",\"urlTemplate\":\"https:\/\/mailcommsgroup.com\/pt\/?s={search_term_string}\"},\"query-input\":{\"@type\":\"PropertyValueSpecification\",\"valueRequired\":true,\"valueName\":\"search_term_string\"}}],\"inLanguage\":\"pt-PT\"},{\"@type\":\"Organization\",\"@id\":\"https:\/\/mailcommsgroup.com\/pt\/#organization\",\"name\":\"MailComms Group - Soluciones de comunicaci\u00f3n omnicanal con validez legal.\",\"alternateName\":\"MailComms Group\",\"url\":\"https:\/\/mailcommsgroup.com\/pt\/\",\"logo\":{\"@type\":\"ImageObject\",\"inLanguage\":\"pt-PT\",\"@id\":\"https:\/\/mailcommsgroup.com\/pt\/#\/schema\/logo\/image\/\",\"url\":\"https:\/\/mailcommsgroup.com\/wp-content\/uploads\/2023\/05\/icon_mini_mailcommsgroup.png\",\"contentUrl\":\"https:\/\/mailcommsgroup.com\/wp-content\/uploads\/2023\/05\/icon_mini_mailcommsgroup.png\",\"width\":512,\"height\":512,\"caption\":\"MailComms Group - Soluciones de comunicaci\u00f3n omnicanal con validez legal.\"},\"image\":{\"@id\":\"https:\/\/mailcommsgroup.com\/pt\/#\/schema\/logo\/image\/\"},\"sameAs\":[\"https:\/\/x.com\/CommsCustomer\",\"https:\/\/www.linkedin.com\/company\/customercomms\/\",\"https:\/\/www.youtube.com\/channel\/UCtvYLee1QHy89JS2-gMgnTQ\"]},{\"@type\":\"Person\",\"@id\":\"https:\/\/mailcommsgroup.com\/pt\/#\/schema\/person\/c3a3ecfc795ade78319e6b1af9d65684\",\"name\":\"Mailcomms Group\",\"image\":{\"@type\":\"ImageObject\",\"inLanguage\":\"pt-PT\",\"@id\":\"https:\/\/secure.gravatar.com\/avatar\/f4012bdfd3c1190166ba510602a508ab2a504cafc93cf37f0c8cbdc54e85846a?s=96&d=mm&r=g\",\"url\":\"https:\/\/secure.gravatar.com\/avatar\/f4012bdfd3c1190166ba510602a508ab2a504cafc93cf37f0c8cbdc54e85846a?s=96&d=mm&r=g\",\"contentUrl\":\"https:\/\/secure.gravatar.com\/avatar\/f4012bdfd3c1190166ba510602a508ab2a504cafc93cf37f0c8cbdc54e85846a?s=96&d=mm&r=g\",\"caption\":\"Mailcomms Group\"},\"sameAs\":[\"https:\/\/mailcommsgroup.com\"],\"url\":\"https:\/\/mailcommsgroup.com\/pt\/blog\/author\/ntrwrks_ccmms\/\"}]}<\/script>\n<!-- \/ Yoast SEO plugin. -->","yoast_head_json":{"title":"Organiz\u00e1mos uma jornada de debate com a Mapfre, a Santaluc\u00eda, a Accenture, a ECIJA e a Ecix na Semana dos Seguros. Junta-se a n\u00f3s?","description":"No dia 15 de fevereiro, organizaremos a palestra \"As pessoas, eixo central dos processos de neg\u00f3cio e compliance, Mapfre e Santaluc\u00eda em busca de equil\u00edbrio\" na Semana do Seguro do INESE (IFEMA Madrid).","robots":{"index":"index","follow":"follow","max-snippet":"max-snippet:-1","max-image-preview":"max-image-preview:large","max-video-preview":"max-video-preview:-1"},"canonical":"https:\/\/mailcommsgroup.com\/pt\/blog\/organizamos-uma-discussao-dia-com-mapfre-santalucia-accenture-ecija-e-ecix-em-seguros-semana-que-somos-acompanhados\/","og_locale":"pt_PT","og_type":"article","og_title":"Organiz\u00e1mos uma jornada de debate com a Mapfre, a Santaluc\u00eda, a Accenture, a ECIJA e a Ecix na Semana dos Seguros. Junta-se a n\u00f3s?","og_description":"No dia 15 de fevereiro, organizaremos a palestra \"As pessoas, eixo central dos processos de neg\u00f3cio e compliance, Mapfre e Santaluc\u00eda em busca de equil\u00edbrio\" na Semana do Seguro do INESE (IFEMA Madrid).","og_url":"https:\/\/mailcommsgroup.com\/pt\/blog\/organizamos-uma-discussao-dia-com-mapfre-santalucia-accenture-ecija-e-ecix-em-seguros-semana-que-somos-acompanhados\/","og_site_name":"Mailcomms Group","article_published_time":"2023-02-03T10:42:07+00:00","article_modified_time":"2023-09-07T15:09:53+00:00","og_image":[{"width":892,"height":623,"url":"https:\/\/mailcommsgroup.com\/wp-content\/uploads\/2023\/01\/Mailteck-CustomerComms_892x623_01.jpg","type":"image\/jpeg"}],"author":"Mailcomms Group","twitter_card":"summary_large_image","twitter_creator":"@CommsCustomer","twitter_site":"@CommsCustomer","twitter_misc":{"Escrito por":"Mailcomms Group","Tempo estimado de leitura":"3 minutos"},"schema":{"@context":"https:\/\/schema.org","@graph":[{"@type":"Article","@id":"https:\/\/mailcommsgroup.com\/pt\/blog\/organizamos-uma-discussao-dia-com-mapfre-santalucia-accenture-ecija-e-ecix-em-seguros-semana-que-somos-acompanhados\/#article","isPartOf":{"@id":"https:\/\/mailcommsgroup.com\/pt\/blog\/organizamos-uma-discussao-dia-com-mapfre-santalucia-accenture-ecija-e-ecix-em-seguros-semana-que-somos-acompanhados\/"},"author":{"name":"Mailcomms Group","@id":"https:\/\/mailcommsgroup.com\/pt\/#\/schema\/person\/c3a3ecfc795ade78319e6b1af9d65684"},"headline":"Organiz\u00e1mos uma jornada de debate com a Mapfre, a Santaluc\u00eda, a Accenture, a ECIJA e a Ecix na Semana dos Seguros. Junta-se a n\u00f3s?","datePublished":"2023-02-03T10:42:07+00:00","dateModified":"2023-09-07T15:09:53+00:00","mainEntityOfPage":{"@id":"https:\/\/mailcommsgroup.com\/pt\/blog\/organizamos-uma-discussao-dia-com-mapfre-santalucia-accenture-ecija-e-ecix-em-seguros-semana-que-somos-acompanhados\/"},"wordCount":715,"publisher":{"@id":"https:\/\/mailcommsgroup.com\/pt\/#organization"},"image":{"@id":"https:\/\/mailcommsgroup.com\/pt\/blog\/organizamos-uma-discussao-dia-com-mapfre-santalucia-accenture-ecija-e-ecix-em-seguros-semana-que-somos-acompanhados\/#primaryimage"},"thumbnailUrl":"https:\/\/mailcommsgroup.com\/wp-content\/uploads\/2023\/01\/Mailteck-CustomerComms_892x623_01.jpg","articleSection":["Not\u00edcias da empresa"],"inLanguage":"pt-PT"},{"@type":"WebPage","@id":"https:\/\/mailcommsgroup.com\/pt\/blog\/organizamos-uma-discussao-dia-com-mapfre-santalucia-accenture-ecija-e-ecix-em-seguros-semana-que-somos-acompanhados\/","url":"https:\/\/mailcommsgroup.com\/pt\/blog\/organizamos-uma-discussao-dia-com-mapfre-santalucia-accenture-ecija-e-ecix-em-seguros-semana-que-somos-acompanhados\/","name":"Organiz\u00e1mos uma jornada de debate com a Mapfre, a Santaluc\u00eda, a Accenture, a ECIJA e a Ecix na Semana dos Seguros. Junta-se a n\u00f3s?","isPartOf":{"@id":"https:\/\/mailcommsgroup.com\/pt\/#website"},"primaryImageOfPage":{"@id":"https:\/\/mailcommsgroup.com\/pt\/blog\/organizamos-uma-discussao-dia-com-mapfre-santalucia-accenture-ecija-e-ecix-em-seguros-semana-que-somos-acompanhados\/#primaryimage"},"image":{"@id":"https:\/\/mailcommsgroup.com\/pt\/blog\/organizamos-uma-discussao-dia-com-mapfre-santalucia-accenture-ecija-e-ecix-em-seguros-semana-que-somos-acompanhados\/#primaryimage"},"thumbnailUrl":"https:\/\/mailcommsgroup.com\/wp-content\/uploads\/2023\/01\/Mailteck-CustomerComms_892x623_01.jpg","datePublished":"2023-02-03T10:42:07+00:00","dateModified":"2023-09-07T15:09:53+00:00","description":"No dia 15 de fevereiro, organizaremos a palestra \"As pessoas, eixo central dos processos de neg\u00f3cio e compliance, Mapfre e Santaluc\u00eda em busca de equil\u00edbrio\" na Semana do Seguro do INESE (IFEMA Madrid).","breadcrumb":{"@id":"https:\/\/mailcommsgroup.com\/pt\/blog\/organizamos-uma-discussao-dia-com-mapfre-santalucia-accenture-ecija-e-ecix-em-seguros-semana-que-somos-acompanhados\/#breadcrumb"},"inLanguage":"pt-PT","potentialAction":[{"@type":"ReadAction","target":["https:\/\/mailcommsgroup.com\/pt\/blog\/organizamos-uma-discussao-dia-com-mapfre-santalucia-accenture-ecija-e-ecix-em-seguros-semana-que-somos-acompanhados\/"]}]},{"@type":"ImageObject","inLanguage":"pt-PT","@id":"https:\/\/mailcommsgroup.com\/pt\/blog\/organizamos-uma-discussao-dia-com-mapfre-santalucia-accenture-ecija-e-ecix-em-seguros-semana-que-somos-acompanhados\/#primaryimage","url":"https:\/\/mailcommsgroup.com\/wp-content\/uploads\/2023\/01\/Mailteck-CustomerComms_892x623_01.jpg","contentUrl":"https:\/\/mailcommsgroup.com\/wp-content\/uploads\/2023\/01\/Mailteck-CustomerComms_892x623_01.jpg","width":892,"height":623,"caption":"Organizamos una jornada debate con Mapfre, Santaluc\u00eda, Accenture, ECIJA y Ecix en la Semana del Seguro. \u00bfNos acompa\u00f1as?"},{"@type":"BreadcrumbList","@id":"https:\/\/mailcommsgroup.com\/pt\/blog\/organizamos-uma-discussao-dia-com-mapfre-santalucia-accenture-ecija-e-ecix-em-seguros-semana-que-somos-acompanhados\/#breadcrumb","itemListElement":[{"@type":"ListItem","position":1,"name":"Mailcomms Group","item":"https:\/\/mailcommsgroup.com\/pt\/"},{"@type":"ListItem","position":2,"name":"Blogue","item":"https:\/\/mailcommsgroup.com\/pt\/blog\/"},{"@type":"ListItem","position":3,"name":"Organiz\u00e1mos uma jornada de debate com a Mapfre, a Santaluc\u00eda, a Accenture, a ECIJA e a Ecix na Semana dos Seguros. Junta-se a n\u00f3s?"}]},{"@type":"WebSite","@id":"https:\/\/mailcommsgroup.com\/pt\/#website","url":"https:\/\/mailcommsgroup.com\/pt\/","name":"MailComms Group","description":"La transformaci\u00f3n digital a trav\u00e9s de la comunicaci\u00f3n omnicanal, con plena validez legal.","publisher":{"@id":"https:\/\/mailcommsgroup.com\/pt\/#organization"},"alternateName":"MailComms Group","potentialAction":[{"@type":"SearchAction","target":{"@type":"EntryPoint","urlTemplate":"https:\/\/mailcommsgroup.com\/pt\/?s={search_term_string}"},"query-input":{"@type":"PropertyValueSpecification","valueRequired":true,"valueName":"search_term_string"}}],"inLanguage":"pt-PT"},{"@type":"Organization","@id":"https:\/\/mailcommsgroup.com\/pt\/#organization","name":"MailComms Group - Soluciones de comunicaci\u00f3n omnicanal con validez legal.","alternateName":"MailComms Group","url":"https:\/\/mailcommsgroup.com\/pt\/","logo":{"@type":"ImageObject","inLanguage":"pt-PT","@id":"https:\/\/mailcommsgroup.com\/pt\/#\/schema\/logo\/image\/","url":"https:\/\/mailcommsgroup.com\/wp-content\/uploads\/2023\/05\/icon_mini_mailcommsgroup.png","contentUrl":"https:\/\/mailcommsgroup.com\/wp-content\/uploads\/2023\/05\/icon_mini_mailcommsgroup.png","width":512,"height":512,"caption":"MailComms Group - Soluciones de comunicaci\u00f3n omnicanal con validez legal."},"image":{"@id":"https:\/\/mailcommsgroup.com\/pt\/#\/schema\/logo\/image\/"},"sameAs":["https:\/\/x.com\/CommsCustomer","https:\/\/www.linkedin.com\/company\/customercomms\/","https:\/\/www.youtube.com\/channel\/UCtvYLee1QHy89JS2-gMgnTQ"]},{"@type":"Person","@id":"https:\/\/mailcommsgroup.com\/pt\/#\/schema\/person\/c3a3ecfc795ade78319e6b1af9d65684","name":"Mailcomms Group","image":{"@type":"ImageObject","inLanguage":"pt-PT","@id":"https:\/\/secure.gravatar.com\/avatar\/f4012bdfd3c1190166ba510602a508ab2a504cafc93cf37f0c8cbdc54e85846a?s=96&d=mm&r=g","url":"https:\/\/secure.gravatar.com\/avatar\/f4012bdfd3c1190166ba510602a508ab2a504cafc93cf37f0c8cbdc54e85846a?s=96&d=mm&r=g","contentUrl":"https:\/\/secure.gravatar.com\/avatar\/f4012bdfd3c1190166ba510602a508ab2a504cafc93cf37f0c8cbdc54e85846a?s=96&d=mm&r=g","caption":"Mailcomms Group"},"sameAs":["https:\/\/mailcommsgroup.com"],"url":"https:\/\/mailcommsgroup.com\/pt\/blog\/author\/ntrwrks_ccmms\/"}]}},"_links":{"self":[{"href":"https:\/\/mailcommsgroup.com\/pt\/wp-json\/wp\/v2\/posts\/21166","targetHints":{"allow":["GET"]}}],"collection":[{"href":"https:\/\/mailcommsgroup.com\/pt\/wp-json\/wp\/v2\/posts"}],"about":[{"href":"https:\/\/mailcommsgroup.com\/pt\/wp-json\/wp\/v2\/types\/post"}],"author":[{"embeddable":true,"href":"https:\/\/mailcommsgroup.com\/pt\/wp-json\/wp\/v2\/users\/1"}],"replies":[{"embeddable":true,"href":"https:\/\/mailcommsgroup.com\/pt\/wp-json\/wp\/v2\/comments?post=21166"}],"version-history":[{"count":10,"href":"https:\/\/mailcommsgroup.com\/pt\/wp-json\/wp\/v2\/posts\/21166\/revisions"}],"predecessor-version":[{"id":21282,"href":"https:\/\/mailcommsgroup.com\/pt\/wp-json\/wp\/v2\/posts\/21166\/revisions\/21282"}],"wp:featuredmedia":[{"embeddable":true,"href":"https:\/\/mailcommsgroup.com\/pt\/wp-json\/wp\/v2\/media\/20090"}],"wp:attachment":[{"href":"https:\/\/mailcommsgroup.com\/pt\/wp-json\/wp\/v2\/media?parent=21166"}],"wp:term":[{"taxonomy":"category","embeddable":true,"href":"https:\/\/mailcommsgroup.com\/pt\/wp-json\/wp\/v2\/categories?post=21166"}],"curies":[{"name":"wp","href":"https:\/\/api.w.org\/{rel}","templated":true}]}}