{"id":36208,"date":"2025-06-25T14:12:12","date_gmt":"2025-06-25T12:12:12","guid":{"rendered":"https:\/\/mailcommsgroup.com\/?p=36208"},"modified":"2025-06-30T12:57:49","modified_gmt":"2025-06-30T10:57:49","slug":"we-get-the-family-responsible-company-certificate-efr","status":"publish","type":"post","link":"https:\/\/mailcommsgroup.com\/en\/blog\/we-get-the-family-responsible-company-certificate-efr\/","title":{"rendered":"We obtained the Family Responsible Company (efr) certificate."},"content":{"rendered":"<div class=\"wpb-content-wrapper\"><p>[vc_row type=&#8221;grid&#8221;][vc_column dp_animation=&#8221;&#8221;][vc_single_image image=&#8221;36342&#8243; img_size=&#8221;full&#8221; alignment=&#8221;right&#8221; css=&#8221;&#8221; dp_animation=&#8221;&#8221; alt=&#8221;Marian Garc\u00eda Benito &#8211; Marketing Product Manager&#8221;][vc_raw_html]PHN0eWxlPiAuZW50cnktY29udGVudCBhIHsgY29sb3I6ICMwZjY0NWY7fSAKCgoKPC9zdHlsZT4=[\/vc_raw_html][vc_empty_space height=&#8221;20px&#8221;][vc_column_text css=&#8221;&#8221; dp_animation=&#8221;&#8221;]At <strong>MailTecK<\/strong> we have just obtained the <strong>Family-Responsible Company (efr) certificate<\/strong>, <strong>awarded by the M\u00e1sfamilia Foundation, supported by the United Nations and the only one approved by the Ministry of Social Rights, Consumption and Agenda 2030 of the Government of Spain.<\/strong> The awards were presented by <strong>Rosa Mart\u00ednez, Secretary of State for Social Rights<\/strong>, to the entities that have achieved them in 2025.<\/p>\n<p>Of all our certifications, this is one of the most special for us, as it analyzes the measures in place to guarantee the well-being of our employees, especially with regard to <strong>family reconciliation<\/strong>.[\/vc_column_text][\/vc_column][\/vc_row][vc_row type=&#8221;grid&#8221;][vc_column dp_animation=&#8221;&#8221;][vc_column_text css=&#8221;.vc_custom_1750755464843{padding-top: 10px !important;padding-bottom: 10px !important;}&#8221; dp_animation=&#8221;&#8221;]<\/p>\n<blockquote><p>&#8220;Work-life balance and productivity go hand in hand. In companies that have a work-life balance, workers are happier and, in the end, this has an impact on the company&#8217;s productivity.<strong>&#8220;<\/strong><br \/>\n<strong>David Ramos, Head of Human Resources, who collected the certificate.<\/strong><\/p><\/blockquote>\n<p>[\/vc_column_text][\/vc_column][\/vc_row][vc_row type=&#8221;grid&#8221;][vc_column dp_animation=&#8221;&#8221;][vc_column_text css=&#8221;&#8221; dp_animation=&#8221;&#8221;]<img loading=\"lazy\" decoding=\"async\" class=\"alignnone size-full wp-image-36345\" src=\"https:\/\/mailcommsgroup.com\/wp-content\/uploads\/2025\/06\/certificado-empresa-familiarmente-responsable-2.webp\" alt=\"\" width=\"892\" height=\"623\" srcset=\"https:\/\/mailcommsgroup.com\/wp-content\/uploads\/2025\/06\/certificado-empresa-familiarmente-responsable-2.webp 892w, https:\/\/mailcommsgroup.com\/wp-content\/uploads\/2025\/06\/certificado-empresa-familiarmente-responsable-2-300x210.webp 300w, https:\/\/mailcommsgroup.com\/wp-content\/uploads\/2025\/06\/certificado-empresa-familiarmente-responsable-2-768x536.webp 768w\" sizes=\"auto, (max-width: 892px) 100vw, 892px\" \/><\/p>\n<p>During the audit carried out by the M\u00e1sfamilia Foundation, <strong>improvements in the labor area<\/strong> have been taken into account <strong>in three main groups<\/strong>: quality of employment, spatial and temporal flexibility and family support. In the first group, aspects such as our commitment to <strong>employment stability<\/strong>, through permanent contracts, as well as payroll options (number of payments at the employee&#8217;s choice) and the offer of two advantageous leisure platforms for our staff stand out. <\/p>\n<p>The area of <strong>spatial and temporal flexibility<\/strong> includes measures aimed at designing work schedules that meet the work-life balance needs of each employee, including flexible working hours, remote work options and intensive working hours.<\/p>\n<p>Finally, the <strong>family support<\/strong> category includes the provision for teleworking in summer during the vacation of dependent minors or in the event of illness of ascendants and descendants. Also provided in this section are the needs for time off to attend school tutorials for sons and daughters.[\/vc_column_text][\/vc_column][\/vc_row][vc_row type=&#8221;grid&#8221;][vc_column dp_animation=&#8221;&#8221;][vc_column_text css=&#8221;&#8221; dp_animation=&#8221;&#8221;]<img loading=\"lazy\" decoding=\"async\" class=\"alignnone size-full wp-image-36348\" src=\"https:\/\/mailcommsgroup.com\/wp-content\/uploads\/2025\/06\/certificado-empresa-familiarmente-responsable-3.webp\" alt=\"\" width=\"892\" height=\"623\" srcset=\"https:\/\/mailcommsgroup.com\/wp-content\/uploads\/2025\/06\/certificado-empresa-familiarmente-responsable-3.webp 892w, https:\/\/mailcommsgroup.com\/wp-content\/uploads\/2025\/06\/certificado-empresa-familiarmente-responsable-3-300x210.webp 300w, https:\/\/mailcommsgroup.com\/wp-content\/uploads\/2025\/06\/certificado-empresa-familiarmente-responsable-3-768x536.webp 768w\" sizes=\"auto, (max-width: 892px) 100vw, 892px\" \/>[\/vc_column_text][\/vc_column][\/vc_row][vc_row type=&#8221;grid&#8221;][vc_column dp_animation=&#8221;&#8221;][vc_column_text css=&#8221;.vc_custom_1750870910420{padding-top: 10px !important;padding-bottom: 10px !important;}&#8221; dp_animation=&#8221;&#8221;]<\/p>\n<blockquote><p>&#8220;This is a very important distinction for us because it certifies the importance we give to the welfare of people and also encourages us to continue improving in this aspect<strong>&#8220;<\/strong><br \/>\n<strong>Javier Echebarr\u00eda, CEO and founder of the company.<\/strong><\/p><\/blockquote>\n<p>[\/vc_column_text][\/vc_column][\/vc_row][vc_row type=&#8221;grid&#8221;][vc_column dp_animation=&#8221;&#8221;][vc_column_text css=&#8221;&#8221; dp_animation=&#8221;&#8221;]The M\u00e1sfamilia Foundation, which carries out the audits and awards the badges, is a private, non-profit organization with more than 20 years of experience in the analysis of professional and family reconciliation and more than 1,000 certified entities. Through the efr initiative, the foundation seeks <strong>social change and cultural transformation within companies.<\/strong>[\/vc_column_text][\/vc_column][\/vc_row]<\/p>\n<\/div>","protected":false},"excerpt":{"rendered":"<p>We have just obtained the efr distinction, awarded by the M\u00e1sfamilia Foundation to those organizations that facilitate the work-life balance of their staff through measures designed for social welfare and cultural transformation. We tell you more details about this certificate. <\/p>\n","protected":false},"author":1,"featured_media":36343,"comment_status":"closed","ping_status":"closed","sticky":false,"template":"","format":"standard","meta":{"_acf_changed":false,"footnotes":""},"categories":[482],"class_list":["post-36208","post","type-post","status-publish","format-standard","has-post-thumbnail","hentry","category-corporate-news"],"acf":[],"yoast_head":"<!-- This site is optimized with the Yoast SEO plugin v27.2 - https:\/\/yoast.com\/product\/yoast-seo-wordpress\/ -->\n<title>We obtained the Family-Responsible Company certificate<\/title>\n<meta name=\"description\" content=\"We have just obtained the efr distinction, awarded by the M\u00e1sfamilia Foundation to those organizations that facilitate the work-life balance of their staff through measures designed for social welfare and cultural transformation.\" \/>\n<meta name=\"robots\" content=\"index, follow, max-snippet:-1, max-image-preview:large, max-video-preview:-1\" \/>\n<link rel=\"canonical\" href=\"https:\/\/mailcommsgroup.com\/en\/blog\/we-get-the-family-responsible-company-certificate-efr\/\" \/>\n<meta property=\"og:locale\" content=\"en_US\" \/>\n<meta property=\"og:type\" content=\"article\" \/>\n<meta property=\"og:title\" content=\"We obtained the Family-Responsible Company certificate\" \/>\n<meta property=\"og:description\" content=\"We have just obtained the efr distinction, awarded by the M\u00e1sfamilia Foundation to those organizations that facilitate the work-life balance of their staff through measures designed for social welfare and cultural transformation.\" \/>\n<meta property=\"og:url\" content=\"https:\/\/mailcommsgroup.com\/en\/blog\/we-get-the-family-responsible-company-certificate-efr\/\" \/>\n<meta property=\"og:site_name\" content=\"Mailcomms Group\" \/>\n<meta property=\"article:published_time\" content=\"2025-06-25T12:12:12+00:00\" \/>\n<meta property=\"article:modified_time\" content=\"2025-06-30T10:57:49+00:00\" \/>\n<meta property=\"og:image\" content=\"https:\/\/mailcommsgroup.com\/wp-content\/uploads\/2025\/02\/incorporacion-duarte-conceicao-1.webp\" \/>\n\t<meta property=\"og:image:width\" content=\"900\" \/>\n\t<meta property=\"og:image:height\" content=\"628\" \/>\n\t<meta property=\"og:image:type\" content=\"image\/webp\" \/>\n<meta name=\"author\" content=\"Mailcomms Group\" \/>\n<meta name=\"twitter:card\" content=\"summary_large_image\" \/>\n<meta name=\"twitter:title\" content=\"11\" \/>\n<meta name=\"twitter:image\" content=\"https:\/\/mailcommsgroup.com\/wp-content\/uploads\/2025\/02\/incorporacion-duarte-conceicao-1.webp\" \/>\n<meta name=\"twitter:creator\" content=\"@CommsCustomer\" \/>\n<meta name=\"twitter:site\" content=\"@CommsCustomer\" \/>\n<meta name=\"twitter:label1\" content=\"Written by\" \/>\n\t<meta name=\"twitter:data1\" content=\"Mailcomms Group\" \/>\n\t<meta name=\"twitter:label2\" content=\"Est. reading time\" \/>\n\t<meta name=\"twitter:data2\" content=\"3 minutes\" \/>\n<script type=\"application\/ld+json\" class=\"yoast-schema-graph\">{\"@context\":\"https:\/\/schema.org\",\"@graph\":[{\"@type\":\"Article\",\"@id\":\"https:\/\/mailcommsgroup.com\/en\/blog\/we-get-the-family-responsible-company-certificate-efr\/#article\",\"isPartOf\":{\"@id\":\"https:\/\/mailcommsgroup.com\/en\/blog\/we-get-the-family-responsible-company-certificate-efr\/\"},\"author\":{\"name\":\"Mailcomms Group\",\"@id\":\"https:\/\/mailcommsgroup.com\/en\/#\/schema\/person\/c3a3ecfc795ade78319e6b1af9d65684\"},\"headline\":\"We obtained the Family Responsible Company (efr) certificate.\",\"datePublished\":\"2025-06-25T12:12:12+00:00\",\"dateModified\":\"2025-06-30T10:57:49+00:00\",\"mainEntityOfPage\":{\"@id\":\"https:\/\/mailcommsgroup.com\/en\/blog\/we-get-the-family-responsible-company-certificate-efr\/\"},\"wordCount\":575,\"publisher\":{\"@id\":\"https:\/\/mailcommsgroup.com\/en\/#organization\"},\"image\":{\"@id\":\"https:\/\/mailcommsgroup.com\/en\/blog\/we-get-the-family-responsible-company-certificate-efr\/#primaryimage\"},\"thumbnailUrl\":\"https:\/\/mailcommsgroup.com\/wp-content\/uploads\/2025\/06\/certificado-empresa-familiarmente-responsable-1.webp\",\"articleSection\":[\"Corporate News\"],\"inLanguage\":\"en-US\"},{\"@type\":\"WebPage\",\"@id\":\"https:\/\/mailcommsgroup.com\/en\/blog\/we-get-the-family-responsible-company-certificate-efr\/\",\"url\":\"https:\/\/mailcommsgroup.com\/en\/blog\/we-get-the-family-responsible-company-certificate-efr\/\",\"name\":\"We obtained the Family-Responsible Company certificate\",\"isPartOf\":{\"@id\":\"https:\/\/mailcommsgroup.com\/en\/#website\"},\"primaryImageOfPage\":{\"@id\":\"https:\/\/mailcommsgroup.com\/en\/blog\/we-get-the-family-responsible-company-certificate-efr\/#primaryimage\"},\"image\":{\"@id\":\"https:\/\/mailcommsgroup.com\/en\/blog\/we-get-the-family-responsible-company-certificate-efr\/#primaryimage\"},\"thumbnailUrl\":\"https:\/\/mailcommsgroup.com\/wp-content\/uploads\/2025\/06\/certificado-empresa-familiarmente-responsable-1.webp\",\"datePublished\":\"2025-06-25T12:12:12+00:00\",\"dateModified\":\"2025-06-30T10:57:49+00:00\",\"description\":\"We have just obtained the efr distinction, awarded by the M\u00e1sfamilia Foundation to those organizations that facilitate the work-life balance of their staff through measures designed for social welfare and cultural transformation.\",\"breadcrumb\":{\"@id\":\"https:\/\/mailcommsgroup.com\/en\/blog\/we-get-the-family-responsible-company-certificate-efr\/#breadcrumb\"},\"inLanguage\":\"en-US\",\"potentialAction\":[{\"@type\":\"ReadAction\",\"target\":[\"https:\/\/mailcommsgroup.com\/en\/blog\/we-get-the-family-responsible-company-certificate-efr\/\"]}]},{\"@type\":\"ImageObject\",\"inLanguage\":\"en-US\",\"@id\":\"https:\/\/mailcommsgroup.com\/en\/blog\/we-get-the-family-responsible-company-certificate-efr\/#primaryimage\",\"url\":\"https:\/\/mailcommsgroup.com\/wp-content\/uploads\/2025\/06\/certificado-empresa-familiarmente-responsable-1.webp\",\"contentUrl\":\"https:\/\/mailcommsgroup.com\/wp-content\/uploads\/2025\/06\/certificado-empresa-familiarmente-responsable-1.webp\",\"width\":892,\"height\":623,\"caption\":\"Certificado empresa familiarmente responsable\"},{\"@type\":\"BreadcrumbList\",\"@id\":\"https:\/\/mailcommsgroup.com\/en\/blog\/we-get-the-family-responsible-company-certificate-efr\/#breadcrumb\",\"itemListElement\":[{\"@type\":\"ListItem\",\"position\":1,\"name\":\"Mailcomms Group\",\"item\":\"https:\/\/mailcommsgroup.com\/en\/\"},{\"@type\":\"ListItem\",\"position\":2,\"name\":\"Blog\",\"item\":\"https:\/\/mailcommsgroup.com\/en\/blog\/\"},{\"@type\":\"ListItem\",\"position\":3,\"name\":\"We obtained the Family Responsible Company (efr) certificate.\"}]},{\"@type\":\"WebSite\",\"@id\":\"https:\/\/mailcommsgroup.com\/en\/#website\",\"url\":\"https:\/\/mailcommsgroup.com\/en\/\",\"name\":\"MailComms Group\",\"description\":\"La transformaci\u00f3n digital a trav\u00e9s de la comunicaci\u00f3n omnicanal, con plena validez legal.\",\"publisher\":{\"@id\":\"https:\/\/mailcommsgroup.com\/en\/#organization\"},\"alternateName\":\"MailComms Group\",\"potentialAction\":[{\"@type\":\"SearchAction\",\"target\":{\"@type\":\"EntryPoint\",\"urlTemplate\":\"https:\/\/mailcommsgroup.com\/en\/?s={search_term_string}\"},\"query-input\":{\"@type\":\"PropertyValueSpecification\",\"valueRequired\":true,\"valueName\":\"search_term_string\"}}],\"inLanguage\":\"en-US\"},{\"@type\":\"Organization\",\"@id\":\"https:\/\/mailcommsgroup.com\/en\/#organization\",\"name\":\"MailComms Group - Soluciones de comunicaci\u00f3n omnicanal con validez legal.\",\"alternateName\":\"MailComms Group\",\"url\":\"https:\/\/mailcommsgroup.com\/en\/\",\"logo\":{\"@type\":\"ImageObject\",\"inLanguage\":\"en-US\",\"@id\":\"https:\/\/mailcommsgroup.com\/en\/#\/schema\/logo\/image\/\",\"url\":\"https:\/\/mailcommsgroup.com\/wp-content\/uploads\/2023\/05\/icon_mini_mailcommsgroup.png\",\"contentUrl\":\"https:\/\/mailcommsgroup.com\/wp-content\/uploads\/2023\/05\/icon_mini_mailcommsgroup.png\",\"width\":512,\"height\":512,\"caption\":\"MailComms Group - Soluciones de comunicaci\u00f3n omnicanal con validez legal.\"},\"image\":{\"@id\":\"https:\/\/mailcommsgroup.com\/en\/#\/schema\/logo\/image\/\"},\"sameAs\":[\"https:\/\/x.com\/CommsCustomer\",\"https:\/\/www.linkedin.com\/company\/customercomms\/\",\"https:\/\/www.youtube.com\/channel\/UCtvYLee1QHy89JS2-gMgnTQ\"]},{\"@type\":\"Person\",\"@id\":\"https:\/\/mailcommsgroup.com\/en\/#\/schema\/person\/c3a3ecfc795ade78319e6b1af9d65684\",\"name\":\"Mailcomms Group\",\"image\":{\"@type\":\"ImageObject\",\"inLanguage\":\"en-US\",\"@id\":\"https:\/\/secure.gravatar.com\/avatar\/f4012bdfd3c1190166ba510602a508ab2a504cafc93cf37f0c8cbdc54e85846a?s=96&d=mm&r=g\",\"url\":\"https:\/\/secure.gravatar.com\/avatar\/f4012bdfd3c1190166ba510602a508ab2a504cafc93cf37f0c8cbdc54e85846a?s=96&d=mm&r=g\",\"contentUrl\":\"https:\/\/secure.gravatar.com\/avatar\/f4012bdfd3c1190166ba510602a508ab2a504cafc93cf37f0c8cbdc54e85846a?s=96&d=mm&r=g\",\"caption\":\"Mailcomms Group\"},\"sameAs\":[\"https:\/\/mailcommsgroup.com\"],\"url\":\"https:\/\/mailcommsgroup.com\/en\/blog\/author\/ntrwrks_ccmms\/\"}]}<\/script>\n<!-- \/ Yoast SEO plugin. -->","yoast_head_json":{"title":"We obtained the Family-Responsible Company certificate","description":"We have just obtained the efr distinction, awarded by the M\u00e1sfamilia Foundation to those organizations that facilitate the work-life balance of their staff through measures designed for social welfare and cultural transformation.","robots":{"index":"index","follow":"follow","max-snippet":"max-snippet:-1","max-image-preview":"max-image-preview:large","max-video-preview":"max-video-preview:-1"},"canonical":"https:\/\/mailcommsgroup.com\/en\/blog\/we-get-the-family-responsible-company-certificate-efr\/","og_locale":"en_US","og_type":"article","og_title":"We obtained the Family-Responsible Company certificate","og_description":"We have just obtained the efr distinction, awarded by the M\u00e1sfamilia Foundation to those organizations that facilitate the work-life balance of their staff through measures designed for social welfare and cultural transformation.","og_url":"https:\/\/mailcommsgroup.com\/en\/blog\/we-get-the-family-responsible-company-certificate-efr\/","og_site_name":"Mailcomms Group","article_published_time":"2025-06-25T12:12:12+00:00","article_modified_time":"2025-06-30T10:57:49+00:00","og_image":[{"width":900,"height":628,"url":"https:\/\/mailcommsgroup.com\/wp-content\/uploads\/2025\/02\/incorporacion-duarte-conceicao-1.webp","type":"image\/webp"}],"author":"Mailcomms Group","twitter_card":"summary_large_image","twitter_title":"11","twitter_image":"https:\/\/mailcommsgroup.com\/wp-content\/uploads\/2025\/02\/incorporacion-duarte-conceicao-1.webp","twitter_creator":"@CommsCustomer","twitter_site":"@CommsCustomer","twitter_misc":{"Written by":"Mailcomms Group","Est. reading time":"3 minutes"},"schema":{"@context":"https:\/\/schema.org","@graph":[{"@type":"Article","@id":"https:\/\/mailcommsgroup.com\/en\/blog\/we-get-the-family-responsible-company-certificate-efr\/#article","isPartOf":{"@id":"https:\/\/mailcommsgroup.com\/en\/blog\/we-get-the-family-responsible-company-certificate-efr\/"},"author":{"name":"Mailcomms Group","@id":"https:\/\/mailcommsgroup.com\/en\/#\/schema\/person\/c3a3ecfc795ade78319e6b1af9d65684"},"headline":"We obtained the Family Responsible Company (efr) certificate.","datePublished":"2025-06-25T12:12:12+00:00","dateModified":"2025-06-30T10:57:49+00:00","mainEntityOfPage":{"@id":"https:\/\/mailcommsgroup.com\/en\/blog\/we-get-the-family-responsible-company-certificate-efr\/"},"wordCount":575,"publisher":{"@id":"https:\/\/mailcommsgroup.com\/en\/#organization"},"image":{"@id":"https:\/\/mailcommsgroup.com\/en\/blog\/we-get-the-family-responsible-company-certificate-efr\/#primaryimage"},"thumbnailUrl":"https:\/\/mailcommsgroup.com\/wp-content\/uploads\/2025\/06\/certificado-empresa-familiarmente-responsable-1.webp","articleSection":["Corporate News"],"inLanguage":"en-US"},{"@type":"WebPage","@id":"https:\/\/mailcommsgroup.com\/en\/blog\/we-get-the-family-responsible-company-certificate-efr\/","url":"https:\/\/mailcommsgroup.com\/en\/blog\/we-get-the-family-responsible-company-certificate-efr\/","name":"We obtained the Family-Responsible Company certificate","isPartOf":{"@id":"https:\/\/mailcommsgroup.com\/en\/#website"},"primaryImageOfPage":{"@id":"https:\/\/mailcommsgroup.com\/en\/blog\/we-get-the-family-responsible-company-certificate-efr\/#primaryimage"},"image":{"@id":"https:\/\/mailcommsgroup.com\/en\/blog\/we-get-the-family-responsible-company-certificate-efr\/#primaryimage"},"thumbnailUrl":"https:\/\/mailcommsgroup.com\/wp-content\/uploads\/2025\/06\/certificado-empresa-familiarmente-responsable-1.webp","datePublished":"2025-06-25T12:12:12+00:00","dateModified":"2025-06-30T10:57:49+00:00","description":"We have just obtained the efr distinction, awarded by the M\u00e1sfamilia Foundation to those organizations that facilitate the work-life balance of their staff through measures designed for social welfare and cultural transformation.","breadcrumb":{"@id":"https:\/\/mailcommsgroup.com\/en\/blog\/we-get-the-family-responsible-company-certificate-efr\/#breadcrumb"},"inLanguage":"en-US","potentialAction":[{"@type":"ReadAction","target":["https:\/\/mailcommsgroup.com\/en\/blog\/we-get-the-family-responsible-company-certificate-efr\/"]}]},{"@type":"ImageObject","inLanguage":"en-US","@id":"https:\/\/mailcommsgroup.com\/en\/blog\/we-get-the-family-responsible-company-certificate-efr\/#primaryimage","url":"https:\/\/mailcommsgroup.com\/wp-content\/uploads\/2025\/06\/certificado-empresa-familiarmente-responsable-1.webp","contentUrl":"https:\/\/mailcommsgroup.com\/wp-content\/uploads\/2025\/06\/certificado-empresa-familiarmente-responsable-1.webp","width":892,"height":623,"caption":"Certificado empresa familiarmente responsable"},{"@type":"BreadcrumbList","@id":"https:\/\/mailcommsgroup.com\/en\/blog\/we-get-the-family-responsible-company-certificate-efr\/#breadcrumb","itemListElement":[{"@type":"ListItem","position":1,"name":"Mailcomms Group","item":"https:\/\/mailcommsgroup.com\/en\/"},{"@type":"ListItem","position":2,"name":"Blog","item":"https:\/\/mailcommsgroup.com\/en\/blog\/"},{"@type":"ListItem","position":3,"name":"We obtained the Family Responsible Company (efr) certificate."}]},{"@type":"WebSite","@id":"https:\/\/mailcommsgroup.com\/en\/#website","url":"https:\/\/mailcommsgroup.com\/en\/","name":"MailComms Group","description":"La transformaci\u00f3n digital a trav\u00e9s de la comunicaci\u00f3n omnicanal, con plena validez legal.","publisher":{"@id":"https:\/\/mailcommsgroup.com\/en\/#organization"},"alternateName":"MailComms Group","potentialAction":[{"@type":"SearchAction","target":{"@type":"EntryPoint","urlTemplate":"https:\/\/mailcommsgroup.com\/en\/?s={search_term_string}"},"query-input":{"@type":"PropertyValueSpecification","valueRequired":true,"valueName":"search_term_string"}}],"inLanguage":"en-US"},{"@type":"Organization","@id":"https:\/\/mailcommsgroup.com\/en\/#organization","name":"MailComms Group - Soluciones de comunicaci\u00f3n omnicanal con validez legal.","alternateName":"MailComms Group","url":"https:\/\/mailcommsgroup.com\/en\/","logo":{"@type":"ImageObject","inLanguage":"en-US","@id":"https:\/\/mailcommsgroup.com\/en\/#\/schema\/logo\/image\/","url":"https:\/\/mailcommsgroup.com\/wp-content\/uploads\/2023\/05\/icon_mini_mailcommsgroup.png","contentUrl":"https:\/\/mailcommsgroup.com\/wp-content\/uploads\/2023\/05\/icon_mini_mailcommsgroup.png","width":512,"height":512,"caption":"MailComms Group - Soluciones de comunicaci\u00f3n omnicanal con validez legal."},"image":{"@id":"https:\/\/mailcommsgroup.com\/en\/#\/schema\/logo\/image\/"},"sameAs":["https:\/\/x.com\/CommsCustomer","https:\/\/www.linkedin.com\/company\/customercomms\/","https:\/\/www.youtube.com\/channel\/UCtvYLee1QHy89JS2-gMgnTQ"]},{"@type":"Person","@id":"https:\/\/mailcommsgroup.com\/en\/#\/schema\/person\/c3a3ecfc795ade78319e6b1af9d65684","name":"Mailcomms Group","image":{"@type":"ImageObject","inLanguage":"en-US","@id":"https:\/\/secure.gravatar.com\/avatar\/f4012bdfd3c1190166ba510602a508ab2a504cafc93cf37f0c8cbdc54e85846a?s=96&d=mm&r=g","url":"https:\/\/secure.gravatar.com\/avatar\/f4012bdfd3c1190166ba510602a508ab2a504cafc93cf37f0c8cbdc54e85846a?s=96&d=mm&r=g","contentUrl":"https:\/\/secure.gravatar.com\/avatar\/f4012bdfd3c1190166ba510602a508ab2a504cafc93cf37f0c8cbdc54e85846a?s=96&d=mm&r=g","caption":"Mailcomms Group"},"sameAs":["https:\/\/mailcommsgroup.com"],"url":"https:\/\/mailcommsgroup.com\/en\/blog\/author\/ntrwrks_ccmms\/"}]}},"_links":{"self":[{"href":"https:\/\/mailcommsgroup.com\/en\/wp-json\/wp\/v2\/posts\/36208","targetHints":{"allow":["GET"]}}],"collection":[{"href":"https:\/\/mailcommsgroup.com\/en\/wp-json\/wp\/v2\/posts"}],"about":[{"href":"https:\/\/mailcommsgroup.com\/en\/wp-json\/wp\/v2\/types\/post"}],"author":[{"embeddable":true,"href":"https:\/\/mailcommsgroup.com\/en\/wp-json\/wp\/v2\/users\/1"}],"replies":[{"embeddable":true,"href":"https:\/\/mailcommsgroup.com\/en\/wp-json\/wp\/v2\/comments?post=36208"}],"version-history":[{"count":5,"href":"https:\/\/mailcommsgroup.com\/en\/wp-json\/wp\/v2\/posts\/36208\/revisions"}],"predecessor-version":[{"id":36378,"href":"https:\/\/mailcommsgroup.com\/en\/wp-json\/wp\/v2\/posts\/36208\/revisions\/36378"}],"wp:featuredmedia":[{"embeddable":true,"href":"https:\/\/mailcommsgroup.com\/en\/wp-json\/wp\/v2\/media\/36343"}],"wp:attachment":[{"href":"https:\/\/mailcommsgroup.com\/en\/wp-json\/wp\/v2\/media?parent=36208"}],"wp:term":[{"taxonomy":"category","embeddable":true,"href":"https:\/\/mailcommsgroup.com\/en\/wp-json\/wp\/v2\/categories?post=36208"}],"curies":[{"name":"wp","href":"https:\/\/api.w.org\/{rel}","templated":true}]}}