{"id":28870,"date":"2024-09-26T13:01:02","date_gmt":"2024-09-26T11:01:02","guid":{"rendered":"https:\/\/mailcommsgroup.com\/blog\/the-un-global-pact-the-greatest-corporate-sustainability-corporate-alliance-in-the-world\/"},"modified":"2025-08-25T11:30:13","modified_gmt":"2025-08-25T09:30:13","slug":"the-un-global-pact-the-greatest-corporate-sustainability-corporate-alliance-in-the-world","status":"publish","type":"post","link":"https:\/\/mailcommsgroup.com\/en\/blog\/the-un-global-pact-the-greatest-corporate-sustainability-corporate-alliance-in-the-world\/","title":{"rendered":"The UN Global Compact: The world&#8217;s largest corporate sustainability partnership"},"content":{"rendered":"<div class=\"wpb-content-wrapper\"><p>[vc_row][vc_column][vc_single_image image=&#8221;28593&#8243; img_size=&#8221;full&#8221;][\/vc_column][\/vc_row][vc_row][vc_column][vc_empty_space height=&#8221;20px&#8221;][vc_column_text css=&#8221;.vc_custom_1731315566334{padding-top: 50px !important;padding-right: 50px !important;padding-bottom: 50px !important;padding-left: 50px !important;background-color: #f2f2f2 !important;}&#8221;]<span style=\"font-size: 20px;\"><strong>Table of Contents  <\/strong><\/span><\/p>\n<ol>\n<li><a href=\"#uno\">Introduction<\/a><\/li>\n<li><a href=\"#dos\">UN Global Compact<\/a><\/li>\n<li><a href=\"#tres\">Why is this covenant necessary?<\/a><\/li>\n<li><a href=\"#cuatro\">Initiatives launched<\/a><\/li>\n<li><a href=\"#cinco\">The participation of the MailComms Group<\/a><\/li>\n<\/ol>\n<p>[\/vc_column_text][\/vc_column][\/vc_row][vc_row][vc_column][vc_empty_space height=&#8221;100px&#8221; el_id=&#8221;uno&#8221; css=&#8221;.vc_custom_1731315707014{margin-top: -70px !important;}&#8221;][vc_column_text css=&#8221;.vc_custom_1727250679133{padding-top: 15px !important;padding-right: 15px !important;padding-bottom: 15px !important;padding-left: 15px !important;background-color: #47d7ac !important;}&#8221;]<\/p>\n<h2 style=\"margin-top: 0;\"><span style=\"color: #000000;\"><strong>Introduction<\/strong><\/span><\/h2>\n<p>[\/vc_column_text][vc_column_text]<strong>We have joined the UN Global Compact, the world&#8217;s largest corporate sustainability initiative<\/strong>. Among many other things, this means that we at MailComms Group, like all other participating companies and organizations, <strong>are committed<\/strong> to aligning our operations with the <a href=\"https:\/\/www.pactomundial.org\/que-puedes-hacer-tu\/diez-principios\/\" target=\"_blank\" rel=\"noopener\">ten universally accepted principles<\/a> affecting areas such as <strong>human rights, labor standards, environment and anti-corruption<\/strong>. <\/p>\n<p>But <strong>what is the UN Global Compact and what is it for?<\/strong> We explain it to you in this article.[\/vc_column_text][vc_empty_space height=&#8221;120px&#8221; el_id=&#8221;dos&#8221; css=&#8221;.vc_custom_1731315606181{margin-top: -100px !important;}&#8221;][vc_column_text css=&#8221;.vc_custom_1727253053836{padding-top: 15px !important;padding-right: 15px !important;padding-bottom: 15px !important;padding-left: 15px !important;background-color: #47d7ac !important;}&#8221;]<\/p>\n<h2 style=\"margin-top: 0;\"><span style=\"color: #000000;\"><strong>UN Global Compact<\/strong><\/span><\/h2>\n<p>[\/vc_column_text][vc_column_text]Launched in 2000, the UN Global Compact is <strong>a global corporate sustainability initiative<\/strong> to which more than 21,000 entities from 160 countries have adhered. In addition, in line with its collaborative identity, there are <strong>70 local networks<\/strong> around this pact that develop its principles adapted to the particular realities of each country. <strong>Spain has one of these networks<\/strong>, one of the most important in terms of the number of members, 1,600 organizations, the progress reports or sustainability reports submitted, the performance demonstrated and the solutions implemented. <\/p>\n<p>In addition to <strong>respecting and promoting the ten UN principles<\/strong>, the signatories are working to take action to <strong>achieve the UN Sustainable Development Goals<\/strong>, as we have been doing for years. Indeed, this accession is a natural step in <a href=\"https:\/\/mailcommsgroup.com\/en\/us\/sustainability\/\" target=\"_blank\" rel=\"noopener\">our sustainability strategy<\/a> and a major step forward in our contribution to one of our preferred SDGs, SDG 17: <strong>Partnerships to Achieve the Goals<\/strong>. And the ultimate goal is to care for the planet and all its life forms, as well as to leave a positive legacy for generations to come.  <\/p>\n<p><a href=\"https:\/\/www.pactomundial.org\/participantes\/\" target=\"_blank\" rel=\"noopener\">On this page,<\/a> you can search for the company&#8217;s member companies in Spain. You will find us as <strong>MailTecK<\/strong>, the company that created the group.[\/vc_column_text][vc_empty_space height=&#8221;120px&#8221; el_id=&#8221;tres&#8221; css=&#8221;.vc_custom_1731315616525{margin-top: -100px !important;}&#8221;][vc_column_text css=&#8221;.vc_custom_1727254285581{padding-top: 15px !important;padding-right: 15px !important;padding-bottom: 15px !important;padding-left: 15px !important;background-color: #47d7ac !important;}&#8221;]<\/p>\n<h2 style=\"margin-top: 0;\"><span style=\"color: #000000;\"><strong>Why is this covenant necessary?<\/strong><\/span><\/h2>\n<p>[\/vc_column_text][vc_column_text]<img loading=\"lazy\" decoding=\"async\" class=\"size-full wp-image-28516 alignleft pd-r-20 pd-t-10\" src=\"https:\/\/mailcommsgroup.com\/wp-content\/uploads\/2024\/09\/mailcomms-group-ods-1.webp\" alt=\"UN Sustainable Development Goals\" width=\"425\" height=\"436\"><\/p>\n<p>Collaboration among all actors in society is essential to <strong>reverse the effects that climate change<\/strong> is having on the planet, its ecosystems and all species, including the people who inhabit it. This vision in the form of a necessary alliance was made explicit with the launch of the <strong>UN Sustainable Development Goals<\/strong>, for which the organization has sought, from the outset, the <strong>contribution and responsibility of governments and public authorities, citizens and the business community.<\/strong> Precisely the existence of this global pact and the adhesion of companies from all over the world is desirable for:  <\/p>\n<ul>\n<li>The promotion of <strong>sustainable practices<\/strong> that benefit the environment and society in general.<\/li>\n<li>The establishment of a <strong>reference framework<\/strong> based on universal standards in sustainability and human rights.<\/li>\n<li>Promoting <strong>transparency<\/strong>. Member companies are required to report annually on their progress. <\/li>\n<li>Promoting <strong>innovation<\/strong> to offer more respectful and sustainable products and services.<\/li>\n<li>Strengthening <strong>relationships with stakeholders<\/strong>, including customers, employees and local communities.<\/li>\n<li>Improved corporate image and reputation through ethical and responsible practices.<\/li>\n<\/ul>\n<p>The UN Global Compact is therefore <strong>a catalyst for companies around the world to integrate sustainability into their business and make a positive contribution to global sustainable development.<\/strong>[\/vc_column_text][vc_empty_space height=&#8221;120px&#8221; el_id=&#8221;cuatro&#8221; css=&#8221;.vc_custom_1731315628501{margin-top: -100px !important;}&#8221;][vc_column_text css=&#8221;.vc_custom_1727255274760{padding-top: 15px !important;padding-right: 15px !important;padding-bottom: 15px !important;padding-left: 15px !important;background-color: #47d7ac !important;}&#8221;]<\/p>\n<h2 style=\"margin-top: 0;\"><span style=\"color: #000000;\"><strong>Initiatives launched<\/strong><\/span><\/h2>\n<p>[\/vc_column_text][vc_column_text]Since its inception 24 years ago, the UN Global Compact has produced a large number of <strong>valuable initiatives<\/strong>.<\/p>\n<p>In accordance with its spirit, some of the most relevant of these have to do with the <strong>creation and strengthening of alliances in the private sector, and also between companies and the public sector<\/strong>, to ensure that thousands of companies, now more than 21,000, place <strong>sustainability in a preeminent position when designing their business strategies<\/strong>. The pact has also strongly promoted its 10 principles and the achievement of a universal consensus around them. <\/p>\n<p>On the other hand, and as one of its main tools, it requires signatory entities to <strong>prepare regular reports on their progress in implementing the principles and their contribution to the SDGs<\/strong>. The periodicity depends on the type of organization; for companies the obligation is annual and for NGOs, biennial. <\/p>\n<p>Another main set of activated initiatives is directly related to <strong>raising awareness and support for the 2030 agenda<\/strong> and the SDGs, with companies as key development agents, but reaching out to other strata such as, mainly, citizens and public bodies.<\/p>\n<p>In short, through its actions, the Global Compact seeks to create a global movement of responsible companies that assume an essential role in promoting sustainable development.[\/vc_column_text][vc_empty_space height=&#8221;120px&#8221; el_id=&#8221;cinco&#8221; css=&#8221;.vc_custom_1731315636901{margin-top: -100px !important;}&#8221;][vc_column_text css=&#8221;.vc_custom_1727255415973{padding-top: 15px !important;padding-right: 15px !important;padding-bottom: 15px !important;padding-left: 15px !important;background-color: #47d7ac !important;}&#8221;]<\/p>\n<h2 style=\"margin-top: 0;\"><span style=\"color: #000000;\"><strong>The participation of the MailComms Group<\/strong><\/span><\/h2>\n<p>[\/vc_column_text][vc_column_text]At MailComms Group we have joined (through our company MailTecK) to, among other things, <strong>have access to the best practices existing in the market and train our professionals in sustainability, supply chain and labor relations issues<\/strong>. In fact, two staff members have already attended the 6-month <a href=\"https:\/\/www.pactomundial.org\/sustainablesuppliers\/formacion-proveedores-sostenibles\/\" target=\"_blank\" rel=\"noopener\">Sustainable Supplier Training Program<\/a> to learn and bring knowledge to the group. The initiatives related to the covenant will also allow us to <strong>improve our efficiency, rationality and impact minimization<\/strong>, something very significant considering our activity in the <em>printing<\/em> area.  <\/p>\n<p><img loading=\"lazy\" decoding=\"async\" class=\"alignnone size-full wp-image-28706\" src=\"https:\/\/mailcommsgroup.com\/wp-content\/uploads\/2024\/09\/ods.webp\" alt=\"Sustainable supplier to achieve your environmental goals\" width=\"892\" height=\"457\" srcset=\"https:\/\/mailcommsgroup.com\/wp-content\/uploads\/2024\/09\/ods.webp 892w, https:\/\/mailcommsgroup.com\/wp-content\/uploads\/2024\/09\/ods-300x154.webp 300w, https:\/\/mailcommsgroup.com\/wp-content\/uploads\/2024\/09\/ods-768x393.webp 768w\" sizes=\"auto, (max-width: 892px) 100vw, 892px\" \/>Our desire is to be in continuous contact with the pact, its networks, and other companies to optimize our work for sustainability, from our day-to-day work and through the organizations and people we can advise or influence. On the other hand, with our membership <strong>we acquire a clear commitment to accountability with the preparation and publication of annual monitoring reports (CoP)<\/strong>. These analyses are composed of interesting data on governance, sustainability and social commitment. In this way, <strong>we will be more objective and transparent<\/strong>, and we will obtain key indicators that will help us to show our progress and make progress towards our goals.[\/vc_column_text][vc_single_image image=&#8221;28609&#8243; img_size=&#8221;full&#8221;][vc_column_text]<\/p>\n<p style=\"line-height: 15.0pt;\"><b><span style=\"font-size: 11.5pt; font-family: 'Calibri',sans-serif; color: #001447;\">PARTICIPATE IN #ODSforflag.<\/span><\/b><\/p>\n<p>[\/vc_column_text][\/vc_column][\/vc_row]<\/p>\n<\/div>","protected":false},"excerpt":{"rendered":"<p>The UN Global Compact brings together more than 21,000 organizations from 160 countries that have decided to make sustainability and social responsibility an important part of their corporate strategy. We tell you what it is and what this global initiative, to which we have recently adhered, entails. <\/p>\n","protected":false},"author":17,"featured_media":28594,"comment_status":"closed","ping_status":"open","sticky":false,"template":"","format":"standard","meta":{"_acf_changed":false,"footnotes":""},"categories":[482],"class_list":["post-28870","post","type-post","status-publish","format-standard","has-post-thumbnail","hentry","category-corporate-news"],"acf":[],"yoast_head":"<!-- This site is optimized with the Yoast SEO plugin v27.2 - https:\/\/yoast.com\/product\/yoast-seo-wordpress\/ -->\n<title>UN Global Compact: partnership for corporate sustainability<\/title>\n<meta name=\"description\" content=\"We tell you what the UN Global Compact is and what this global initiative, to which we have recently adhered, entails.\" \/>\n<meta name=\"robots\" content=\"index, follow, max-snippet:-1, max-image-preview:large, max-video-preview:-1\" \/>\n<link rel=\"canonical\" href=\"https:\/\/mailcommsgroup.com\/en\/blog\/the-un-global-pact-the-greatest-corporate-sustainability-corporate-alliance-in-the-world\/\" \/>\n<meta property=\"og:locale\" content=\"en_US\" \/>\n<meta property=\"og:type\" content=\"article\" \/>\n<meta property=\"og:title\" content=\"UN Global Compact: partnership for corporate sustainability\" \/>\n<meta property=\"og:description\" content=\"We tell you what the UN Global Compact is and what this global initiative, to which we have recently adhered, entails.\" \/>\n<meta property=\"og:url\" content=\"https:\/\/mailcommsgroup.com\/en\/blog\/the-un-global-pact-the-greatest-corporate-sustainability-corporate-alliance-in-the-world\/\" \/>\n<meta property=\"og:site_name\" content=\"Mailcomms Group\" \/>\n<meta property=\"article:published_time\" content=\"2024-09-26T11:01:02+00:00\" \/>\n<meta property=\"article:modified_time\" content=\"2025-08-25T09:30:13+00:00\" \/>\n<meta property=\"og:image\" content=\"https:\/\/mailcommsgroup.com\/wp-content\/uploads\/2024\/09\/mailcomms-group-pacto-mundial-onu2.webp\" \/>\n\t<meta property=\"og:image:width\" content=\"892\" \/>\n\t<meta property=\"og:image:height\" content=\"623\" \/>\n\t<meta property=\"og:image:type\" content=\"image\/webp\" \/>\n<meta name=\"author\" content=\"Antonio Jes\u00fas D\u00edaz Mora\" \/>\n<meta name=\"twitter:card\" content=\"summary_large_image\" \/>\n<meta name=\"twitter:creator\" content=\"@CommsCustomer\" \/>\n<meta name=\"twitter:site\" content=\"@CommsCustomer\" \/>\n<meta name=\"twitter:label1\" content=\"Written by\" \/>\n\t<meta name=\"twitter:data1\" content=\"Antonio Jes\u00fas D\u00edaz Mora\" \/>\n\t<meta name=\"twitter:label2\" content=\"Est. reading time\" \/>\n\t<meta name=\"twitter:data2\" content=\"6 minutes\" \/>\n<script type=\"application\/ld+json\" class=\"yoast-schema-graph\">{\"@context\":\"https:\/\/schema.org\",\"@graph\":[{\"@type\":\"Article\",\"@id\":\"https:\/\/mailcommsgroup.com\/en\/blog\/the-un-global-pact-the-greatest-corporate-sustainability-corporate-alliance-in-the-world\/#article\",\"isPartOf\":{\"@id\":\"https:\/\/mailcommsgroup.com\/en\/blog\/the-un-global-pact-the-greatest-corporate-sustainability-corporate-alliance-in-the-world\/\"},\"author\":{\"name\":\"Antonio Jes\u00fas D\u00edaz Mora\",\"@id\":\"https:\/\/mailcommsgroup.com\/en\/#\/schema\/person\/94931a7c5efb8bfb21f6cb35cb3c8499\"},\"headline\":\"The UN Global Compact: The world&#8217;s largest corporate sustainability partnership\",\"datePublished\":\"2024-09-26T11:01:02+00:00\",\"dateModified\":\"2025-08-25T09:30:13+00:00\",\"mainEntityOfPage\":{\"@id\":\"https:\/\/mailcommsgroup.com\/en\/blog\/the-un-global-pact-the-greatest-corporate-sustainability-corporate-alliance-in-the-world\/\"},\"wordCount\":1214,\"publisher\":{\"@id\":\"https:\/\/mailcommsgroup.com\/en\/#organization\"},\"image\":{\"@id\":\"https:\/\/mailcommsgroup.com\/en\/blog\/the-un-global-pact-the-greatest-corporate-sustainability-corporate-alliance-in-the-world\/#primaryimage\"},\"thumbnailUrl\":\"https:\/\/mailcommsgroup.com\/wp-content\/uploads\/2024\/09\/mailcomms-group-pacto-mundial-onu2.webp\",\"articleSection\":[\"Corporate News\"],\"inLanguage\":\"en-US\"},{\"@type\":\"WebPage\",\"@id\":\"https:\/\/mailcommsgroup.com\/en\/blog\/the-un-global-pact-the-greatest-corporate-sustainability-corporate-alliance-in-the-world\/\",\"url\":\"https:\/\/mailcommsgroup.com\/en\/blog\/the-un-global-pact-the-greatest-corporate-sustainability-corporate-alliance-in-the-world\/\",\"name\":\"UN Global Compact: partnership for corporate sustainability\",\"isPartOf\":{\"@id\":\"https:\/\/mailcommsgroup.com\/en\/#website\"},\"primaryImageOfPage\":{\"@id\":\"https:\/\/mailcommsgroup.com\/en\/blog\/the-un-global-pact-the-greatest-corporate-sustainability-corporate-alliance-in-the-world\/#primaryimage\"},\"image\":{\"@id\":\"https:\/\/mailcommsgroup.com\/en\/blog\/the-un-global-pact-the-greatest-corporate-sustainability-corporate-alliance-in-the-world\/#primaryimage\"},\"thumbnailUrl\":\"https:\/\/mailcommsgroup.com\/wp-content\/uploads\/2024\/09\/mailcomms-group-pacto-mundial-onu2.webp\",\"datePublished\":\"2024-09-26T11:01:02+00:00\",\"dateModified\":\"2025-08-25T09:30:13+00:00\",\"description\":\"We tell you what the UN Global Compact is and what this global initiative, to which we have recently adhered, entails.\",\"breadcrumb\":{\"@id\":\"https:\/\/mailcommsgroup.com\/en\/blog\/the-un-global-pact-the-greatest-corporate-sustainability-corporate-alliance-in-the-world\/#breadcrumb\"},\"inLanguage\":\"en-US\",\"potentialAction\":[{\"@type\":\"ReadAction\",\"target\":[\"https:\/\/mailcommsgroup.com\/en\/blog\/the-un-global-pact-the-greatest-corporate-sustainability-corporate-alliance-in-the-world\/\"]}]},{\"@type\":\"ImageObject\",\"inLanguage\":\"en-US\",\"@id\":\"https:\/\/mailcommsgroup.com\/en\/blog\/the-un-global-pact-the-greatest-corporate-sustainability-corporate-alliance-in-the-world\/#primaryimage\",\"url\":\"https:\/\/mailcommsgroup.com\/wp-content\/uploads\/2024\/09\/mailcomms-group-pacto-mundial-onu2.webp\",\"contentUrl\":\"https:\/\/mailcommsgroup.com\/wp-content\/uploads\/2024\/09\/mailcomms-group-pacto-mundial-onu2.webp\",\"width\":892,\"height\":623,\"caption\":\"Grupo MailComms se adhiere al Pacto Mundial de la ONU\"},{\"@type\":\"BreadcrumbList\",\"@id\":\"https:\/\/mailcommsgroup.com\/en\/blog\/the-un-global-pact-the-greatest-corporate-sustainability-corporate-alliance-in-the-world\/#breadcrumb\",\"itemListElement\":[{\"@type\":\"ListItem\",\"position\":1,\"name\":\"Mailcomms Group\",\"item\":\"https:\/\/mailcommsgroup.com\/en\/\"},{\"@type\":\"ListItem\",\"position\":2,\"name\":\"Blog\",\"item\":\"https:\/\/mailcommsgroup.com\/en\/blog\/\"},{\"@type\":\"ListItem\",\"position\":3,\"name\":\"The UN Global Compact: The world&#8217;s largest corporate sustainability partnership\"}]},{\"@type\":\"WebSite\",\"@id\":\"https:\/\/mailcommsgroup.com\/en\/#website\",\"url\":\"https:\/\/mailcommsgroup.com\/en\/\",\"name\":\"MailComms Group\",\"description\":\"La transformaci\u00f3n digital a trav\u00e9s de la comunicaci\u00f3n omnicanal, con plena validez legal.\",\"publisher\":{\"@id\":\"https:\/\/mailcommsgroup.com\/en\/#organization\"},\"alternateName\":\"MailComms Group\",\"potentialAction\":[{\"@type\":\"SearchAction\",\"target\":{\"@type\":\"EntryPoint\",\"urlTemplate\":\"https:\/\/mailcommsgroup.com\/en\/?s={search_term_string}\"},\"query-input\":{\"@type\":\"PropertyValueSpecification\",\"valueRequired\":true,\"valueName\":\"search_term_string\"}}],\"inLanguage\":\"en-US\"},{\"@type\":\"Organization\",\"@id\":\"https:\/\/mailcommsgroup.com\/en\/#organization\",\"name\":\"MailComms Group - Soluciones de comunicaci\u00f3n omnicanal con validez legal.\",\"alternateName\":\"MailComms Group\",\"url\":\"https:\/\/mailcommsgroup.com\/en\/\",\"logo\":{\"@type\":\"ImageObject\",\"inLanguage\":\"en-US\",\"@id\":\"https:\/\/mailcommsgroup.com\/en\/#\/schema\/logo\/image\/\",\"url\":\"https:\/\/mailcommsgroup.com\/wp-content\/uploads\/2023\/05\/icon_mini_mailcommsgroup.png\",\"contentUrl\":\"https:\/\/mailcommsgroup.com\/wp-content\/uploads\/2023\/05\/icon_mini_mailcommsgroup.png\",\"width\":512,\"height\":512,\"caption\":\"MailComms Group - Soluciones de comunicaci\u00f3n omnicanal con validez legal.\"},\"image\":{\"@id\":\"https:\/\/mailcommsgroup.com\/en\/#\/schema\/logo\/image\/\"},\"sameAs\":[\"https:\/\/x.com\/CommsCustomer\",\"https:\/\/www.linkedin.com\/company\/customercomms\/\",\"https:\/\/www.youtube.com\/channel\/UCtvYLee1QHy89JS2-gMgnTQ\"]},{\"@type\":\"Person\",\"@id\":\"https:\/\/mailcommsgroup.com\/en\/#\/schema\/person\/94931a7c5efb8bfb21f6cb35cb3c8499\",\"name\":\"Antonio Jes\u00fas D\u00edaz Mora\",\"image\":{\"@type\":\"ImageObject\",\"inLanguage\":\"en-US\",\"@id\":\"https:\/\/secure.gravatar.com\/avatar\/cf3c1639314319604fdc9ecacef7be467eebd20522f28dd0032592cee6c10758?s=96&d=mm&r=g\",\"url\":\"https:\/\/secure.gravatar.com\/avatar\/cf3c1639314319604fdc9ecacef7be467eebd20522f28dd0032592cee6c10758?s=96&d=mm&r=g\",\"contentUrl\":\"https:\/\/secure.gravatar.com\/avatar\/cf3c1639314319604fdc9ecacef7be467eebd20522f28dd0032592cee6c10758?s=96&d=mm&r=g\",\"caption\":\"Antonio Jes\u00fas D\u00edaz Mora\"},\"url\":\"https:\/\/mailcommsgroup.com\/en\/blog\/author\/antonio-jesus\/\"}]}<\/script>\n<!-- \/ Yoast SEO plugin. -->","yoast_head_json":{"title":"UN Global Compact: partnership for corporate sustainability","description":"We tell you what the UN Global Compact is and what this global initiative, to which we have recently adhered, entails.","robots":{"index":"index","follow":"follow","max-snippet":"max-snippet:-1","max-image-preview":"max-image-preview:large","max-video-preview":"max-video-preview:-1"},"canonical":"https:\/\/mailcommsgroup.com\/en\/blog\/the-un-global-pact-the-greatest-corporate-sustainability-corporate-alliance-in-the-world\/","og_locale":"en_US","og_type":"article","og_title":"UN Global Compact: partnership for corporate sustainability","og_description":"We tell you what the UN Global Compact is and what this global initiative, to which we have recently adhered, entails.","og_url":"https:\/\/mailcommsgroup.com\/en\/blog\/the-un-global-pact-the-greatest-corporate-sustainability-corporate-alliance-in-the-world\/","og_site_name":"Mailcomms Group","article_published_time":"2024-09-26T11:01:02+00:00","article_modified_time":"2025-08-25T09:30:13+00:00","og_image":[{"width":892,"height":623,"url":"https:\/\/mailcommsgroup.com\/wp-content\/uploads\/2024\/09\/mailcomms-group-pacto-mundial-onu2.webp","type":"image\/webp"}],"author":"Antonio Jes\u00fas D\u00edaz Mora","twitter_card":"summary_large_image","twitter_creator":"@CommsCustomer","twitter_site":"@CommsCustomer","twitter_misc":{"Written by":"Antonio Jes\u00fas D\u00edaz Mora","Est. reading time":"6 minutes"},"schema":{"@context":"https:\/\/schema.org","@graph":[{"@type":"Article","@id":"https:\/\/mailcommsgroup.com\/en\/blog\/the-un-global-pact-the-greatest-corporate-sustainability-corporate-alliance-in-the-world\/#article","isPartOf":{"@id":"https:\/\/mailcommsgroup.com\/en\/blog\/the-un-global-pact-the-greatest-corporate-sustainability-corporate-alliance-in-the-world\/"},"author":{"name":"Antonio Jes\u00fas D\u00edaz Mora","@id":"https:\/\/mailcommsgroup.com\/en\/#\/schema\/person\/94931a7c5efb8bfb21f6cb35cb3c8499"},"headline":"The UN Global Compact: The world&#8217;s largest corporate sustainability partnership","datePublished":"2024-09-26T11:01:02+00:00","dateModified":"2025-08-25T09:30:13+00:00","mainEntityOfPage":{"@id":"https:\/\/mailcommsgroup.com\/en\/blog\/the-un-global-pact-the-greatest-corporate-sustainability-corporate-alliance-in-the-world\/"},"wordCount":1214,"publisher":{"@id":"https:\/\/mailcommsgroup.com\/en\/#organization"},"image":{"@id":"https:\/\/mailcommsgroup.com\/en\/blog\/the-un-global-pact-the-greatest-corporate-sustainability-corporate-alliance-in-the-world\/#primaryimage"},"thumbnailUrl":"https:\/\/mailcommsgroup.com\/wp-content\/uploads\/2024\/09\/mailcomms-group-pacto-mundial-onu2.webp","articleSection":["Corporate News"],"inLanguage":"en-US"},{"@type":"WebPage","@id":"https:\/\/mailcommsgroup.com\/en\/blog\/the-un-global-pact-the-greatest-corporate-sustainability-corporate-alliance-in-the-world\/","url":"https:\/\/mailcommsgroup.com\/en\/blog\/the-un-global-pact-the-greatest-corporate-sustainability-corporate-alliance-in-the-world\/","name":"UN Global Compact: partnership for corporate sustainability","isPartOf":{"@id":"https:\/\/mailcommsgroup.com\/en\/#website"},"primaryImageOfPage":{"@id":"https:\/\/mailcommsgroup.com\/en\/blog\/the-un-global-pact-the-greatest-corporate-sustainability-corporate-alliance-in-the-world\/#primaryimage"},"image":{"@id":"https:\/\/mailcommsgroup.com\/en\/blog\/the-un-global-pact-the-greatest-corporate-sustainability-corporate-alliance-in-the-world\/#primaryimage"},"thumbnailUrl":"https:\/\/mailcommsgroup.com\/wp-content\/uploads\/2024\/09\/mailcomms-group-pacto-mundial-onu2.webp","datePublished":"2024-09-26T11:01:02+00:00","dateModified":"2025-08-25T09:30:13+00:00","description":"We tell you what the UN Global Compact is and what this global initiative, to which we have recently adhered, entails.","breadcrumb":{"@id":"https:\/\/mailcommsgroup.com\/en\/blog\/the-un-global-pact-the-greatest-corporate-sustainability-corporate-alliance-in-the-world\/#breadcrumb"},"inLanguage":"en-US","potentialAction":[{"@type":"ReadAction","target":["https:\/\/mailcommsgroup.com\/en\/blog\/the-un-global-pact-the-greatest-corporate-sustainability-corporate-alliance-in-the-world\/"]}]},{"@type":"ImageObject","inLanguage":"en-US","@id":"https:\/\/mailcommsgroup.com\/en\/blog\/the-un-global-pact-the-greatest-corporate-sustainability-corporate-alliance-in-the-world\/#primaryimage","url":"https:\/\/mailcommsgroup.com\/wp-content\/uploads\/2024\/09\/mailcomms-group-pacto-mundial-onu2.webp","contentUrl":"https:\/\/mailcommsgroup.com\/wp-content\/uploads\/2024\/09\/mailcomms-group-pacto-mundial-onu2.webp","width":892,"height":623,"caption":"Grupo MailComms se adhiere al Pacto Mundial de la ONU"},{"@type":"BreadcrumbList","@id":"https:\/\/mailcommsgroup.com\/en\/blog\/the-un-global-pact-the-greatest-corporate-sustainability-corporate-alliance-in-the-world\/#breadcrumb","itemListElement":[{"@type":"ListItem","position":1,"name":"Mailcomms Group","item":"https:\/\/mailcommsgroup.com\/en\/"},{"@type":"ListItem","position":2,"name":"Blog","item":"https:\/\/mailcommsgroup.com\/en\/blog\/"},{"@type":"ListItem","position":3,"name":"The UN Global Compact: The world&#8217;s largest corporate sustainability partnership"}]},{"@type":"WebSite","@id":"https:\/\/mailcommsgroup.com\/en\/#website","url":"https:\/\/mailcommsgroup.com\/en\/","name":"MailComms Group","description":"La transformaci\u00f3n digital a trav\u00e9s de la comunicaci\u00f3n omnicanal, con plena validez legal.","publisher":{"@id":"https:\/\/mailcommsgroup.com\/en\/#organization"},"alternateName":"MailComms Group","potentialAction":[{"@type":"SearchAction","target":{"@type":"EntryPoint","urlTemplate":"https:\/\/mailcommsgroup.com\/en\/?s={search_term_string}"},"query-input":{"@type":"PropertyValueSpecification","valueRequired":true,"valueName":"search_term_string"}}],"inLanguage":"en-US"},{"@type":"Organization","@id":"https:\/\/mailcommsgroup.com\/en\/#organization","name":"MailComms Group - Soluciones de comunicaci\u00f3n omnicanal con validez legal.","alternateName":"MailComms Group","url":"https:\/\/mailcommsgroup.com\/en\/","logo":{"@type":"ImageObject","inLanguage":"en-US","@id":"https:\/\/mailcommsgroup.com\/en\/#\/schema\/logo\/image\/","url":"https:\/\/mailcommsgroup.com\/wp-content\/uploads\/2023\/05\/icon_mini_mailcommsgroup.png","contentUrl":"https:\/\/mailcommsgroup.com\/wp-content\/uploads\/2023\/05\/icon_mini_mailcommsgroup.png","width":512,"height":512,"caption":"MailComms Group - Soluciones de comunicaci\u00f3n omnicanal con validez legal."},"image":{"@id":"https:\/\/mailcommsgroup.com\/en\/#\/schema\/logo\/image\/"},"sameAs":["https:\/\/x.com\/CommsCustomer","https:\/\/www.linkedin.com\/company\/customercomms\/","https:\/\/www.youtube.com\/channel\/UCtvYLee1QHy89JS2-gMgnTQ"]},{"@type":"Person","@id":"https:\/\/mailcommsgroup.com\/en\/#\/schema\/person\/94931a7c5efb8bfb21f6cb35cb3c8499","name":"Antonio Jes\u00fas D\u00edaz Mora","image":{"@type":"ImageObject","inLanguage":"en-US","@id":"https:\/\/secure.gravatar.com\/avatar\/cf3c1639314319604fdc9ecacef7be467eebd20522f28dd0032592cee6c10758?s=96&d=mm&r=g","url":"https:\/\/secure.gravatar.com\/avatar\/cf3c1639314319604fdc9ecacef7be467eebd20522f28dd0032592cee6c10758?s=96&d=mm&r=g","contentUrl":"https:\/\/secure.gravatar.com\/avatar\/cf3c1639314319604fdc9ecacef7be467eebd20522f28dd0032592cee6c10758?s=96&d=mm&r=g","caption":"Antonio Jes\u00fas D\u00edaz Mora"},"url":"https:\/\/mailcommsgroup.com\/en\/blog\/author\/antonio-jesus\/"}]}},"_links":{"self":[{"href":"https:\/\/mailcommsgroup.com\/en\/wp-json\/wp\/v2\/posts\/28870","targetHints":{"allow":["GET"]}}],"collection":[{"href":"https:\/\/mailcommsgroup.com\/en\/wp-json\/wp\/v2\/posts"}],"about":[{"href":"https:\/\/mailcommsgroup.com\/en\/wp-json\/wp\/v2\/types\/post"}],"author":[{"embeddable":true,"href":"https:\/\/mailcommsgroup.com\/en\/wp-json\/wp\/v2\/users\/17"}],"replies":[{"embeddable":true,"href":"https:\/\/mailcommsgroup.com\/en\/wp-json\/wp\/v2\/comments?post=28870"}],"version-history":[{"count":6,"href":"https:\/\/mailcommsgroup.com\/en\/wp-json\/wp\/v2\/posts\/28870\/revisions"}],"predecessor-version":[{"id":37348,"href":"https:\/\/mailcommsgroup.com\/en\/wp-json\/wp\/v2\/posts\/28870\/revisions\/37348"}],"wp:featuredmedia":[{"embeddable":true,"href":"https:\/\/mailcommsgroup.com\/en\/wp-json\/wp\/v2\/media\/28594"}],"wp:attachment":[{"href":"https:\/\/mailcommsgroup.com\/en\/wp-json\/wp\/v2\/media?parent=28870"}],"wp:term":[{"taxonomy":"category","embeddable":true,"href":"https:\/\/mailcommsgroup.com\/en\/wp-json\/wp\/v2\/categories?post=28870"}],"curies":[{"name":"wp","href":"https:\/\/api.w.org\/{rel}","templated":true}]}}