{"id":24488,"date":"2023-12-21T13:27:42","date_gmt":"2023-12-21T12:27:42","guid":{"rendered":"https:\/\/mailcommsgroup.com\/?p=24488"},"modified":"2023-12-28T17:48:52","modified_gmt":"2023-12-28T16:48:52","slug":"this-christmas-we-collaborate-with-our-clients-with-vicente-ferrer-foundation","status":"publish","type":"post","link":"https:\/\/mailcommsgroup.com\/en\/blog\/this-christmas-we-collaborate-with-our-clients-with-vicente-ferrer-foundation\/","title":{"rendered":"This Christmas, together with our customers, we are collaborating with the Vicente Ferrer Foundation."},"content":{"rendered":"<div class=\"wpb-content-wrapper\"><p>[vc_row][vc_column][vc_single_image image=&#8221;24494&#8243; img_size=&#8221;full&#8221; alignment=&#8221;right&#8221; dp_animation=&#8221;&#8221; alt=&#8221;Marian Garc\u00eda Benito &#8211; Marketing Product Manager&#8221;][\/vc_column][\/vc_row][vc_row type=&#8221;grid&#8221;][vc_column dp_animation=&#8221;&#8221;][vc_empty_space height=&#8221;20px&#8221;][vc_column_text dp_animation=&#8221;&#8221;]Christmas is always a special time. At MailComms Group we look at the calendar these days and we also think about it, but for a double reason: one of them encompasses the family aspect, spending time with friends and living the illusion of the little ones. The other is to launch our Christmas campaign, something we have been doing for eight years now.<\/p>\n<p>What is it about? To contribute to the improvement of people&#8217;s quality of life with our Christmas budget.<strong>  Every year for the last eight years we have collaborated with an NGO to make this objective a reality and this year, the Vicente Ferrer Foundation will be our partner.<\/strong>  The idea is to do our bit in the construction of the Dornala center for children with hearing, speech, visual and locomotor disabilities in the region of Srisailam (India).<\/p>\n<p><strong>In 2018, a study showed that this Indian area was home to a significant number of minors (up to 15 years old) with different types of disabilities and, therefore, special educational needs<\/strong>. In addition, poverty, lack of information and training, taboos and prejudices contribute to making it difficult for these people, and often for their families, to create a life project.<\/p>\n<p>Therefore,  <strong>the Vicente Ferrer Foundation, which is deeply rooted in the area, decided to build the Dornala center. In a residential regime, the children will develop all their capabilities, with quality and innovative education, rehabilitation services, innovative learning stimulation systems and the participation of 18 professionals.<\/strong><\/p>\n<p>This building will also integrate an inclusive high school to provide equal opportunities for all students, without circumstances (disability, religion, ethnic, social or economic issues) being a reason for segregation or exclusion.  <strong>In short, the aim is to ensure that the children who study at this center, some 80, but with the projection of increasing this number, have a life as autonomous and independent as possible.<\/strong><\/p>\n<p><strong>Our contribution stems from the collaboration of our customers. They will only have to click a button on an email they will receive, and MailComms Group will donate an amount for each click that will go to a specific part of the project, the construction of the dormitories in the complex.<\/strong>  The campaign&#8217;s slogan, &#8220;If we join hands, we will transform the world&#8221; (Vicente Ferrer), makes perfect sense.[\/vc_column_text][\/vc_column][\/vc_row][vc_row type=&#8221;grid&#8221;][vc_column dp_animation=&#8221;&#8221;][vc_column_text dp_animation=&#8221;&#8221;]<\/p>\n<blockquote><p>Javier Echebarr\u00eda, CEO of MailComms Group, shares a reflection on the campaign: &#8220;Once again this year, at MailComms Group we are launching a campaign to positively impact the quality of life of disadvantaged groups. We have always counted on experienced organizations by our side, and the Vicente Ferrer Foundation is undoubtedly one of them. Its Dornala center will be a milestone in the area, and its contribution to the future of children and their families will be truly significant. We are very pleased to be able to participate in the project, in collaboration with all our customers.&#8221;<\/p><\/blockquote>\n<p>[\/vc_column_text][vc_column_text dp_animation=&#8221;&#8221;]In the last seven years, eight with this one, our Christmas campaigns have generated positive impact for society and the planet, hand in hand with entities such as <strong>Unicef, Save The Children, Red Cross, Doctors Without Borders and Aldeas Infantiles<\/strong>. It was with the latter that it all began.[\/vc_column_text][vc_empty_space][\/vc_column][\/vc_row]<\/p>\n<\/div>","protected":false},"excerpt":{"rendered":"<p>Once again this year we are donating our Christmas gift budget to a social cause. In this case, and with the collaboration of our customers, we will contribute to the construction of the Dornala center of the Vicente Ferrer Foundation. The complex, located in the Srisailam region of India, will be dedicated to providing opportunities, through education and personal development, to 80 children with various types of disabilities.<\/p>\n","protected":false},"author":1,"featured_media":24495,"comment_status":"closed","ping_status":"closed","sticky":false,"template":"","format":"standard","meta":{"_acf_changed":false,"footnotes":""},"categories":[482],"class_list":["post-24488","post","type-post","status-publish","format-standard","has-post-thumbnail","hentry","category-corporate-news"],"acf":[],"yoast_head":"<!-- This site is optimized with the Yoast SEO plugin v27.2 - https:\/\/yoast.com\/product\/yoast-seo-wordpress\/ -->\n<title>This Christmas, together with our customers, we are collaborating with the Vicente Ferrer Foundation.<\/title>\n<meta name=\"description\" content=\"Once again this year we are donating our Christmas gift budget to a social cause. In this case, and with the collaboration of our customers, we will contribute to the construction of the Dornala center of the Vicente Ferrer Foundation. The complex, located in the Srisailam region of India, will be dedicated to providing opportunities, through education and personal development, to 80 children with various types of disabilities.\" \/>\n<meta name=\"robots\" content=\"index, follow, max-snippet:-1, max-image-preview:large, max-video-preview:-1\" \/>\n<link rel=\"canonical\" href=\"https:\/\/mailcommsgroup.com\/en\/blog\/this-christmas-we-collaborate-with-our-clients-with-vicente-ferrer-foundation\/\" \/>\n<meta property=\"og:locale\" content=\"en_US\" \/>\n<meta property=\"og:type\" content=\"article\" \/>\n<meta property=\"og:title\" content=\"This Christmas, together with our customers, we are collaborating with the Vicente Ferrer Foundation.\" \/>\n<meta property=\"og:description\" content=\"Once again this year we are donating our Christmas gift budget to a social cause. In this case, and with the collaboration of our customers, we will contribute to the construction of the Dornala center of the Vicente Ferrer Foundation. The complex, located in the Srisailam region of India, will be dedicated to providing opportunities, through education and personal development, to 80 children with various types of disabilities.\" \/>\n<meta property=\"og:url\" content=\"https:\/\/mailcommsgroup.com\/en\/blog\/this-christmas-we-collaborate-with-our-clients-with-vicente-ferrer-foundation\/\" \/>\n<meta property=\"og:site_name\" content=\"Mailcomms Group\" \/>\n<meta property=\"article:published_time\" content=\"2023-12-21T12:27:42+00:00\" \/>\n<meta property=\"article:modified_time\" content=\"2023-12-28T16:48:52+00:00\" \/>\n<meta property=\"og:image\" content=\"https:\/\/mailcommsgroup.com\/wp-content\/uploads\/2023\/12\/Campana_Navidad_Blog_Mailteck-CustomerComms_892x623_03.jpg\" \/>\n\t<meta property=\"og:image:width\" content=\"892\" \/>\n\t<meta property=\"og:image:height\" content=\"623\" \/>\n\t<meta property=\"og:image:type\" content=\"image\/jpeg\" \/>\n<meta name=\"author\" content=\"Mailcomms Group\" \/>\n<meta name=\"twitter:card\" content=\"summary_large_image\" \/>\n<meta name=\"twitter:title\" content=\"11\" \/>\n<meta name=\"twitter:creator\" content=\"@CommsCustomer\" \/>\n<meta name=\"twitter:site\" content=\"@CommsCustomer\" \/>\n<meta name=\"twitter:label1\" content=\"Written by\" \/>\n\t<meta name=\"twitter:data1\" content=\"Mailcomms Group\" \/>\n\t<meta name=\"twitter:label2\" content=\"Est. reading time\" \/>\n\t<meta name=\"twitter:data2\" content=\"3 minutes\" \/>\n<script type=\"application\/ld+json\" class=\"yoast-schema-graph\">{\"@context\":\"https:\/\/schema.org\",\"@graph\":[{\"@type\":\"Article\",\"@id\":\"https:\/\/mailcommsgroup.com\/en\/blog\/this-christmas-we-collaborate-with-our-clients-with-vicente-ferrer-foundation\/#article\",\"isPartOf\":{\"@id\":\"https:\/\/mailcommsgroup.com\/en\/blog\/this-christmas-we-collaborate-with-our-clients-with-vicente-ferrer-foundation\/\"},\"author\":{\"name\":\"Mailcomms Group\",\"@id\":\"https:\/\/mailcommsgroup.com\/en\/#\/schema\/person\/c3a3ecfc795ade78319e6b1af9d65684\"},\"headline\":\"This Christmas, together with our customers, we are collaborating with the Vicente Ferrer Foundation.\",\"datePublished\":\"2023-12-21T12:27:42+00:00\",\"dateModified\":\"2023-12-28T16:48:52+00:00\",\"mainEntityOfPage\":{\"@id\":\"https:\/\/mailcommsgroup.com\/en\/blog\/this-christmas-we-collaborate-with-our-clients-with-vicente-ferrer-foundation\/\"},\"wordCount\":624,\"publisher\":{\"@id\":\"https:\/\/mailcommsgroup.com\/en\/#organization\"},\"image\":{\"@id\":\"https:\/\/mailcommsgroup.com\/en\/blog\/this-christmas-we-collaborate-with-our-clients-with-vicente-ferrer-foundation\/#primaryimage\"},\"thumbnailUrl\":\"https:\/\/mailcommsgroup.com\/wp-content\/uploads\/2023\/12\/Campana_Navidad_Blog_Mailteck-CustomerComms_892x623_03.jpg\",\"articleSection\":[\"Corporate News\"],\"inLanguage\":\"en-US\"},{\"@type\":\"WebPage\",\"@id\":\"https:\/\/mailcommsgroup.com\/en\/blog\/this-christmas-we-collaborate-with-our-clients-with-vicente-ferrer-foundation\/\",\"url\":\"https:\/\/mailcommsgroup.com\/en\/blog\/this-christmas-we-collaborate-with-our-clients-with-vicente-ferrer-foundation\/\",\"name\":\"This Christmas, together with our customers, we are collaborating with the Vicente Ferrer Foundation.\",\"isPartOf\":{\"@id\":\"https:\/\/mailcommsgroup.com\/en\/#website\"},\"primaryImageOfPage\":{\"@id\":\"https:\/\/mailcommsgroup.com\/en\/blog\/this-christmas-we-collaborate-with-our-clients-with-vicente-ferrer-foundation\/#primaryimage\"},\"image\":{\"@id\":\"https:\/\/mailcommsgroup.com\/en\/blog\/this-christmas-we-collaborate-with-our-clients-with-vicente-ferrer-foundation\/#primaryimage\"},\"thumbnailUrl\":\"https:\/\/mailcommsgroup.com\/wp-content\/uploads\/2023\/12\/Campana_Navidad_Blog_Mailteck-CustomerComms_892x623_03.jpg\",\"datePublished\":\"2023-12-21T12:27:42+00:00\",\"dateModified\":\"2023-12-28T16:48:52+00:00\",\"description\":\"Once again this year we are donating our Christmas gift budget to a social cause. In this case, and with the collaboration of our customers, we will contribute to the construction of the Dornala center of the Vicente Ferrer Foundation. The complex, located in the Srisailam region of India, will be dedicated to providing opportunities, through education and personal development, to 80 children with various types of disabilities.\",\"breadcrumb\":{\"@id\":\"https:\/\/mailcommsgroup.com\/en\/blog\/this-christmas-we-collaborate-with-our-clients-with-vicente-ferrer-foundation\/#breadcrumb\"},\"inLanguage\":\"en-US\",\"potentialAction\":[{\"@type\":\"ReadAction\",\"target\":[\"https:\/\/mailcommsgroup.com\/en\/blog\/this-christmas-we-collaborate-with-our-clients-with-vicente-ferrer-foundation\/\"]}]},{\"@type\":\"ImageObject\",\"inLanguage\":\"en-US\",\"@id\":\"https:\/\/mailcommsgroup.com\/en\/blog\/this-christmas-we-collaborate-with-our-clients-with-vicente-ferrer-foundation\/#primaryimage\",\"url\":\"https:\/\/mailcommsgroup.com\/wp-content\/uploads\/2023\/12\/Campana_Navidad_Blog_Mailteck-CustomerComms_892x623_03.jpg\",\"contentUrl\":\"https:\/\/mailcommsgroup.com\/wp-content\/uploads\/2023\/12\/Campana_Navidad_Blog_Mailteck-CustomerComms_892x623_03.jpg\",\"width\":892,\"height\":623},{\"@type\":\"BreadcrumbList\",\"@id\":\"https:\/\/mailcommsgroup.com\/en\/blog\/this-christmas-we-collaborate-with-our-clients-with-vicente-ferrer-foundation\/#breadcrumb\",\"itemListElement\":[{\"@type\":\"ListItem\",\"position\":1,\"name\":\"Mailcomms Group\",\"item\":\"https:\/\/mailcommsgroup.com\/en\/\"},{\"@type\":\"ListItem\",\"position\":2,\"name\":\"Blog\",\"item\":\"https:\/\/mailcommsgroup.com\/en\/blog\/\"},{\"@type\":\"ListItem\",\"position\":3,\"name\":\"This Christmas, together with our customers, we are collaborating with the Vicente Ferrer Foundation.\"}]},{\"@type\":\"WebSite\",\"@id\":\"https:\/\/mailcommsgroup.com\/en\/#website\",\"url\":\"https:\/\/mailcommsgroup.com\/en\/\",\"name\":\"MailComms Group\",\"description\":\"La transformaci\u00f3n digital a trav\u00e9s de la comunicaci\u00f3n omnicanal, con plena validez legal.\",\"publisher\":{\"@id\":\"https:\/\/mailcommsgroup.com\/en\/#organization\"},\"alternateName\":\"MailComms Group\",\"potentialAction\":[{\"@type\":\"SearchAction\",\"target\":{\"@type\":\"EntryPoint\",\"urlTemplate\":\"https:\/\/mailcommsgroup.com\/en\/?s={search_term_string}\"},\"query-input\":{\"@type\":\"PropertyValueSpecification\",\"valueRequired\":true,\"valueName\":\"search_term_string\"}}],\"inLanguage\":\"en-US\"},{\"@type\":\"Organization\",\"@id\":\"https:\/\/mailcommsgroup.com\/en\/#organization\",\"name\":\"MailComms Group - Soluciones de comunicaci\u00f3n omnicanal con validez legal.\",\"alternateName\":\"MailComms Group\",\"url\":\"https:\/\/mailcommsgroup.com\/en\/\",\"logo\":{\"@type\":\"ImageObject\",\"inLanguage\":\"en-US\",\"@id\":\"https:\/\/mailcommsgroup.com\/en\/#\/schema\/logo\/image\/\",\"url\":\"https:\/\/mailcommsgroup.com\/wp-content\/uploads\/2023\/05\/icon_mini_mailcommsgroup.png\",\"contentUrl\":\"https:\/\/mailcommsgroup.com\/wp-content\/uploads\/2023\/05\/icon_mini_mailcommsgroup.png\",\"width\":512,\"height\":512,\"caption\":\"MailComms Group - Soluciones de comunicaci\u00f3n omnicanal con validez legal.\"},\"image\":{\"@id\":\"https:\/\/mailcommsgroup.com\/en\/#\/schema\/logo\/image\/\"},\"sameAs\":[\"https:\/\/x.com\/CommsCustomer\",\"https:\/\/www.linkedin.com\/company\/customercomms\/\",\"https:\/\/www.youtube.com\/channel\/UCtvYLee1QHy89JS2-gMgnTQ\"]},{\"@type\":\"Person\",\"@id\":\"https:\/\/mailcommsgroup.com\/en\/#\/schema\/person\/c3a3ecfc795ade78319e6b1af9d65684\",\"name\":\"Mailcomms Group\",\"image\":{\"@type\":\"ImageObject\",\"inLanguage\":\"en-US\",\"@id\":\"https:\/\/secure.gravatar.com\/avatar\/f4012bdfd3c1190166ba510602a508ab2a504cafc93cf37f0c8cbdc54e85846a?s=96&d=mm&r=g\",\"url\":\"https:\/\/secure.gravatar.com\/avatar\/f4012bdfd3c1190166ba510602a508ab2a504cafc93cf37f0c8cbdc54e85846a?s=96&d=mm&r=g\",\"contentUrl\":\"https:\/\/secure.gravatar.com\/avatar\/f4012bdfd3c1190166ba510602a508ab2a504cafc93cf37f0c8cbdc54e85846a?s=96&d=mm&r=g\",\"caption\":\"Mailcomms Group\"},\"sameAs\":[\"https:\/\/mailcommsgroup.com\"],\"url\":\"https:\/\/mailcommsgroup.com\/en\/blog\/author\/ntrwrks_ccmms\/\"}]}<\/script>\n<!-- \/ Yoast SEO plugin. -->","yoast_head_json":{"title":"This Christmas, together with our customers, we are collaborating with the Vicente Ferrer Foundation.","description":"Once again this year we are donating our Christmas gift budget to a social cause. In this case, and with the collaboration of our customers, we will contribute to the construction of the Dornala center of the Vicente Ferrer Foundation. The complex, located in the Srisailam region of India, will be dedicated to providing opportunities, through education and personal development, to 80 children with various types of disabilities.","robots":{"index":"index","follow":"follow","max-snippet":"max-snippet:-1","max-image-preview":"max-image-preview:large","max-video-preview":"max-video-preview:-1"},"canonical":"https:\/\/mailcommsgroup.com\/en\/blog\/this-christmas-we-collaborate-with-our-clients-with-vicente-ferrer-foundation\/","og_locale":"en_US","og_type":"article","og_title":"This Christmas, together with our customers, we are collaborating with the Vicente Ferrer Foundation.","og_description":"Once again this year we are donating our Christmas gift budget to a social cause. In this case, and with the collaboration of our customers, we will contribute to the construction of the Dornala center of the Vicente Ferrer Foundation. The complex, located in the Srisailam region of India, will be dedicated to providing opportunities, through education and personal development, to 80 children with various types of disabilities.","og_url":"https:\/\/mailcommsgroup.com\/en\/blog\/this-christmas-we-collaborate-with-our-clients-with-vicente-ferrer-foundation\/","og_site_name":"Mailcomms Group","article_published_time":"2023-12-21T12:27:42+00:00","article_modified_time":"2023-12-28T16:48:52+00:00","og_image":[{"width":892,"height":623,"url":"https:\/\/mailcommsgroup.com\/wp-content\/uploads\/2023\/12\/Campana_Navidad_Blog_Mailteck-CustomerComms_892x623_03.jpg","type":"image\/jpeg"}],"author":"Mailcomms Group","twitter_card":"summary_large_image","twitter_title":"11","twitter_creator":"@CommsCustomer","twitter_site":"@CommsCustomer","twitter_misc":{"Written by":"Mailcomms Group","Est. reading time":"3 minutes"},"schema":{"@context":"https:\/\/schema.org","@graph":[{"@type":"Article","@id":"https:\/\/mailcommsgroup.com\/en\/blog\/this-christmas-we-collaborate-with-our-clients-with-vicente-ferrer-foundation\/#article","isPartOf":{"@id":"https:\/\/mailcommsgroup.com\/en\/blog\/this-christmas-we-collaborate-with-our-clients-with-vicente-ferrer-foundation\/"},"author":{"name":"Mailcomms Group","@id":"https:\/\/mailcommsgroup.com\/en\/#\/schema\/person\/c3a3ecfc795ade78319e6b1af9d65684"},"headline":"This Christmas, together with our customers, we are collaborating with the Vicente Ferrer Foundation.","datePublished":"2023-12-21T12:27:42+00:00","dateModified":"2023-12-28T16:48:52+00:00","mainEntityOfPage":{"@id":"https:\/\/mailcommsgroup.com\/en\/blog\/this-christmas-we-collaborate-with-our-clients-with-vicente-ferrer-foundation\/"},"wordCount":624,"publisher":{"@id":"https:\/\/mailcommsgroup.com\/en\/#organization"},"image":{"@id":"https:\/\/mailcommsgroup.com\/en\/blog\/this-christmas-we-collaborate-with-our-clients-with-vicente-ferrer-foundation\/#primaryimage"},"thumbnailUrl":"https:\/\/mailcommsgroup.com\/wp-content\/uploads\/2023\/12\/Campana_Navidad_Blog_Mailteck-CustomerComms_892x623_03.jpg","articleSection":["Corporate News"],"inLanguage":"en-US"},{"@type":"WebPage","@id":"https:\/\/mailcommsgroup.com\/en\/blog\/this-christmas-we-collaborate-with-our-clients-with-vicente-ferrer-foundation\/","url":"https:\/\/mailcommsgroup.com\/en\/blog\/this-christmas-we-collaborate-with-our-clients-with-vicente-ferrer-foundation\/","name":"This Christmas, together with our customers, we are collaborating with the Vicente Ferrer Foundation.","isPartOf":{"@id":"https:\/\/mailcommsgroup.com\/en\/#website"},"primaryImageOfPage":{"@id":"https:\/\/mailcommsgroup.com\/en\/blog\/this-christmas-we-collaborate-with-our-clients-with-vicente-ferrer-foundation\/#primaryimage"},"image":{"@id":"https:\/\/mailcommsgroup.com\/en\/blog\/this-christmas-we-collaborate-with-our-clients-with-vicente-ferrer-foundation\/#primaryimage"},"thumbnailUrl":"https:\/\/mailcommsgroup.com\/wp-content\/uploads\/2023\/12\/Campana_Navidad_Blog_Mailteck-CustomerComms_892x623_03.jpg","datePublished":"2023-12-21T12:27:42+00:00","dateModified":"2023-12-28T16:48:52+00:00","description":"Once again this year we are donating our Christmas gift budget to a social cause. In this case, and with the collaboration of our customers, we will contribute to the construction of the Dornala center of the Vicente Ferrer Foundation. The complex, located in the Srisailam region of India, will be dedicated to providing opportunities, through education and personal development, to 80 children with various types of disabilities.","breadcrumb":{"@id":"https:\/\/mailcommsgroup.com\/en\/blog\/this-christmas-we-collaborate-with-our-clients-with-vicente-ferrer-foundation\/#breadcrumb"},"inLanguage":"en-US","potentialAction":[{"@type":"ReadAction","target":["https:\/\/mailcommsgroup.com\/en\/blog\/this-christmas-we-collaborate-with-our-clients-with-vicente-ferrer-foundation\/"]}]},{"@type":"ImageObject","inLanguage":"en-US","@id":"https:\/\/mailcommsgroup.com\/en\/blog\/this-christmas-we-collaborate-with-our-clients-with-vicente-ferrer-foundation\/#primaryimage","url":"https:\/\/mailcommsgroup.com\/wp-content\/uploads\/2023\/12\/Campana_Navidad_Blog_Mailteck-CustomerComms_892x623_03.jpg","contentUrl":"https:\/\/mailcommsgroup.com\/wp-content\/uploads\/2023\/12\/Campana_Navidad_Blog_Mailteck-CustomerComms_892x623_03.jpg","width":892,"height":623},{"@type":"BreadcrumbList","@id":"https:\/\/mailcommsgroup.com\/en\/blog\/this-christmas-we-collaborate-with-our-clients-with-vicente-ferrer-foundation\/#breadcrumb","itemListElement":[{"@type":"ListItem","position":1,"name":"Mailcomms Group","item":"https:\/\/mailcommsgroup.com\/en\/"},{"@type":"ListItem","position":2,"name":"Blog","item":"https:\/\/mailcommsgroup.com\/en\/blog\/"},{"@type":"ListItem","position":3,"name":"This Christmas, together with our customers, we are collaborating with the Vicente Ferrer Foundation."}]},{"@type":"WebSite","@id":"https:\/\/mailcommsgroup.com\/en\/#website","url":"https:\/\/mailcommsgroup.com\/en\/","name":"MailComms Group","description":"La transformaci\u00f3n digital a trav\u00e9s de la comunicaci\u00f3n omnicanal, con plena validez legal.","publisher":{"@id":"https:\/\/mailcommsgroup.com\/en\/#organization"},"alternateName":"MailComms Group","potentialAction":[{"@type":"SearchAction","target":{"@type":"EntryPoint","urlTemplate":"https:\/\/mailcommsgroup.com\/en\/?s={search_term_string}"},"query-input":{"@type":"PropertyValueSpecification","valueRequired":true,"valueName":"search_term_string"}}],"inLanguage":"en-US"},{"@type":"Organization","@id":"https:\/\/mailcommsgroup.com\/en\/#organization","name":"MailComms Group - Soluciones de comunicaci\u00f3n omnicanal con validez legal.","alternateName":"MailComms Group","url":"https:\/\/mailcommsgroup.com\/en\/","logo":{"@type":"ImageObject","inLanguage":"en-US","@id":"https:\/\/mailcommsgroup.com\/en\/#\/schema\/logo\/image\/","url":"https:\/\/mailcommsgroup.com\/wp-content\/uploads\/2023\/05\/icon_mini_mailcommsgroup.png","contentUrl":"https:\/\/mailcommsgroup.com\/wp-content\/uploads\/2023\/05\/icon_mini_mailcommsgroup.png","width":512,"height":512,"caption":"MailComms Group - Soluciones de comunicaci\u00f3n omnicanal con validez legal."},"image":{"@id":"https:\/\/mailcommsgroup.com\/en\/#\/schema\/logo\/image\/"},"sameAs":["https:\/\/x.com\/CommsCustomer","https:\/\/www.linkedin.com\/company\/customercomms\/","https:\/\/www.youtube.com\/channel\/UCtvYLee1QHy89JS2-gMgnTQ"]},{"@type":"Person","@id":"https:\/\/mailcommsgroup.com\/en\/#\/schema\/person\/c3a3ecfc795ade78319e6b1af9d65684","name":"Mailcomms Group","image":{"@type":"ImageObject","inLanguage":"en-US","@id":"https:\/\/secure.gravatar.com\/avatar\/f4012bdfd3c1190166ba510602a508ab2a504cafc93cf37f0c8cbdc54e85846a?s=96&d=mm&r=g","url":"https:\/\/secure.gravatar.com\/avatar\/f4012bdfd3c1190166ba510602a508ab2a504cafc93cf37f0c8cbdc54e85846a?s=96&d=mm&r=g","contentUrl":"https:\/\/secure.gravatar.com\/avatar\/f4012bdfd3c1190166ba510602a508ab2a504cafc93cf37f0c8cbdc54e85846a?s=96&d=mm&r=g","caption":"Mailcomms Group"},"sameAs":["https:\/\/mailcommsgroup.com"],"url":"https:\/\/mailcommsgroup.com\/en\/blog\/author\/ntrwrks_ccmms\/"}]}},"_links":{"self":[{"href":"https:\/\/mailcommsgroup.com\/en\/wp-json\/wp\/v2\/posts\/24488","targetHints":{"allow":["GET"]}}],"collection":[{"href":"https:\/\/mailcommsgroup.com\/en\/wp-json\/wp\/v2\/posts"}],"about":[{"href":"https:\/\/mailcommsgroup.com\/en\/wp-json\/wp\/v2\/types\/post"}],"author":[{"embeddable":true,"href":"https:\/\/mailcommsgroup.com\/en\/wp-json\/wp\/v2\/users\/1"}],"replies":[{"embeddable":true,"href":"https:\/\/mailcommsgroup.com\/en\/wp-json\/wp\/v2\/comments?post=24488"}],"version-history":[{"count":7,"href":"https:\/\/mailcommsgroup.com\/en\/wp-json\/wp\/v2\/posts\/24488\/revisions"}],"predecessor-version":[{"id":24662,"href":"https:\/\/mailcommsgroup.com\/en\/wp-json\/wp\/v2\/posts\/24488\/revisions\/24662"}],"wp:featuredmedia":[{"embeddable":true,"href":"https:\/\/mailcommsgroup.com\/en\/wp-json\/wp\/v2\/media\/24495"}],"wp:attachment":[{"href":"https:\/\/mailcommsgroup.com\/en\/wp-json\/wp\/v2\/media?parent=24488"}],"wp:term":[{"taxonomy":"category","embeddable":true,"href":"https:\/\/mailcommsgroup.com\/en\/wp-json\/wp\/v2\/categories?post=24488"}],"curies":[{"name":"wp","href":"https:\/\/api.w.org\/{rel}","templated":true}]}}