{"id":22801,"date":"2017-10-16T15:37:24","date_gmt":"2017-10-16T13:37:24","guid":{"rendered":"https:\/\/mailcommsgroup.com\/blog\/day-compliance-practical-rgpd\/"},"modified":"2026-03-17T14:38:55","modified_gmt":"2026-03-17T13:38:55","slug":"day-compliance-practical-rgpd","status":"publish","type":"post","link":"https:\/\/mailcommsgroup.com\/en\/blog\/day-compliance-practical-rgpd\/","title":{"rendered":"We look forward to seeing you at our conference on practical compliance with the GDPR."},"content":{"rendered":"<div class=\"wpb-content-wrapper\"><p>[vc_row][vc_column][vc_single_image image=&#8221;6395&#8243; img_size=&#8221;full&#8221; onclick=&#8221;custom_link&#8221; img_link_target=&#8221;_blank&#8221;][vc_column_text]Surely you have heard about <strong>the new European Data Protection Regulation (GDPR)<\/strong>, you may even know that, <strong>as of May 25<\/strong> next year, this regulation requires you to obtain the <strong>explicit consent<\/strong> of your customers for the use of their data, but&#8230; have you addressed the project in your company?<\/p>\n<p>Its complexity and all its legal implications are slowing down the implementation of an <strong>essential<\/strong> project for all <strong>companies that use their customers&#8217; personal data for commercial purposes<\/strong>.<\/p>\n<p>In order to shed some light on such a complex subject, we would like to invite you <strong>to our conference on the GDPR<\/strong>, in which we will approach the new European regulation <strong>from a practical perspective<\/strong>. We do not want to overwhelm you with legal information but show you how it is possible to comply with the regulations with simplicity in <strong>record time<\/strong>.[\/vc_column_text][\/vc_column][\/vc_row][vc_row][vc_column][vc_column_text]We look forward to seeing you <strong>on October 25<\/strong> on the 31st floor of the Torre de Cristal (Madrid) at 09.00h. After a relaxed breakfast, the day will be opened by <strong>MailTecK&#8217;s CEO, Rafael Tripero<\/strong>, who will introduce the day and give way to each of our speakers.<\/p>\n<p><strong>Javier Aparicio, former State Lawyer at the AEPD<\/strong>, will begin with a talk on the role of the agency in compliance with the new European regulation. Afterwards, <strong>Carlos Rodriguez, partner at ECIX GROUP<\/strong>, will bring GDPR compliance to the practical level of the company&#8217;s day-to-day business.<\/p>\n<p>Finally, from <strong>MailTecK &amp; Customer Comms<\/strong>, we will explain how technology allows you to <strong>automate the communication process<\/strong>, through physical and electronic channels, which facilitates the <strong>achievement of the consent<\/strong> of your customers for the use of their data, with <strong>full legal validity<\/strong>.<\/p>\n<p>We will use a <strong>demo of our MailConsent solution<\/strong>, with the collaboration of our <strong>electronic signature partner eSignLive<\/strong>, to show our clients in a simple way how the process of obtaining consent with full legal validity is carried out. In addition, thanks to our accreditation as an <strong>official trust service provider<\/strong>, we certify the consent and keep it as evidence in case of any possible legal dispute.<\/p>\n<p>Finally, <strong>our CEO, Javier Echebarr\u00eda<\/strong>, will open a round table discussion that will allow us to share our doubts and concerns about the regulation.<\/p>\n<p>We count on you <strong>on October 25 at 09.00h in Torre de Cristal<\/strong>. You can&#8217;t miss it![\/vc_column_text][\/vc_column][\/vc_row][vc_row][vc_column][vc_column_text]<\/p>\n<h3 style=\"color: #f7ad3b; text-align: center;\"><strong>CONFERENCE on practical compliance with the GDPR<\/strong><\/h3>\n<p>[\/vc_column_text][vc_single_image image=&#8221;6397&#8243; img_size=&#8221;full&#8221; alignment=&#8221;center&#8221; onclick=&#8221;custom_link&#8221; img_link_target=&#8221;_blank&#8221;][\/vc_column][\/vc_row]<\/p>\n<\/div>","protected":false},"excerpt":{"rendered":"<p>You still do not have the explicit consent of your customers for the use of their personal data required by the GDPR? Well&#8230; in May 2018, when the European regulation comes into force, you will have to have it if you don&#8217;t want to face the heavy economic snations.<\/p>\n","protected":false},"author":13,"featured_media":6393,"comment_status":"closed","ping_status":"closed","sticky":false,"template":"","format":"standard","meta":{"_acf_changed":false,"footnotes":""},"categories":[482,697],"class_list":["post-22801","post","type-post","status-publish","format-standard","has-post-thumbnail","hentry","category-corporate-news","category-events"],"acf":[],"yoast_head":"<!-- This site is optimized with the Yoast SEO plugin v27.2 - https:\/\/yoast.com\/product\/yoast-seo-wordpress\/ -->\n<title>Conference on practical compliance with the GDPR - MailComms Group<\/title>\n<meta name=\"description\" content=\"We look forward to seeing you on October 25 at the Torre de Cristal (Madrid) to attend the conference on practical compliance with the GDPR.\" \/>\n<meta name=\"robots\" content=\"index, follow, max-snippet:-1, max-image-preview:large, max-video-preview:-1\" \/>\n<link rel=\"canonical\" href=\"https:\/\/mailcommsgroup.com\/en\/blog\/day-compliance-practical-rgpd\/\" \/>\n<meta property=\"og:locale\" content=\"en_US\" \/>\n<meta property=\"og:type\" content=\"article\" \/>\n<meta property=\"og:title\" content=\"Conference on practical compliance with the GDPR - MailComms Group\" \/>\n<meta property=\"og:description\" content=\"We look forward to seeing you on October 25 at the Torre de Cristal (Madrid) to attend the conference on practical compliance with the GDPR.\" \/>\n<meta property=\"og:url\" content=\"https:\/\/mailcommsgroup.com\/en\/blog\/day-compliance-practical-rgpd\/\" \/>\n<meta property=\"og:site_name\" content=\"Mailcomms Group\" \/>\n<meta property=\"article:published_time\" content=\"2017-10-16T13:37:24+00:00\" \/>\n<meta property=\"article:modified_time\" content=\"2026-03-17T13:38:55+00:00\" \/>\n<meta property=\"og:image\" content=\"https:\/\/mailcommsgroup.com\/wp-content\/uploads\/2017\/10\/jornada-cumplimiento-practico-RGPD.jpg\" \/>\n\t<meta property=\"og:image:width\" content=\"892\" \/>\n\t<meta property=\"og:image:height\" content=\"623\" \/>\n\t<meta property=\"og:image:type\" content=\"image\/jpeg\" \/>\n<meta name=\"author\" content=\"Alberto Fidalgo\" \/>\n<meta name=\"twitter:card\" content=\"summary_large_image\" \/>\n<meta name=\"twitter:creator\" content=\"@CommsCustomer\" \/>\n<meta name=\"twitter:site\" content=\"@CommsCustomer\" \/>\n<meta name=\"twitter:label1\" content=\"Written by\" \/>\n\t<meta name=\"twitter:data1\" content=\"Alberto Fidalgo\" \/>\n\t<meta name=\"twitter:label2\" content=\"Est. reading time\" \/>\n\t<meta name=\"twitter:data2\" content=\"2 minutes\" \/>\n<script type=\"application\/ld+json\" class=\"yoast-schema-graph\">{\"@context\":\"https:\/\/schema.org\",\"@graph\":[{\"@type\":\"Article\",\"@id\":\"https:\/\/mailcommsgroup.com\/en\/blog\/day-compliance-practical-rgpd\/#article\",\"isPartOf\":{\"@id\":\"https:\/\/mailcommsgroup.com\/en\/blog\/day-compliance-practical-rgpd\/\"},\"author\":{\"name\":\"Alberto Fidalgo\",\"@id\":\"https:\/\/mailcommsgroup.com\/en\/#\/schema\/person\/6799e99cdeee9ce953ed50904934b214\"},\"headline\":\"We look forward to seeing you at our conference on practical compliance with the GDPR.\",\"datePublished\":\"2017-10-16T13:37:24+00:00\",\"dateModified\":\"2026-03-17T13:38:55+00:00\",\"mainEntityOfPage\":{\"@id\":\"https:\/\/mailcommsgroup.com\/en\/blog\/day-compliance-practical-rgpd\/\"},\"wordCount\":481,\"publisher\":{\"@id\":\"https:\/\/mailcommsgroup.com\/en\/#organization\"},\"image\":{\"@id\":\"https:\/\/mailcommsgroup.com\/en\/blog\/day-compliance-practical-rgpd\/#primaryimage\"},\"thumbnailUrl\":\"https:\/\/mailcommsgroup.com\/wp-content\/uploads\/2017\/10\/jornada-cumplimiento-practico-RGPD.jpg\",\"articleSection\":[\"Corporate News\",\"Events\"],\"inLanguage\":\"en-US\"},{\"@type\":\"WebPage\",\"@id\":\"https:\/\/mailcommsgroup.com\/en\/blog\/day-compliance-practical-rgpd\/\",\"url\":\"https:\/\/mailcommsgroup.com\/en\/blog\/day-compliance-practical-rgpd\/\",\"name\":\"Conference on practical compliance with the GDPR - MailComms Group\",\"isPartOf\":{\"@id\":\"https:\/\/mailcommsgroup.com\/en\/#website\"},\"primaryImageOfPage\":{\"@id\":\"https:\/\/mailcommsgroup.com\/en\/blog\/day-compliance-practical-rgpd\/#primaryimage\"},\"image\":{\"@id\":\"https:\/\/mailcommsgroup.com\/en\/blog\/day-compliance-practical-rgpd\/#primaryimage\"},\"thumbnailUrl\":\"https:\/\/mailcommsgroup.com\/wp-content\/uploads\/2017\/10\/jornada-cumplimiento-practico-RGPD.jpg\",\"datePublished\":\"2017-10-16T13:37:24+00:00\",\"dateModified\":\"2026-03-17T13:38:55+00:00\",\"description\":\"We look forward to seeing you on October 25 at the Torre de Cristal (Madrid) to attend the conference on practical compliance with the GDPR.\",\"breadcrumb\":{\"@id\":\"https:\/\/mailcommsgroup.com\/en\/blog\/day-compliance-practical-rgpd\/#breadcrumb\"},\"inLanguage\":\"en-US\",\"potentialAction\":[{\"@type\":\"ReadAction\",\"target\":[\"https:\/\/mailcommsgroup.com\/en\/blog\/day-compliance-practical-rgpd\/\"]}]},{\"@type\":\"ImageObject\",\"inLanguage\":\"en-US\",\"@id\":\"https:\/\/mailcommsgroup.com\/en\/blog\/day-compliance-practical-rgpd\/#primaryimage\",\"url\":\"https:\/\/mailcommsgroup.com\/wp-content\/uploads\/2017\/10\/jornada-cumplimiento-practico-RGPD.jpg\",\"contentUrl\":\"https:\/\/mailcommsgroup.com\/wp-content\/uploads\/2017\/10\/jornada-cumplimiento-practico-RGPD.jpg\",\"width\":892,\"height\":623,\"caption\":\"jornada cumplimiento practico RGPD\"},{\"@type\":\"BreadcrumbList\",\"@id\":\"https:\/\/mailcommsgroup.com\/en\/blog\/day-compliance-practical-rgpd\/#breadcrumb\",\"itemListElement\":[{\"@type\":\"ListItem\",\"position\":1,\"name\":\"Mailcomms Group\",\"item\":\"https:\/\/mailcommsgroup.com\/en\/\"},{\"@type\":\"ListItem\",\"position\":2,\"name\":\"Blog\",\"item\":\"https:\/\/mailcommsgroup.com\/en\/blog\/\"},{\"@type\":\"ListItem\",\"position\":3,\"name\":\"We look forward to seeing you at our conference on practical compliance with the GDPR.\"}]},{\"@type\":\"WebSite\",\"@id\":\"https:\/\/mailcommsgroup.com\/en\/#website\",\"url\":\"https:\/\/mailcommsgroup.com\/en\/\",\"name\":\"MailComms Group\",\"description\":\"La transformaci\u00f3n digital a trav\u00e9s de la comunicaci\u00f3n omnicanal, con plena validez legal.\",\"publisher\":{\"@id\":\"https:\/\/mailcommsgroup.com\/en\/#organization\"},\"alternateName\":\"MailComms Group\",\"potentialAction\":[{\"@type\":\"SearchAction\",\"target\":{\"@type\":\"EntryPoint\",\"urlTemplate\":\"https:\/\/mailcommsgroup.com\/en\/?s={search_term_string}\"},\"query-input\":{\"@type\":\"PropertyValueSpecification\",\"valueRequired\":true,\"valueName\":\"search_term_string\"}}],\"inLanguage\":\"en-US\"},{\"@type\":\"Organization\",\"@id\":\"https:\/\/mailcommsgroup.com\/en\/#organization\",\"name\":\"MailComms Group - Soluciones de comunicaci\u00f3n omnicanal con validez legal.\",\"alternateName\":\"MailComms Group\",\"url\":\"https:\/\/mailcommsgroup.com\/en\/\",\"logo\":{\"@type\":\"ImageObject\",\"inLanguage\":\"en-US\",\"@id\":\"https:\/\/mailcommsgroup.com\/en\/#\/schema\/logo\/image\/\",\"url\":\"https:\/\/mailcommsgroup.com\/wp-content\/uploads\/2023\/05\/icon_mini_mailcommsgroup.png\",\"contentUrl\":\"https:\/\/mailcommsgroup.com\/wp-content\/uploads\/2023\/05\/icon_mini_mailcommsgroup.png\",\"width\":512,\"height\":512,\"caption\":\"MailComms Group - Soluciones de comunicaci\u00f3n omnicanal con validez legal.\"},\"image\":{\"@id\":\"https:\/\/mailcommsgroup.com\/en\/#\/schema\/logo\/image\/\"},\"sameAs\":[\"https:\/\/x.com\/CommsCustomer\",\"https:\/\/www.linkedin.com\/company\/customercomms\/\",\"https:\/\/www.youtube.com\/channel\/UCtvYLee1QHy89JS2-gMgnTQ\"]},{\"@type\":\"Person\",\"@id\":\"https:\/\/mailcommsgroup.com\/en\/#\/schema\/person\/6799e99cdeee9ce953ed50904934b214\",\"name\":\"Alberto Fidalgo\",\"image\":{\"@type\":\"ImageObject\",\"inLanguage\":\"en-US\",\"@id\":\"https:\/\/secure.gravatar.com\/avatar\/07374327d8d60a1440477fa10cc0814f17489e1966c53b410a3c737bd8c4ceec?s=96&d=mm&r=g\",\"url\":\"https:\/\/secure.gravatar.com\/avatar\/07374327d8d60a1440477fa10cc0814f17489e1966c53b410a3c737bd8c4ceec?s=96&d=mm&r=g\",\"contentUrl\":\"https:\/\/secure.gravatar.com\/avatar\/07374327d8d60a1440477fa10cc0814f17489e1966c53b410a3c737bd8c4ceec?s=96&d=mm&r=g\",\"caption\":\"Alberto Fidalgo\"},\"url\":\"https:\/\/mailcommsgroup.com\/en\/blog\/author\/alberto\/\"}]}<\/script>\n<!-- \/ Yoast SEO plugin. -->","yoast_head_json":{"title":"Conference on practical compliance with the GDPR - MailComms Group","description":"We look forward to seeing you on October 25 at the Torre de Cristal (Madrid) to attend the conference on practical compliance with the GDPR.","robots":{"index":"index","follow":"follow","max-snippet":"max-snippet:-1","max-image-preview":"max-image-preview:large","max-video-preview":"max-video-preview:-1"},"canonical":"https:\/\/mailcommsgroup.com\/en\/blog\/day-compliance-practical-rgpd\/","og_locale":"en_US","og_type":"article","og_title":"Conference on practical compliance with the GDPR - MailComms Group","og_description":"We look forward to seeing you on October 25 at the Torre de Cristal (Madrid) to attend the conference on practical compliance with the GDPR.","og_url":"https:\/\/mailcommsgroup.com\/en\/blog\/day-compliance-practical-rgpd\/","og_site_name":"Mailcomms Group","article_published_time":"2017-10-16T13:37:24+00:00","article_modified_time":"2026-03-17T13:38:55+00:00","og_image":[{"width":892,"height":623,"url":"https:\/\/mailcommsgroup.com\/wp-content\/uploads\/2017\/10\/jornada-cumplimiento-practico-RGPD.jpg","type":"image\/jpeg"}],"author":"Alberto Fidalgo","twitter_card":"summary_large_image","twitter_creator":"@CommsCustomer","twitter_site":"@CommsCustomer","twitter_misc":{"Written by":"Alberto Fidalgo","Est. reading time":"2 minutes"},"schema":{"@context":"https:\/\/schema.org","@graph":[{"@type":"Article","@id":"https:\/\/mailcommsgroup.com\/en\/blog\/day-compliance-practical-rgpd\/#article","isPartOf":{"@id":"https:\/\/mailcommsgroup.com\/en\/blog\/day-compliance-practical-rgpd\/"},"author":{"name":"Alberto Fidalgo","@id":"https:\/\/mailcommsgroup.com\/en\/#\/schema\/person\/6799e99cdeee9ce953ed50904934b214"},"headline":"We look forward to seeing you at our conference on practical compliance with the GDPR.","datePublished":"2017-10-16T13:37:24+00:00","dateModified":"2026-03-17T13:38:55+00:00","mainEntityOfPage":{"@id":"https:\/\/mailcommsgroup.com\/en\/blog\/day-compliance-practical-rgpd\/"},"wordCount":481,"publisher":{"@id":"https:\/\/mailcommsgroup.com\/en\/#organization"},"image":{"@id":"https:\/\/mailcommsgroup.com\/en\/blog\/day-compliance-practical-rgpd\/#primaryimage"},"thumbnailUrl":"https:\/\/mailcommsgroup.com\/wp-content\/uploads\/2017\/10\/jornada-cumplimiento-practico-RGPD.jpg","articleSection":["Corporate News","Events"],"inLanguage":"en-US"},{"@type":"WebPage","@id":"https:\/\/mailcommsgroup.com\/en\/blog\/day-compliance-practical-rgpd\/","url":"https:\/\/mailcommsgroup.com\/en\/blog\/day-compliance-practical-rgpd\/","name":"Conference on practical compliance with the GDPR - MailComms Group","isPartOf":{"@id":"https:\/\/mailcommsgroup.com\/en\/#website"},"primaryImageOfPage":{"@id":"https:\/\/mailcommsgroup.com\/en\/blog\/day-compliance-practical-rgpd\/#primaryimage"},"image":{"@id":"https:\/\/mailcommsgroup.com\/en\/blog\/day-compliance-practical-rgpd\/#primaryimage"},"thumbnailUrl":"https:\/\/mailcommsgroup.com\/wp-content\/uploads\/2017\/10\/jornada-cumplimiento-practico-RGPD.jpg","datePublished":"2017-10-16T13:37:24+00:00","dateModified":"2026-03-17T13:38:55+00:00","description":"We look forward to seeing you on October 25 at the Torre de Cristal (Madrid) to attend the conference on practical compliance with the GDPR.","breadcrumb":{"@id":"https:\/\/mailcommsgroup.com\/en\/blog\/day-compliance-practical-rgpd\/#breadcrumb"},"inLanguage":"en-US","potentialAction":[{"@type":"ReadAction","target":["https:\/\/mailcommsgroup.com\/en\/blog\/day-compliance-practical-rgpd\/"]}]},{"@type":"ImageObject","inLanguage":"en-US","@id":"https:\/\/mailcommsgroup.com\/en\/blog\/day-compliance-practical-rgpd\/#primaryimage","url":"https:\/\/mailcommsgroup.com\/wp-content\/uploads\/2017\/10\/jornada-cumplimiento-practico-RGPD.jpg","contentUrl":"https:\/\/mailcommsgroup.com\/wp-content\/uploads\/2017\/10\/jornada-cumplimiento-practico-RGPD.jpg","width":892,"height":623,"caption":"jornada cumplimiento practico RGPD"},{"@type":"BreadcrumbList","@id":"https:\/\/mailcommsgroup.com\/en\/blog\/day-compliance-practical-rgpd\/#breadcrumb","itemListElement":[{"@type":"ListItem","position":1,"name":"Mailcomms Group","item":"https:\/\/mailcommsgroup.com\/en\/"},{"@type":"ListItem","position":2,"name":"Blog","item":"https:\/\/mailcommsgroup.com\/en\/blog\/"},{"@type":"ListItem","position":3,"name":"We look forward to seeing you at our conference on practical compliance with the GDPR."}]},{"@type":"WebSite","@id":"https:\/\/mailcommsgroup.com\/en\/#website","url":"https:\/\/mailcommsgroup.com\/en\/","name":"MailComms Group","description":"La transformaci\u00f3n digital a trav\u00e9s de la comunicaci\u00f3n omnicanal, con plena validez legal.","publisher":{"@id":"https:\/\/mailcommsgroup.com\/en\/#organization"},"alternateName":"MailComms Group","potentialAction":[{"@type":"SearchAction","target":{"@type":"EntryPoint","urlTemplate":"https:\/\/mailcommsgroup.com\/en\/?s={search_term_string}"},"query-input":{"@type":"PropertyValueSpecification","valueRequired":true,"valueName":"search_term_string"}}],"inLanguage":"en-US"},{"@type":"Organization","@id":"https:\/\/mailcommsgroup.com\/en\/#organization","name":"MailComms Group - Soluciones de comunicaci\u00f3n omnicanal con validez legal.","alternateName":"MailComms Group","url":"https:\/\/mailcommsgroup.com\/en\/","logo":{"@type":"ImageObject","inLanguage":"en-US","@id":"https:\/\/mailcommsgroup.com\/en\/#\/schema\/logo\/image\/","url":"https:\/\/mailcommsgroup.com\/wp-content\/uploads\/2023\/05\/icon_mini_mailcommsgroup.png","contentUrl":"https:\/\/mailcommsgroup.com\/wp-content\/uploads\/2023\/05\/icon_mini_mailcommsgroup.png","width":512,"height":512,"caption":"MailComms Group - Soluciones de comunicaci\u00f3n omnicanal con validez legal."},"image":{"@id":"https:\/\/mailcommsgroup.com\/en\/#\/schema\/logo\/image\/"},"sameAs":["https:\/\/x.com\/CommsCustomer","https:\/\/www.linkedin.com\/company\/customercomms\/","https:\/\/www.youtube.com\/channel\/UCtvYLee1QHy89JS2-gMgnTQ"]},{"@type":"Person","@id":"https:\/\/mailcommsgroup.com\/en\/#\/schema\/person\/6799e99cdeee9ce953ed50904934b214","name":"Alberto Fidalgo","image":{"@type":"ImageObject","inLanguage":"en-US","@id":"https:\/\/secure.gravatar.com\/avatar\/07374327d8d60a1440477fa10cc0814f17489e1966c53b410a3c737bd8c4ceec?s=96&d=mm&r=g","url":"https:\/\/secure.gravatar.com\/avatar\/07374327d8d60a1440477fa10cc0814f17489e1966c53b410a3c737bd8c4ceec?s=96&d=mm&r=g","contentUrl":"https:\/\/secure.gravatar.com\/avatar\/07374327d8d60a1440477fa10cc0814f17489e1966c53b410a3c737bd8c4ceec?s=96&d=mm&r=g","caption":"Alberto Fidalgo"},"url":"https:\/\/mailcommsgroup.com\/en\/blog\/author\/alberto\/"}]}},"_links":{"self":[{"href":"https:\/\/mailcommsgroup.com\/en\/wp-json\/wp\/v2\/posts\/22801","targetHints":{"allow":["GET"]}}],"collection":[{"href":"https:\/\/mailcommsgroup.com\/en\/wp-json\/wp\/v2\/posts"}],"about":[{"href":"https:\/\/mailcommsgroup.com\/en\/wp-json\/wp\/v2\/types\/post"}],"author":[{"embeddable":true,"href":"https:\/\/mailcommsgroup.com\/en\/wp-json\/wp\/v2\/users\/13"}],"replies":[{"embeddable":true,"href":"https:\/\/mailcommsgroup.com\/en\/wp-json\/wp\/v2\/comments?post=22801"}],"version-history":[{"count":5,"href":"https:\/\/mailcommsgroup.com\/en\/wp-json\/wp\/v2\/posts\/22801\/revisions"}],"predecessor-version":[{"id":44144,"href":"https:\/\/mailcommsgroup.com\/en\/wp-json\/wp\/v2\/posts\/22801\/revisions\/44144"}],"wp:featuredmedia":[{"embeddable":true,"href":"https:\/\/mailcommsgroup.com\/en\/wp-json\/wp\/v2\/media\/6393"}],"wp:attachment":[{"href":"https:\/\/mailcommsgroup.com\/en\/wp-json\/wp\/v2\/media?parent=22801"}],"wp:term":[{"taxonomy":"category","embeddable":true,"href":"https:\/\/mailcommsgroup.com\/en\/wp-json\/wp\/v2\/categories?post=22801"}],"curies":[{"name":"wp","href":"https:\/\/api.w.org\/{rel}","templated":true}]}}