{"id":21916,"date":"2020-12-17T18:36:16","date_gmt":"2020-12-17T17:36:16","guid":{"rendered":"https:\/\/mailcommsgroup.com\/blog\/this-christmas-everyone-at-your-own-side-with-save-the-children-participates\/"},"modified":"2023-09-08T09:37:33","modified_gmt":"2023-09-08T07:37:33","slug":"this-christmas-everyone-at-your-own-side-with-save-the-children-participates","status":"publish","type":"post","link":"https:\/\/mailcommsgroup.com\/en\/blog\/this-christmas-everyone-at-your-own-side-with-save-the-children-participates\/","title":{"rendered":"This Christmas, stand with Save the Children. Are you a participant?"},"content":{"rendered":"<div class=\"wpb-content-wrapper\"><p>[vc_row type=&#8221;grid&#8221;][vc_column dp_animation=&#8221;&#8221;][vc_column_text dp_animation=&#8221;&#8221;]<\/p>\n<h2>Each of our customers will only have to click on a button to request that we at MailTecK &amp; Customer Comms donate for them.<\/h2>\n<p>[\/vc_column_text][vc_single_image image=&#8221;5050&#8243; img_size=&#8221;full&#8221; alignment=&#8221;right&#8221; dp_animation=&#8221;&#8221; alt=&#8221;Marian Garc\u00eda Benito &#8211; Marketing Product Manager&#8221;][vc_column_text dp_animation=&#8221;&#8221;]With &#8220;A tu lado&#8221;, Save the Children seeks to improve the living conditions of those who are  <strong>children living in Spain in families below the poverty line.<\/strong>  The situation of these vulnerable children has worsened due to the pandemic caused by the coronavirus, the measures to alleviate contagion and the problems it is causing for the country&#8217;s economy. And Save the Children has identified several areas to work on:[\/vc_column_text][\/vc_column][\/vc_row][vc_row type=&#8221;grid&#8221;][vc_column dp_animation=&#8221;&#8221;][vc_column_text dp_animation=&#8221;&#8221;]<\/p>\n<ul>\n<li>Education: the digital divide and the sometimes difficult access to devices such as computers and tablets (40.8% of the families in the program do not have any of them) has deepened the inequality of opportunities in education during confinement, which directly influences their future.<\/li>\n<li>Child violence: measures of confinement in the home led to an increase in cases of child violence. During this time, the victims and the aggressors had to live together and the subsequent economic crisis worsened the situation.<\/li>\n<li>Helpline Contigo: this is a telephone and chat helpline to provide psychological and emotional support to children included in the program. If the child chooses, it is conducted confidentially and anonymously.<\/li>\n<li>Fight against poverty: 1 in 3 children live below the poverty line and the economic crisis generated by the pandemic is expected to worsen this situation. This is a generic objective in which we work with boys and girls and also in the family as a whole.<\/li>\n<\/ul>\n<p>[\/vc_column_text][\/vc_column][\/vc_row][vc_row type=&#8221;grid&#8221;][vc_column dp_animation=&#8221;&#8221;][vc_column_text dp_animation=&#8221;&#8221;]<\/p>\n<blockquote><p>What we are doing is, once again, dedicating the budget that years ago we would have spent on Christmas gifts to investing in welfare. This year we have been very close to the companies that work with us and are struggling with the pandemic, and we have set out to help, to the best of our ability, the people who need it most. To this end, we have decided to join the Save the Children campaign, as on other occasions we have joined forces with Aldeas Infantiles, Unicef, M\u00e9decins Sans Fronti\u00e8res and the Red Cross,&#8221; says Javier Echebarria, CEO of MailTecK and Custommer Comms.<\/p><\/blockquote>\n<p>[\/vc_column_text][vc_column_text]If you want to personally collaborate with Save the Children&#8217;s &#8220;A tu lado&#8221; program, you can make your personal contribution here.[\/vc_column_text][vc_btn title=&#8221;I WANT TO COLLABORATE&#8221; style=&#8221;classic&#8221; shape=&#8221;round&#8221; size=&#8221;lg&#8221; align=&#8221;left&#8221; link=&#8221;url:https%3A%2F%2Fwww.savethechildren.es%2Fdonacion-ong%2Ftu-lado-dona-hoy-y-regala-esperanza-llamamiento-maiteck|&#8221; el_class=&#8221;boton-blog&#8221;][\/vc_column][\/vc_row]<\/p>\n<\/div>","protected":false},"excerpt":{"rendered":"<p>To achieve this, we are going to collaborate with one of the most renowned NGOs, Save the Children, and also count on the complicity of our customers. As in recent years, we have sent them an email to explain our choice to dedicate our Christmas gift budget to the &#8220;A tu lado&#8221; program, developed by the NGO.  <\/p>\n","protected":false},"author":1,"featured_media":5051,"comment_status":"closed","ping_status":"closed","sticky":false,"template":"","format":"standard","meta":{"_acf_changed":false,"footnotes":""},"categories":[482],"class_list":["post-21916","post","type-post","status-publish","format-standard","has-post-thumbnail","hentry","category-corporate-news"],"acf":[],"yoast_head":"<!-- This site is optimized with the Yoast SEO plugin v27.2 - https:\/\/yoast.com\/product\/yoast-seo-wordpress\/ -->\n<title>This Christmas, stand with Save the Children. Are you a participant?<\/title>\n<meta name=\"description\" content=\"To achieve this, we will collaborate with Save the Children and also count on the complicity of our customers.\" \/>\n<meta name=\"robots\" content=\"index, follow, max-snippet:-1, max-image-preview:large, max-video-preview:-1\" \/>\n<link rel=\"canonical\" href=\"https:\/\/mailcommsgroup.com\/en\/blog\/this-christmas-everyone-at-your-own-side-with-save-the-children-participates\/\" \/>\n<meta property=\"og:locale\" content=\"en_US\" \/>\n<meta property=\"og:type\" content=\"article\" \/>\n<meta property=\"og:title\" content=\"This Christmas, stand with Save the Children. Are you a participant?\" \/>\n<meta property=\"og:description\" content=\"To achieve this, we will collaborate with Save the Children and also count on the complicity of our customers.\" \/>\n<meta property=\"og:url\" content=\"https:\/\/mailcommsgroup.com\/en\/blog\/this-christmas-everyone-at-your-own-side-with-save-the-children-participates\/\" \/>\n<meta property=\"og:site_name\" content=\"Mailcomms Group\" \/>\n<meta property=\"article:published_time\" content=\"2020-12-17T17:36:16+00:00\" \/>\n<meta property=\"article:modified_time\" content=\"2023-09-08T07:37:33+00:00\" \/>\n<meta property=\"og:image\" content=\"https:\/\/mailcommsgroup.com\/wp-content\/uploads\/2020\/12\/que-nadie-quede-atras-save-the-children.jpg\" \/>\n\t<meta property=\"og:image:width\" content=\"892\" \/>\n\t<meta property=\"og:image:height\" content=\"623\" \/>\n\t<meta property=\"og:image:type\" content=\"image\/jpeg\" \/>\n<meta name=\"author\" content=\"Mailcomms Group\" \/>\n<meta name=\"twitter:card\" content=\"summary_large_image\" \/>\n<meta name=\"twitter:title\" content=\"11\" \/>\n<meta name=\"twitter:creator\" content=\"@CommsCustomer\" \/>\n<meta name=\"twitter:site\" content=\"@CommsCustomer\" \/>\n<meta name=\"twitter:label1\" content=\"Written by\" \/>\n\t<meta name=\"twitter:data1\" content=\"Mailcomms Group\" \/>\n\t<meta name=\"twitter:label2\" content=\"Est. reading time\" \/>\n\t<meta name=\"twitter:data2\" content=\"2 minutes\" \/>\n<script type=\"application\/ld+json\" class=\"yoast-schema-graph\">{\"@context\":\"https:\/\/schema.org\",\"@graph\":[{\"@type\":\"Article\",\"@id\":\"https:\/\/mailcommsgroup.com\/en\/blog\/this-christmas-everyone-at-your-own-side-with-save-the-children-participates\/#article\",\"isPartOf\":{\"@id\":\"https:\/\/mailcommsgroup.com\/en\/blog\/this-christmas-everyone-at-your-own-side-with-save-the-children-participates\/\"},\"author\":{\"name\":\"Mailcomms Group\",\"@id\":\"https:\/\/mailcommsgroup.com\/en\/#\/schema\/person\/c3a3ecfc795ade78319e6b1af9d65684\"},\"headline\":\"This Christmas, stand with Save the Children. Are you a participant?\",\"datePublished\":\"2020-12-17T17:36:16+00:00\",\"dateModified\":\"2023-09-08T07:37:33+00:00\",\"mainEntityOfPage\":{\"@id\":\"https:\/\/mailcommsgroup.com\/en\/blog\/this-christmas-everyone-at-your-own-side-with-save-the-children-participates\/\"},\"wordCount\":511,\"publisher\":{\"@id\":\"https:\/\/mailcommsgroup.com\/en\/#organization\"},\"image\":{\"@id\":\"https:\/\/mailcommsgroup.com\/en\/blog\/this-christmas-everyone-at-your-own-side-with-save-the-children-participates\/#primaryimage\"},\"thumbnailUrl\":\"https:\/\/mailcommsgroup.com\/wp-content\/uploads\/2020\/12\/que-nadie-quede-atras-save-the-children.jpg\",\"articleSection\":[\"Corporate News\"],\"inLanguage\":\"en-US\"},{\"@type\":\"WebPage\",\"@id\":\"https:\/\/mailcommsgroup.com\/en\/blog\/this-christmas-everyone-at-your-own-side-with-save-the-children-participates\/\",\"url\":\"https:\/\/mailcommsgroup.com\/en\/blog\/this-christmas-everyone-at-your-own-side-with-save-the-children-participates\/\",\"name\":\"This Christmas, stand with Save the Children. Are you a participant?\",\"isPartOf\":{\"@id\":\"https:\/\/mailcommsgroup.com\/en\/#website\"},\"primaryImageOfPage\":{\"@id\":\"https:\/\/mailcommsgroup.com\/en\/blog\/this-christmas-everyone-at-your-own-side-with-save-the-children-participates\/#primaryimage\"},\"image\":{\"@id\":\"https:\/\/mailcommsgroup.com\/en\/blog\/this-christmas-everyone-at-your-own-side-with-save-the-children-participates\/#primaryimage\"},\"thumbnailUrl\":\"https:\/\/mailcommsgroup.com\/wp-content\/uploads\/2020\/12\/que-nadie-quede-atras-save-the-children.jpg\",\"datePublished\":\"2020-12-17T17:36:16+00:00\",\"dateModified\":\"2023-09-08T07:37:33+00:00\",\"description\":\"To achieve this, we will collaborate with Save the Children and also count on the complicity of our customers.\",\"breadcrumb\":{\"@id\":\"https:\/\/mailcommsgroup.com\/en\/blog\/this-christmas-everyone-at-your-own-side-with-save-the-children-participates\/#breadcrumb\"},\"inLanguage\":\"en-US\",\"potentialAction\":[{\"@type\":\"ReadAction\",\"target\":[\"https:\/\/mailcommsgroup.com\/en\/blog\/this-christmas-everyone-at-your-own-side-with-save-the-children-participates\/\"]}]},{\"@type\":\"ImageObject\",\"inLanguage\":\"en-US\",\"@id\":\"https:\/\/mailcommsgroup.com\/en\/blog\/this-christmas-everyone-at-your-own-side-with-save-the-children-participates\/#primaryimage\",\"url\":\"https:\/\/mailcommsgroup.com\/wp-content\/uploads\/2020\/12\/que-nadie-quede-atras-save-the-children.jpg\",\"contentUrl\":\"https:\/\/mailcommsgroup.com\/wp-content\/uploads\/2020\/12\/que-nadie-quede-atras-save-the-children.jpg\",\"width\":892,\"height\":623,\"caption\":\"#quenadiequedeatr\u00e1s Save the children\"},{\"@type\":\"BreadcrumbList\",\"@id\":\"https:\/\/mailcommsgroup.com\/en\/blog\/this-christmas-everyone-at-your-own-side-with-save-the-children-participates\/#breadcrumb\",\"itemListElement\":[{\"@type\":\"ListItem\",\"position\":1,\"name\":\"Mailcomms Group\",\"item\":\"https:\/\/mailcommsgroup.com\/en\/\"},{\"@type\":\"ListItem\",\"position\":2,\"name\":\"Blog\",\"item\":\"https:\/\/mailcommsgroup.com\/en\/blog\/\"},{\"@type\":\"ListItem\",\"position\":3,\"name\":\"This Christmas, stand with Save the Children. Are you a participant?\"}]},{\"@type\":\"WebSite\",\"@id\":\"https:\/\/mailcommsgroup.com\/en\/#website\",\"url\":\"https:\/\/mailcommsgroup.com\/en\/\",\"name\":\"MailComms Group\",\"description\":\"La transformaci\u00f3n digital a trav\u00e9s de la comunicaci\u00f3n omnicanal, con plena validez legal.\",\"publisher\":{\"@id\":\"https:\/\/mailcommsgroup.com\/en\/#organization\"},\"alternateName\":\"MailComms Group\",\"potentialAction\":[{\"@type\":\"SearchAction\",\"target\":{\"@type\":\"EntryPoint\",\"urlTemplate\":\"https:\/\/mailcommsgroup.com\/en\/?s={search_term_string}\"},\"query-input\":{\"@type\":\"PropertyValueSpecification\",\"valueRequired\":true,\"valueName\":\"search_term_string\"}}],\"inLanguage\":\"en-US\"},{\"@type\":\"Organization\",\"@id\":\"https:\/\/mailcommsgroup.com\/en\/#organization\",\"name\":\"MailComms Group - Soluciones de comunicaci\u00f3n omnicanal con validez legal.\",\"alternateName\":\"MailComms Group\",\"url\":\"https:\/\/mailcommsgroup.com\/en\/\",\"logo\":{\"@type\":\"ImageObject\",\"inLanguage\":\"en-US\",\"@id\":\"https:\/\/mailcommsgroup.com\/en\/#\/schema\/logo\/image\/\",\"url\":\"https:\/\/mailcommsgroup.com\/wp-content\/uploads\/2023\/05\/icon_mini_mailcommsgroup.png\",\"contentUrl\":\"https:\/\/mailcommsgroup.com\/wp-content\/uploads\/2023\/05\/icon_mini_mailcommsgroup.png\",\"width\":512,\"height\":512,\"caption\":\"MailComms Group - Soluciones de comunicaci\u00f3n omnicanal con validez legal.\"},\"image\":{\"@id\":\"https:\/\/mailcommsgroup.com\/en\/#\/schema\/logo\/image\/\"},\"sameAs\":[\"https:\/\/x.com\/CommsCustomer\",\"https:\/\/www.linkedin.com\/company\/customercomms\/\",\"https:\/\/www.youtube.com\/channel\/UCtvYLee1QHy89JS2-gMgnTQ\"]},{\"@type\":\"Person\",\"@id\":\"https:\/\/mailcommsgroup.com\/en\/#\/schema\/person\/c3a3ecfc795ade78319e6b1af9d65684\",\"name\":\"Mailcomms Group\",\"image\":{\"@type\":\"ImageObject\",\"inLanguage\":\"en-US\",\"@id\":\"https:\/\/secure.gravatar.com\/avatar\/f4012bdfd3c1190166ba510602a508ab2a504cafc93cf37f0c8cbdc54e85846a?s=96&d=mm&r=g\",\"url\":\"https:\/\/secure.gravatar.com\/avatar\/f4012bdfd3c1190166ba510602a508ab2a504cafc93cf37f0c8cbdc54e85846a?s=96&d=mm&r=g\",\"contentUrl\":\"https:\/\/secure.gravatar.com\/avatar\/f4012bdfd3c1190166ba510602a508ab2a504cafc93cf37f0c8cbdc54e85846a?s=96&d=mm&r=g\",\"caption\":\"Mailcomms Group\"},\"sameAs\":[\"https:\/\/mailcommsgroup.com\"],\"url\":\"https:\/\/mailcommsgroup.com\/en\/blog\/author\/ntrwrks_ccmms\/\"}]}<\/script>\n<!-- \/ Yoast SEO plugin. -->","yoast_head_json":{"title":"This Christmas, stand with Save the Children. Are you a participant?","description":"To achieve this, we will collaborate with Save the Children and also count on the complicity of our customers.","robots":{"index":"index","follow":"follow","max-snippet":"max-snippet:-1","max-image-preview":"max-image-preview:large","max-video-preview":"max-video-preview:-1"},"canonical":"https:\/\/mailcommsgroup.com\/en\/blog\/this-christmas-everyone-at-your-own-side-with-save-the-children-participates\/","og_locale":"en_US","og_type":"article","og_title":"This Christmas, stand with Save the Children. Are you a participant?","og_description":"To achieve this, we will collaborate with Save the Children and also count on the complicity of our customers.","og_url":"https:\/\/mailcommsgroup.com\/en\/blog\/this-christmas-everyone-at-your-own-side-with-save-the-children-participates\/","og_site_name":"Mailcomms Group","article_published_time":"2020-12-17T17:36:16+00:00","article_modified_time":"2023-09-08T07:37:33+00:00","og_image":[{"width":892,"height":623,"url":"https:\/\/mailcommsgroup.com\/wp-content\/uploads\/2020\/12\/que-nadie-quede-atras-save-the-children.jpg","type":"image\/jpeg"}],"author":"Mailcomms Group","twitter_card":"summary_large_image","twitter_title":"11","twitter_creator":"@CommsCustomer","twitter_site":"@CommsCustomer","twitter_misc":{"Written by":"Mailcomms Group","Est. reading time":"2 minutes"},"schema":{"@context":"https:\/\/schema.org","@graph":[{"@type":"Article","@id":"https:\/\/mailcommsgroup.com\/en\/blog\/this-christmas-everyone-at-your-own-side-with-save-the-children-participates\/#article","isPartOf":{"@id":"https:\/\/mailcommsgroup.com\/en\/blog\/this-christmas-everyone-at-your-own-side-with-save-the-children-participates\/"},"author":{"name":"Mailcomms Group","@id":"https:\/\/mailcommsgroup.com\/en\/#\/schema\/person\/c3a3ecfc795ade78319e6b1af9d65684"},"headline":"This Christmas, stand with Save the Children. Are you a participant?","datePublished":"2020-12-17T17:36:16+00:00","dateModified":"2023-09-08T07:37:33+00:00","mainEntityOfPage":{"@id":"https:\/\/mailcommsgroup.com\/en\/blog\/this-christmas-everyone-at-your-own-side-with-save-the-children-participates\/"},"wordCount":511,"publisher":{"@id":"https:\/\/mailcommsgroup.com\/en\/#organization"},"image":{"@id":"https:\/\/mailcommsgroup.com\/en\/blog\/this-christmas-everyone-at-your-own-side-with-save-the-children-participates\/#primaryimage"},"thumbnailUrl":"https:\/\/mailcommsgroup.com\/wp-content\/uploads\/2020\/12\/que-nadie-quede-atras-save-the-children.jpg","articleSection":["Corporate News"],"inLanguage":"en-US"},{"@type":"WebPage","@id":"https:\/\/mailcommsgroup.com\/en\/blog\/this-christmas-everyone-at-your-own-side-with-save-the-children-participates\/","url":"https:\/\/mailcommsgroup.com\/en\/blog\/this-christmas-everyone-at-your-own-side-with-save-the-children-participates\/","name":"This Christmas, stand with Save the Children. Are you a participant?","isPartOf":{"@id":"https:\/\/mailcommsgroup.com\/en\/#website"},"primaryImageOfPage":{"@id":"https:\/\/mailcommsgroup.com\/en\/blog\/this-christmas-everyone-at-your-own-side-with-save-the-children-participates\/#primaryimage"},"image":{"@id":"https:\/\/mailcommsgroup.com\/en\/blog\/this-christmas-everyone-at-your-own-side-with-save-the-children-participates\/#primaryimage"},"thumbnailUrl":"https:\/\/mailcommsgroup.com\/wp-content\/uploads\/2020\/12\/que-nadie-quede-atras-save-the-children.jpg","datePublished":"2020-12-17T17:36:16+00:00","dateModified":"2023-09-08T07:37:33+00:00","description":"To achieve this, we will collaborate with Save the Children and also count on the complicity of our customers.","breadcrumb":{"@id":"https:\/\/mailcommsgroup.com\/en\/blog\/this-christmas-everyone-at-your-own-side-with-save-the-children-participates\/#breadcrumb"},"inLanguage":"en-US","potentialAction":[{"@type":"ReadAction","target":["https:\/\/mailcommsgroup.com\/en\/blog\/this-christmas-everyone-at-your-own-side-with-save-the-children-participates\/"]}]},{"@type":"ImageObject","inLanguage":"en-US","@id":"https:\/\/mailcommsgroup.com\/en\/blog\/this-christmas-everyone-at-your-own-side-with-save-the-children-participates\/#primaryimage","url":"https:\/\/mailcommsgroup.com\/wp-content\/uploads\/2020\/12\/que-nadie-quede-atras-save-the-children.jpg","contentUrl":"https:\/\/mailcommsgroup.com\/wp-content\/uploads\/2020\/12\/que-nadie-quede-atras-save-the-children.jpg","width":892,"height":623,"caption":"#quenadiequedeatr\u00e1s Save the children"},{"@type":"BreadcrumbList","@id":"https:\/\/mailcommsgroup.com\/en\/blog\/this-christmas-everyone-at-your-own-side-with-save-the-children-participates\/#breadcrumb","itemListElement":[{"@type":"ListItem","position":1,"name":"Mailcomms Group","item":"https:\/\/mailcommsgroup.com\/en\/"},{"@type":"ListItem","position":2,"name":"Blog","item":"https:\/\/mailcommsgroup.com\/en\/blog\/"},{"@type":"ListItem","position":3,"name":"This Christmas, stand with Save the Children. Are you a participant?"}]},{"@type":"WebSite","@id":"https:\/\/mailcommsgroup.com\/en\/#website","url":"https:\/\/mailcommsgroup.com\/en\/","name":"MailComms Group","description":"La transformaci\u00f3n digital a trav\u00e9s de la comunicaci\u00f3n omnicanal, con plena validez legal.","publisher":{"@id":"https:\/\/mailcommsgroup.com\/en\/#organization"},"alternateName":"MailComms Group","potentialAction":[{"@type":"SearchAction","target":{"@type":"EntryPoint","urlTemplate":"https:\/\/mailcommsgroup.com\/en\/?s={search_term_string}"},"query-input":{"@type":"PropertyValueSpecification","valueRequired":true,"valueName":"search_term_string"}}],"inLanguage":"en-US"},{"@type":"Organization","@id":"https:\/\/mailcommsgroup.com\/en\/#organization","name":"MailComms Group - Soluciones de comunicaci\u00f3n omnicanal con validez legal.","alternateName":"MailComms Group","url":"https:\/\/mailcommsgroup.com\/en\/","logo":{"@type":"ImageObject","inLanguage":"en-US","@id":"https:\/\/mailcommsgroup.com\/en\/#\/schema\/logo\/image\/","url":"https:\/\/mailcommsgroup.com\/wp-content\/uploads\/2023\/05\/icon_mini_mailcommsgroup.png","contentUrl":"https:\/\/mailcommsgroup.com\/wp-content\/uploads\/2023\/05\/icon_mini_mailcommsgroup.png","width":512,"height":512,"caption":"MailComms Group - Soluciones de comunicaci\u00f3n omnicanal con validez legal."},"image":{"@id":"https:\/\/mailcommsgroup.com\/en\/#\/schema\/logo\/image\/"},"sameAs":["https:\/\/x.com\/CommsCustomer","https:\/\/www.linkedin.com\/company\/customercomms\/","https:\/\/www.youtube.com\/channel\/UCtvYLee1QHy89JS2-gMgnTQ"]},{"@type":"Person","@id":"https:\/\/mailcommsgroup.com\/en\/#\/schema\/person\/c3a3ecfc795ade78319e6b1af9d65684","name":"Mailcomms Group","image":{"@type":"ImageObject","inLanguage":"en-US","@id":"https:\/\/secure.gravatar.com\/avatar\/f4012bdfd3c1190166ba510602a508ab2a504cafc93cf37f0c8cbdc54e85846a?s=96&d=mm&r=g","url":"https:\/\/secure.gravatar.com\/avatar\/f4012bdfd3c1190166ba510602a508ab2a504cafc93cf37f0c8cbdc54e85846a?s=96&d=mm&r=g","contentUrl":"https:\/\/secure.gravatar.com\/avatar\/f4012bdfd3c1190166ba510602a508ab2a504cafc93cf37f0c8cbdc54e85846a?s=96&d=mm&r=g","caption":"Mailcomms Group"},"sameAs":["https:\/\/mailcommsgroup.com"],"url":"https:\/\/mailcommsgroup.com\/en\/blog\/author\/ntrwrks_ccmms\/"}]}},"_links":{"self":[{"href":"https:\/\/mailcommsgroup.com\/en\/wp-json\/wp\/v2\/posts\/21916","targetHints":{"allow":["GET"]}}],"collection":[{"href":"https:\/\/mailcommsgroup.com\/en\/wp-json\/wp\/v2\/posts"}],"about":[{"href":"https:\/\/mailcommsgroup.com\/en\/wp-json\/wp\/v2\/types\/post"}],"author":[{"embeddable":true,"href":"https:\/\/mailcommsgroup.com\/en\/wp-json\/wp\/v2\/users\/1"}],"replies":[{"embeddable":true,"href":"https:\/\/mailcommsgroup.com\/en\/wp-json\/wp\/v2\/comments?post=21916"}],"version-history":[{"count":10,"href":"https:\/\/mailcommsgroup.com\/en\/wp-json\/wp\/v2\/posts\/21916\/revisions"}],"predecessor-version":[{"id":21992,"href":"https:\/\/mailcommsgroup.com\/en\/wp-json\/wp\/v2\/posts\/21916\/revisions\/21992"}],"wp:featuredmedia":[{"embeddable":true,"href":"https:\/\/mailcommsgroup.com\/en\/wp-json\/wp\/v2\/media\/5051"}],"wp:attachment":[{"href":"https:\/\/mailcommsgroup.com\/en\/wp-json\/wp\/v2\/media?parent=21916"}],"wp:term":[{"taxonomy":"category","embeddable":true,"href":"https:\/\/mailcommsgroup.com\/en\/wp-json\/wp\/v2\/categories?post=21916"}],"curies":[{"name":"wp","href":"https:\/\/api.w.org\/{rel}","templated":true}]}}